{"id":11802,"date":"2013-09-19T10:51:00","date_gmt":"2013-09-19T07:51:00","guid":{"rendered":"http:\/\/www.bbyhaber.com\/bby\/?p=11802"},"modified":"2013-09-19T11:04:40","modified_gmt":"2013-09-19T08:04:40","slug":"kutuphaneciler-arasindaki-ucret-farki-ali-fuat-kartal","status":"publish","type":"post","link":"https:\/\/www.bbyhaber.com\/bby\/2013\/09\/19\/kutuphaneciler-arasindaki-ucret-farki-ali-fuat-kartal","title":{"rendered":"K\u00fct\u00fcphaneciler aras\u0131ndaki \u00fccret fark\u0131-Ali Fuat KARTAL"},"content":{"rendered":"<p style=\"text-align: justify;\"><a href=\"http:\/\/www.bbyhaber.com\/bby\/wp-content\/uploads\/2013\/09\/bbyozluk.jpg\"><img loading=\"lazy\" decoding=\"async\" class=\"alignleft size-medium wp-image-11803\" title=\"bbyozluk\" src=\"http:\/\/www.bbyhaber.com\/bby\/wp-content\/uploads\/2013\/09\/bbyozluk.jpg\" alt=\"\" width=\"243\" height=\"100\" \/><\/a>K\u00fct\u00fcphanecilerin Teknik Hizmetler S\u0131n\u0131f\u0131na ge\u00e7meleri ile birlikte, kamu kurumlar\u0131ndaki k\u00fct\u00fcphaneler ile vak\u0131f \u00fcniversiteleri k\u00fct\u00fcphanelerinde \u00e7al\u0131\u015fan meslekta\u015flar\u0131m\u0131z aras\u0131nda meydana gelen \u00fccret fark\u0131 giderek artmaktad\u0131r. Bu ba\u011flamda TKD, vak\u0131f \u00fcniversiteleri rekt\u00f6rlerine resmi yaz\u0131 g\u00f6ndermi\u015ftir. Yaz\u0131n\u0131n detay\u0131 a\u015fa\u011f\u0131dad\u0131r:<!--more--><\/p>\n<p style=\"text-align: justify;\">&#8220;\u00dcniversiteler, temel ama\u00e7lar\u0131ndan olan e\u011fitim ve ara\u015ft\u0131rma i\u015flevlerini yerine getirebilmek i\u00e7in bilgi kaynaklar\u0131na gereksinim duyarlar. Bu gereksinim, bilgi kaynaklar\u0131n\u0131n bilin\u00e7li bir planlama do\u011frultusunda sa\u011fland\u0131\u011f\u0131, d\u00fczenlendi\u011fi ve onlardan en \u00fcst d\u00fczeyde yarar\u0131n sa\u011flanmas\u0131 i\u00e7in \u00e7e\u015fitli hizmetlerin verildi\u011fi k\u00fct\u00fcphane kurumunu, \u00fcniversitelerin ayr\u0131lmaz bir par\u00e7as\u0131 haline getirmektedir. Bir \u00fcniversitenin niteli\u011fi ve yeterlili\u011finin \u00fcniversitenin merkez birimi olan k\u00fct\u00fcphaneye yakla\u015f\u0131m\u0131yla \u00f6l\u00e7\u00fcld\u00fc\u011f\u00fc g\u00fcn\u00fcm\u00fczde, k\u00fct\u00fcphaneler \u00fcniversitelerin kalbi ya da beyni olarak an\u0131lmaktad\u0131r.<\/p>\n<p style=\"text-align: justify;\">Say\u0131n Rekt\u00f6r\u00fcm,<br \/>\n\u00dcniversite k\u00fct\u00fcphanesinin etkin olarak hizmet verebilmesi, sunulan e\u011fitim ve ger\u00e7ekle\u015ftirilen ara\u015ft\u0131rmalar\u0131 destekleyebilmesi i\u00e7in kurumun hizmet amac\u0131na uygun bir derme, bu dermeyi uzmanl\u0131k bilgileri ve mesleki tekniklerle d\u00fczenleyen ve hizmete sunan \u00dcniversitelerin Bilgi ve Belge Y\u00f6netimi B\u00f6l\u00fcmlerinde k\u00fct\u00fcphanecilik e\u011fitimi alm\u0131\u015f personel, k\u00fct\u00fcphanecilik hizmetlerini sunmaya uygun \u00e7a\u011fda\u015f bir bina ve yeterli bir b\u00fct\u00e7eye ihtiya\u00e7 vard\u0131r. Bu temel unsurlar g\u00f6z \u00f6n\u00fcne al\u0131nd\u0131\u011f\u0131nda; bir ka\u00e7 \u00f6rnek d\u0131\u015f\u0131nda T\u00fcrkiye\u2019deki \u00fcniversite k\u00fct\u00fcphanelerimizin arzu edilen d\u00fczeyde olmad\u0131\u011f\u0131 g\u00f6r\u00fclmektedir. 1954 y\u0131l\u0131ndan beri, \u00fcniversite d\u00fczeyinde s\u00fcrd\u00fcr\u00fclen k\u00fct\u00fcphanecilik e\u011fitimi ile \u00fclkemizin Bilgi Toplumu Stratejisi ve e-D\u00f6n\u00fc\u015f\u00fcm Projesi kapsam\u0131nda ihtiya\u00e7 duydu\u011fu teknik niteli\u011fe sahip \u201cbilgi ve belge y\u00f6neticileri\u201d yeti\u015ftirilmektedir.<\/p>\n<p style=\"text-align: justify;\">10 Aral\u0131k 2010 tarihli Resmi Gazete \u2019de yay\u0131nlanan Bakanlar Kurulu Karar\u0131 uyar\u0131nca\u00a0 \u201cTeknik Hizmetler S\u0131n\u0131f\u0131\u2019na al\u0131nan k\u00fct\u00fcphaneciler, kamu kurumlar\u0131na ba\u011fl\u0131 k\u00fct\u00fcphanelerde teknik personel kadrosunda g\u00f6rev yapmaktad\u0131rlar. Dolay\u0131s\u0131yla kamuda yeni g\u00f6reve ba\u015flayan bir k\u00fct\u00fcphaneci bug\u00fcn itibariyle 2.100 TL ile \u00fccret almaktad\u0131r. T\u00fcrk-\u0130\u015f\u2019in A\u011fustos ay\u0131 ara\u015ft\u0131rmas\u0131na g\u00f6re, d\u00f6rt ki\u015filik bir ailenin a\u00e7l\u0131k s\u0131n\u0131r\u0131n\u0131n 1.020, yoksulluk s\u0131n\u0131r\u0131n\u0131n ise 3.322 TL oldu\u011fu g\u00fcn\u00fcm\u00fczde, baz\u0131 vak\u0131f \u00fcniversiteleri neredeyse a\u00e7l\u0131k s\u0131n\u0131r\u0131nda k\u00fct\u00fcphaneci istihdam etmektedir. Dolay\u0131s\u0131yla vak\u0131f \u00fcniversitelerinde \u00e7al\u0131\u015fan k\u00fct\u00fcphanecilerin ald\u0131klar\u0131 \u00fccretler kamu k\u00fct\u00fcphanelerinde \u00e7al\u0131\u015fan meslekta\u015flar\u0131n\u0131n ald\u0131klar\u0131 \u00fccretin maalesef \u00e7ok gerisinde kalm\u0131\u015ft\u0131r.<\/p>\n<p style=\"text-align: justify;\">Kamu kurumlar\u0131ndaki k\u00fct\u00fcphaneler ile vak\u0131f \u00fcniversitelerinde \u00e7al\u0131\u015fanlar aras\u0131nda meydana gelen \u00fccret fark\u0131, bir yandan nitelikli personelin \u00f6zel sekt\u00f6rden kamuya ge\u00e7i\u015fini h\u0131zland\u0131r\u0131rken di\u011fer yandan mevcut personelin de moral ve motivasyonunu olumsuz etkilemeye devam etmektedir. Ayr\u0131ca haz\u0131rl\u0131k s\u0131n\u0131flar\u0131 dahil olmak \u00fczere 5 y\u0131l e\u011fitim alm\u0131\u015f bulunan meslekta\u015flar\u0131m\u0131z\u0131n kar\u015f\u0131 kar\u015f\u0131ya kald\u0131klar\u0131 \u00fccret adaletsizli\u011fi ayn\u0131 zamanda d\u00fcnyan\u0131n en eski mesleklerinden olan k\u00fct\u00fcphanecili\u011fin stat\u00fcs\u00fcn\u00fc ve sayg\u0131nl\u0131\u011f\u0131n\u0131 g\u00f6lgelemekte, k\u00fct\u00fcphane kavram\u0131n\u0131n toplum taraf\u0131ndan olumsuz alg\u0131lanmas\u0131na da neden olmaktad\u0131r.<\/p>\n<p style=\"text-align: justify;\">Bu ba\u011flamda \u00fcniversitenizde \u00e7al\u0131\u015fan meslekta\u015flar\u0131m\u0131z\u0131n mevcut olumsuz \u00fccret ko\u015fullar\u0131n\u0131n kamu k\u00fct\u00fcphanelerinde g\u00f6rev yapan k\u00fct\u00fcphanecilerin ald\u0131klar\u0131 \u00fccretler g\u00f6zetilerek iyile\u015ftirilmesi ve k\u00fct\u00fcphanelerinizde k\u00fct\u00fcphanecilik e\u011fitimi alm\u0131\u015f k\u00fct\u00fcphanecilerin istihdam\u0131na \u00f6ncelik verilmesi konusunda gerekli duyarl\u0131l\u0131\u011f\u0131 g\u00f6stermenizi diliyorum.&#8221;<\/p>\n<p style=\"text-align: justify;\">Sayg\u0131lar\u0131mla<br \/>\nAli Fuat Kartal<br \/>\nT\u00fcrk K\u00fct\u00fcphaneciler Derne\u011fi Genel Ba\u015fkan\u0131<\/p>\n","protected":false},"excerpt":{"rendered":"<p>K\u00fct\u00fcphanecilerin Teknik Hizmetler S\u0131n\u0131f\u0131na ge\u00e7meleri ile birlikte, kamu kurumlar\u0131ndaki k\u00fct\u00fcphaneler ile vak\u0131f \u00fcniversiteleri k\u00fct\u00fcphanelerinde \u00e7al\u0131\u015fan meslekta\u015flar\u0131m\u0131z aras\u0131nda meydana gelen \u00fccret fark\u0131 giderek artmaktad\u0131r. Bu ba\u011flamda TKD, vak\u0131f \u00fcniversiteleri rekt\u00f6rlerine resmi yaz\u0131 g\u00f6ndermi\u015ftir. Yaz\u0131n\u0131n detay\u0131 a\u015fa\u011f\u0131dad\u0131r:<\/p>\n","protected":false},"author":1,"featured_media":0,"comment_status":"open","ping_status":"open","sticky":false,"template":"","format":"standard","meta":{"footnotes":""},"categories":[1474,1,1505],"tags":[1398,51,50],"class_list":["post-11802","post","type-post","status-publish","format-standard","hentry","category-ali-fuat-kartal","category-genel","category-teknik-kadro","tag-bby-ozluk-haklari","tag-teknik-kadro-kutuphaneci","tag-ths-kutuphaneci"],"_links":{"self":[{"href":"https:\/\/www.bbyhaber.com\/bby\/wp-json\/wp\/v2\/posts\/11802"}],"collection":[{"href":"https:\/\/www.bbyhaber.com\/bby\/wp-json\/wp\/v2\/posts"}],"about":[{"href":"https:\/\/www.bbyhaber.com\/bby\/wp-json\/wp\/v2\/types\/post"}],"author":[{"embeddable":true,"href":"https:\/\/www.bbyhaber.com\/bby\/wp-json\/wp\/v2\/users\/1"}],"replies":[{"embeddable":true,"href":"https:\/\/www.bbyhaber.com\/bby\/wp-json\/wp\/v2\/comments?post=11802"}],"version-history":[{"count":0,"href":"https:\/\/www.bbyhaber.com\/bby\/wp-json\/wp\/v2\/posts\/11802\/revisions"}],"wp:attachment":[{"href":"https:\/\/www.bbyhaber.com\/bby\/wp-json\/wp\/v2\/media?parent=11802"}],"wp:term":[{"taxonomy":"category","embeddable":true,"href":"https:\/\/www.bbyhaber.com\/bby\/wp-json\/wp\/v2\/categories?post=11802"},{"taxonomy":"post_tag","embeddable":true,"href":"https:\/\/www.bbyhaber.com\/bby\/wp-json\/wp\/v2\/tags?post=11802"}],"curies":[{"name":"wp","href":"https:\/\/api.w.org\/{rel}","templated":true}]}}