{"id":11798,"date":"2013-09-19T00:10:28","date_gmt":"2013-09-18T21:10:28","guid":{"rendered":"http:\/\/www.bbyhaber.com\/bby\/?p=11798"},"modified":"2013-09-27T10:51:21","modified_gmt":"2013-09-27T07:51:21","slug":"salpazari-adliyesi-kutuphane-olacak-trabzon","status":"publish","type":"post","link":"https:\/\/www.bbyhaber.com\/bby\/2013\/09\/19\/salpazari-adliyesi-kutuphane-olacak-trabzon","title":{"rendered":"\u015ealpazar\u0131 Adliyesi K\u00fct\u00fcphane Olacak-Trabzon"},"content":{"rendered":"<p style=\"text-align: justify;\"><img loading=\"lazy\" decoding=\"async\" class=\"alignleft\" src=\"http:\/\/www.medyatrabzon.com\/d\/news\/104368.jpg\" alt=\"\" width=\"201\" height=\"111\" \/>\u0130l K\u00fclt\u00fcr ve Turizm M\u00fcd\u00fcr\u00fc \u0130smail Kans\u0131z, beraberindeki yard\u0131mc\u0131s\u0131 Feyhan Kurnaz ve \u0130l Halk K\u00fct\u00fcphanesi M\u00fcd\u00fcr\u00fc Ahmet Akg\u00fcn ile \u015ealpazar\u0131 il\u00e7esine gelerek, il\u00e7ede ge\u00e7en y\u0131l kapat\u0131lan ve k\u00fct\u00fcphaneye d\u00f6n\u00fc\u015ft\u00fcrn\u00fclecek olan \u015ealpazar\u0131 Adliyesi&#8217;ndeki \u00e7al\u0131\u015fmalar\u0131 inceledi. \u00c7al\u0131\u015fmalar hakk\u0131nda \u015ealpazar\u0131 K\u00fct\u00fcphane M\u00fcd\u00fcr\u00fc Sami Kayar&#8217;dan bilgi alan \u0130smail Kans\u0131z,<!--more--> \u00e7al\u0131\u015fmalarda \u015fu ana kadar 30 bin TL harcama yap\u0131ld\u0131\u011f\u0131n\u0131 ifade ederek, \u00e7al\u0131\u015fmalar\u0131 ve binay\u0131 \u00e7ok be\u011fendi\u011fini s\u00f6yledi.<\/p>\n<p style=\"text-align: justify;\">\u015ealpazar\u0131 \u0130l\u00e7e Halk K\u00fct\u00fcphanesi olarak hizmet verecek yap\u0131n\u0131n tadilat\u0131 tamamlanarak Kas\u0131m ay\u0131nda hizmete a\u00e7\u0131laca\u011f\u0131n\u0131 belirten Kans\u0131z; &#8220;Adliye koridorlar\u0131nda su\u00e7 ve su\u00e7lular olurdu. Ama \u015fimdi bu koridorlarda kitap okuyan, gelece\u011fe daha ayd\u0131nl\u0131k y\u00fczle bakan ve umudumuz olan \u00e7ocuklar\u0131 kitap okurken g\u00f6rmek bizleri sevindirecek. Ayr\u0131ca ihtiya\u00e7lar\u0131 devlet taraf\u0131ndan kar\u015f\u0131lanacak bu k\u00fct\u00fcphaneden herkes yararlanabilecek&#8221; diye konu\u015ftu.<\/p>\n<p>Kaynak:http:\/\/www.medyatrabzon.com<\/p>\n","protected":false},"excerpt":{"rendered":"<p>\u0130l K\u00fclt\u00fcr ve Turizm M\u00fcd\u00fcr\u00fc \u0130smail Kans\u0131z, beraberindeki yard\u0131mc\u0131s\u0131 Feyhan Kurnaz ve \u0130l Halk K\u00fct\u00fcphanesi M\u00fcd\u00fcr\u00fc Ahmet Akg\u00fcn ile \u015ealpazar\u0131 il\u00e7esine gelerek, il\u00e7ede ge\u00e7en y\u0131l kapat\u0131lan ve k\u00fct\u00fcphaneye d\u00f6n\u00fc\u015ft\u00fcrn\u00fclecek olan \u015ealpazar\u0131 Adliyesi&#8217;ndeki \u00e7al\u0131\u015fmalar\u0131 inceledi. \u00c7al\u0131\u015fmalar hakk\u0131nda \u015ealpazar\u0131 K\u00fct\u00fcphane M\u00fcd\u00fcr\u00fc Sami Kayar&#8217;dan bilgi alan \u0130smail Kans\u0131z,<\/p>\n","protected":false},"author":1,"featured_media":0,"comment_status":"open","ping_status":"open","sticky":false,"template":"","format":"standard","meta":{"footnotes":""},"categories":[1],"tags":[],"class_list":["post-11798","post","type-post","status-publish","format-standard","hentry","category-genel"],"_links":{"self":[{"href":"https:\/\/www.bbyhaber.com\/bby\/wp-json\/wp\/v2\/posts\/11798"}],"collection":[{"href":"https:\/\/www.bbyhaber.com\/bby\/wp-json\/wp\/v2\/posts"}],"about":[{"href":"https:\/\/www.bbyhaber.com\/bby\/wp-json\/wp\/v2\/types\/post"}],"author":[{"embeddable":true,"href":"https:\/\/www.bbyhaber.com\/bby\/wp-json\/wp\/v2\/users\/1"}],"replies":[{"embeddable":true,"href":"https:\/\/www.bbyhaber.com\/bby\/wp-json\/wp\/v2\/comments?post=11798"}],"version-history":[{"count":0,"href":"https:\/\/www.bbyhaber.com\/bby\/wp-json\/wp\/v2\/posts\/11798\/revisions"}],"wp:attachment":[{"href":"https:\/\/www.bbyhaber.com\/bby\/wp-json\/wp\/v2\/media?parent=11798"}],"wp:term":[{"taxonomy":"category","embeddable":true,"href":"https:\/\/www.bbyhaber.com\/bby\/wp-json\/wp\/v2\/categories?post=11798"},{"taxonomy":"post_tag","embeddable":true,"href":"https:\/\/www.bbyhaber.com\/bby\/wp-json\/wp\/v2\/tags?post=11798"}],"curies":[{"name":"wp","href":"https:\/\/api.w.org\/{rel}","templated":true}]}}