{"id":11788,"date":"2013-09-18T15:35:52","date_gmt":"2013-09-18T12:35:52","guid":{"rendered":"http:\/\/www.bbyhaber.com\/bby\/?p=11788"},"modified":"2013-09-18T15:35:52","modified_gmt":"2013-09-18T12:35:52","slug":"kutuphane-binasi-45-aydir-bekliyor","status":"publish","type":"post","link":"https:\/\/www.bbyhaber.com\/bby\/2013\/09\/18\/kutuphane-binasi-45-aydir-bekliyor","title":{"rendered":"K\u00fct\u00fcphane binas\u0131 4,5 ayd\u0131r bekliyor"},"content":{"rendered":"<p style=\"text-align: justify;\"><img loading=\"lazy\" decoding=\"async\" class=\"alignleft\" src=\"http:\/\/www.brtv.com.tr\/wp-content\/uploads\/2013\/09\/ver_im.jpg\" alt=\"\" width=\"222\" height=\"104\" \/>Karab\u00fck Belediyesi taraf\u0131ndan yap\u0131lan k\u00fct\u00fcphane tamamland\u0131; ancak bir t\u00fcrl\u00fc hizmete girmedi. Belediye Ba\u015fkan\u0131 Rafet Vergili \u201c4,5 ayd\u0131r k\u00fct\u00fcphaneler genel m\u00fcd\u00fcrl\u00fc\u011f\u00fcn\u00fcn k\u00fct\u00fcphaneyi teslim almas\u0131n\u0131 bekliyoruz e\u011fer almazlarsa belediye olarak biz a\u00e7ar, belediye k\u00fct\u00fcphanesi yapar\u0131z\u201d dedi.<!--more--><\/p>\n<p style=\"text-align: justify;\">Kaynak: http:\/\/www.brtv.com.tr<\/p>\n","protected":false},"excerpt":{"rendered":"<p>Karab\u00fck Belediyesi taraf\u0131ndan yap\u0131lan k\u00fct\u00fcphane tamamland\u0131; ancak bir t\u00fcrl\u00fc hizmete girmedi. Belediye Ba\u015fkan\u0131 Rafet Vergili \u201c4,5 ayd\u0131r k\u00fct\u00fcphaneler genel m\u00fcd\u00fcrl\u00fc\u011f\u00fcn\u00fcn k\u00fct\u00fcphaneyi teslim almas\u0131n\u0131 bekliyoruz e\u011fer almazlarsa belediye olarak biz a\u00e7ar, belediye k\u00fct\u00fcphanesi yapar\u0131z\u201d dedi.<\/p>\n","protected":false},"author":1,"featured_media":0,"comment_status":"open","ping_status":"open","sticky":false,"template":"","format":"standard","meta":{"footnotes":""},"categories":[1],"tags":[],"class_list":["post-11788","post","type-post","status-publish","format-standard","hentry","category-genel"],"_links":{"self":[{"href":"https:\/\/www.bbyhaber.com\/bby\/wp-json\/wp\/v2\/posts\/11788"}],"collection":[{"href":"https:\/\/www.bbyhaber.com\/bby\/wp-json\/wp\/v2\/posts"}],"about":[{"href":"https:\/\/www.bbyhaber.com\/bby\/wp-json\/wp\/v2\/types\/post"}],"author":[{"embeddable":true,"href":"https:\/\/www.bbyhaber.com\/bby\/wp-json\/wp\/v2\/users\/1"}],"replies":[{"embeddable":true,"href":"https:\/\/www.bbyhaber.com\/bby\/wp-json\/wp\/v2\/comments?post=11788"}],"version-history":[{"count":0,"href":"https:\/\/www.bbyhaber.com\/bby\/wp-json\/wp\/v2\/posts\/11788\/revisions"}],"wp:attachment":[{"href":"https:\/\/www.bbyhaber.com\/bby\/wp-json\/wp\/v2\/media?parent=11788"}],"wp:term":[{"taxonomy":"category","embeddable":true,"href":"https:\/\/www.bbyhaber.com\/bby\/wp-json\/wp\/v2\/categories?post=11788"},{"taxonomy":"post_tag","embeddable":true,"href":"https:\/\/www.bbyhaber.com\/bby\/wp-json\/wp\/v2\/tags?post=11788"}],"curies":[{"name":"wp","href":"https:\/\/api.w.org\/{rel}","templated":true}]}}