{"id":11786,"date":"2013-09-17T11:24:09","date_gmt":"2013-09-17T08:24:09","guid":{"rendered":"http:\/\/www.bbyhaber.com\/bby\/?p=11786"},"modified":"2013-09-17T11:24:09","modified_gmt":"2013-09-17T08:24:09","slug":"kutuphaneye-tren-geldi","status":"publish","type":"post","link":"https:\/\/www.bbyhaber.com\/bby\/2013\/09\/17\/kutuphaneye-tren-geldi","title":{"rendered":"K\u00fct\u00fcphane&#8217;ye tren geldi"},"content":{"rendered":"<p style=\"text-align: justify;\"><a href=\"http:\/\/www.medyakesan.com.tr\/images\/haberler\/kutuphaneye_tren_geldi_h3553.jpg\"><img loading=\"lazy\" decoding=\"async\" class=\"alignleft\" src=\"http:\/\/www.medyakesan.com.tr\/images\/haberler\/kutuphaneye_tren_geldi_h3553.jpg\" alt=\"\" width=\"239\" height=\"124\" \/><\/a>T\u00fcrkiye\u2019nin \u00f6rnek ve modern k\u00fct\u00fcphaneleri aras\u0131nda bulunan Ke\u015fan \u0130l\u00e7e Halk K\u00fct\u00fcphanesi\u2019nde yenilikler ve s\u00fcrprizler bitmiyor. Ge\u00e7en y\u0131llarda K\u00fct\u00fcphane\u2019nin \u00e7ocuk b\u00f6l\u00fcm\u00fcne konulan kay\u0131ktan sonra, \u015fimdi de bir trene ev sahipli\u011fi yapan Ke\u015fan Halk K\u00fct\u00fcphanesi\u2019ne, daha okullar\u0131n a\u00e7\u0131ld\u0131\u011f\u0131 ilk g\u00fcnde ilgi b\u00fcy\u00fck oldu. Ba\u015fta \u00f6\u011frenciler olmak \u00fczere; \u00e7ocuk b\u00f6l\u00fcm\u00fc, yeti\u015fkinler b\u00f6l\u00fcm\u00fc ve internetevini kullananlar\u0131n,<!--more--> K\u00fct\u00fcphane\u2019den daha \u00e7ok yararlanmalar\u0131n\u0131 sa\u011flamak ve \u00f6zellikle okul \u00f6ncesi ve ilkokul \u00f6\u011frencilerinin ilgisini buraya \u00e7ekmek amac\u0131yla, bu y\u0131l bir maket treni yenilikler aras\u0131na ekleyen K\u00fct\u00fcphane yetkilileri, yeni projeler pe\u015finde olduklar\u0131n\u0131 s\u00f6zlerine ekledi.<\/p>\n<p style=\"text-align: justify;\">Kaynak:http:\/\/www.medyakesan.com.tr\/<\/p>\n","protected":false},"excerpt":{"rendered":"<p>T\u00fcrkiye\u2019nin \u00f6rnek ve modern k\u00fct\u00fcphaneleri aras\u0131nda bulunan Ke\u015fan \u0130l\u00e7e Halk K\u00fct\u00fcphanesi\u2019nde yenilikler ve s\u00fcrprizler bitmiyor. Ge\u00e7en y\u0131llarda K\u00fct\u00fcphane\u2019nin \u00e7ocuk b\u00f6l\u00fcm\u00fcne konulan kay\u0131ktan sonra, \u015fimdi de bir trene ev sahipli\u011fi yapan Ke\u015fan Halk K\u00fct\u00fcphanesi\u2019ne, daha okullar\u0131n a\u00e7\u0131ld\u0131\u011f\u0131 ilk g\u00fcnde ilgi b\u00fcy\u00fck oldu. Ba\u015fta \u00f6\u011frenciler olmak \u00fczere; \u00e7ocuk b\u00f6l\u00fcm\u00fc, yeti\u015fkinler b\u00f6l\u00fcm\u00fc ve internetevini kullananlar\u0131n,<\/p>\n","protected":false},"author":1,"featured_media":0,"comment_status":"open","ping_status":"open","sticky":false,"template":"","format":"standard","meta":{"footnotes":""},"categories":[1],"tags":[848],"class_list":["post-11786","post","type-post","status-publish","format-standard","hentry","category-genel","tag-halk-kutuphaneleri"],"_links":{"self":[{"href":"https:\/\/www.bbyhaber.com\/bby\/wp-json\/wp\/v2\/posts\/11786"}],"collection":[{"href":"https:\/\/www.bbyhaber.com\/bby\/wp-json\/wp\/v2\/posts"}],"about":[{"href":"https:\/\/www.bbyhaber.com\/bby\/wp-json\/wp\/v2\/types\/post"}],"author":[{"embeddable":true,"href":"https:\/\/www.bbyhaber.com\/bby\/wp-json\/wp\/v2\/users\/1"}],"replies":[{"embeddable":true,"href":"https:\/\/www.bbyhaber.com\/bby\/wp-json\/wp\/v2\/comments?post=11786"}],"version-history":[{"count":0,"href":"https:\/\/www.bbyhaber.com\/bby\/wp-json\/wp\/v2\/posts\/11786\/revisions"}],"wp:attachment":[{"href":"https:\/\/www.bbyhaber.com\/bby\/wp-json\/wp\/v2\/media?parent=11786"}],"wp:term":[{"taxonomy":"category","embeddable":true,"href":"https:\/\/www.bbyhaber.com\/bby\/wp-json\/wp\/v2\/categories?post=11786"},{"taxonomy":"post_tag","embeddable":true,"href":"https:\/\/www.bbyhaber.com\/bby\/wp-json\/wp\/v2\/tags?post=11786"}],"curies":[{"name":"wp","href":"https:\/\/api.w.org\/{rel}","templated":true}]}}