{"id":11777,"date":"2013-09-16T10:55:04","date_gmt":"2013-09-16T07:55:04","guid":{"rendered":"http:\/\/www.bbyhaber.com\/bby\/?p=11777"},"modified":"2013-09-16T10:59:58","modified_gmt":"2013-09-16T07:59:58","slug":"terorle-mucadele-kutuphanesi-geliyor","status":"publish","type":"post","link":"https:\/\/www.bbyhaber.com\/bby\/2013\/09\/16\/terorle-mucadele-kutuphanesi-geliyor","title":{"rendered":"Ter\u00f6rle M\u00fccadele K\u00fct\u00fcphanesi geliyor!"},"content":{"rendered":"<p style=\"text-align: justify;\">Ter\u00f6rle askeri m\u00fccadelenin yan\u0131 s\u0131ra, sivil deste\u011fe de b\u00fcy\u00fck \u00f6nem veren h\u00fck\u00fcmet, gerekli ad\u0131mlar\u0131n at\u0131lmas\u0131 i\u00e7in yeni stratejiler geli\u015ftiriyor. Ba\u015fbakanl\u0131\u011fa ba\u011fl\u0131 Kamu D\u00fczeni ve G\u00fcvenli\u011fi M\u00fcste\u015farl\u0131\u011f\u0131 (KDGM) 5 y\u0131ll\u0131k yol haritas\u0131n\u0131 haz\u0131rlad\u0131. 2013-2017 Stratejik Plan\u0131\u2019nda ana hedefin \u201cter\u00f6rizmle m\u00fccadelede sivil deste\u011fi sa\u011flamak\u201d olmas\u0131 dikkat \u00e7ekti. Ter\u00f6rizmle m\u00fccadele konusunda ortak bir haf\u0131za olu\u015fturulabilmesi i\u00e7in yay\u0131nlar\u0131n toplan\u0131p \u201cTer\u00f6rle M\u00fccadele K\u00fct\u00fcphanesi\u201d kurulmas\u0131 da hedeflerden biri oldu.<!--more--><\/p>\n<p style=\"text-align: justify;\"><strong>TSK DA VAR, \u00dcN\u0130VERS\u0130TE DE\u00a0<\/strong><\/p>\n<p style=\"text-align: justify;\">Stratejik Plan\u2019da \u201cPayda\u015f Analizi\u201d ba\u015fl\u0131\u011f\u0131 alt\u0131nda i\u015fbirli\u011fi yap\u0131lan kurum ve kurulu\u015flar s\u0131ralan\u0131rken, Cumhurba\u015fkanl\u0131\u011f\u0131\u2019ndan Ba\u015fbakanl\u0131k\u2019a, Genelkurmay\u2019dan yarg\u0131 organlar\u0131na, bakanl\u0131klardan valilik ve \u00fcniversiteler, medyadan STK\u2019lara kadar bir\u00e7ok kurum ve kurulu\u015fun ismi yer ald\u0131. En sonda \u201cT\u00fcrkiye Cumhuriyeti vatanda\u015flar\u0131\u201d vurgusunun yer almas\u0131 dikkat \u00e7ekti. Planda, kurumun \u201cg\u00fc\u00e7l\u00fc alanlar\u0131\u201d, \u201cf\u0131rsatlar\u0131\u201d, \u201czay\u0131f alanlar\u0131\u201d ve \u201ctehditler\u201d de s\u0131raland\u0131.<br \/>\n<strong><br \/>\nHALKIN BEKLENT\u0130S\u0130 OLUMLU\u00a0<\/strong><\/p>\n<p style=\"text-align: justify;\">Tehditler aras\u0131nda \u201cKurumlar aras\u0131 koordinasyon zorlu\u011fu\u201d, \u201cYasal altyap\u0131da de\u011fi\u015fiklik ihtiyac\u0131\u201d gibi ifadelerle birlikte \u201cSTK ve \u00fcniversitelerin politika ve strateji belirleme s\u00fcre\u00e7lerine yeterince kat\u0131lmamas\u0131\u201d da yer ald\u0131. Kurumun kamuoyundaki alg\u0131s\u0131n\u0131n yan\u0131 s\u0131ra, di\u011fer kurumlarla ili\u015fkilerde olas\u0131 kurumsal diren\u00e7 de \u201ctehdit alg\u0131lamas\u0131\u201d i\u00e7inde yer ald\u0131. Buna kar\u015f\u0131n \u201cKamuoyundaki olumlu beklenti\u201d, \u201cTer\u00f6rle m\u00fccadelede politika ve stratejiye ihtiya\u00e7 duyulmas\u0131\u201d f\u0131rsat olarak belirtildi. Kurumun g\u00f6rev alan\u0131 ve Ter\u00f6rle M\u00fccadele Koordinasyon Kurulu\u2019nun sekreteryal\u0131\u011f\u0131n\u0131 yapmas\u0131 da \u201cG\u00fc\u00e7l\u00fc alanlar\u201d aras\u0131nda yer buldu.<\/p>\n<p style=\"text-align: justify;\"><strong>BE\u015e YILDA HEDEFLENENLER<\/strong><\/p>\n<p style=\"text-align: justify;\"><strong>\u00dcN\u0130VERS\u0130TELER DEVREYE G\u0130RECEK: <\/strong>Ter\u00f6r\u00fcn sosyo-ekonomik, k\u00fclt\u00fcrel ve psikolojik dinamiklerini ara\u015ft\u0131rmaya y\u00f6nelik \u00fcniversiteler, sendikalar ve STK\u2019larca ger\u00e7ekle\u015ftirilen projelerdesteklenecek.<\/p>\n<p style=\"text-align: justify;\"><strong>YAZILMI\u015e NE VARSA <\/strong>: K\u00fct\u00fcphane ve dok\u00fcmantasyon merkezi olu\u015fturulacak. Planda belirtilmemesine kar\u015f\u0131n, ter\u00f6rle m\u00fccadele alan\u0131nda yaz\u0131lan b\u00fct\u00fcn kitaplar, belgeler ve uluslararas\u0131 alandaki yay\u0131nlar\u0131n k\u00fct\u00fcphanede yer almas\u0131 \u00f6ng\u00f6r\u00fcl\u00fcyor.<\/p>\n<p style=\"text-align: justify;\"><strong>MA\u011eDURLARA \u00d6ZEL DESTEK VAR: <\/strong>Ter\u00f6rden etkilenen ki\u015filerin ya\u015fama uyum sa\u011flayabilmesi i\u00e7in tedbirler geli\u015ftirilecek.<\/p>\n<p style=\"text-align: justify;\"><strong>KANAAT \u00d6NDERLER\u0130YLE D\u0130YALOG:<\/strong> B\u00f6lgeye ili\u015fkin politikalar\u0131n belirlenmesinde STK\u2019lar, kanaat \u00f6nderleri ve ayd\u0131nlarla etkili bir diyalog kurulaca\u011f\u0131 belirtiliyor. Politika ve stratejilerin geli\u015ftirilmesine y\u00f6nelik, \u00fcniversiteler, d\u00fc\u015f\u00fcnce ve ara\u015ft\u0131rma kurulu\u015flar\u0131 ile yak\u0131n i\u015fbirli\u011fi ve koordinasyon hedefleniyor. Uluslararas\u0131 \u00e7al\u0131\u015fmalara da a\u011f\u0131rl\u0131k verilecek.<\/p>\n<p style=\"text-align: justify;\"><strong>GEN\u00c7LERE TERAP\u0130 YAPILACAK: <\/strong>Ter\u00f6r \u00f6rg\u00fctleriyle irtibatl\u0131 gen\u00e7lerin topluma kazand\u0131r\u0131lmas\u0131na y\u00f6nelik programlar\u0131 uygulayan veya uygulayabilecek kurum ve kurulu\u015flar aras\u0131nda koordinasyon sa\u011flanacak.<\/p>\n<p style=\"text-align: justify;\"><strong>\u0130ST\u0130HBARAT KOORD\u0130NASYONU:<\/strong> Valiliklerce uygulanan \u00f6rnek projelerin di\u011fer il valiliklerce de uygulanmas\u0131 i\u00e7in koordinasyona \u00f6nem verilecek.<\/p>\n<p style=\"text-align: justify;\"><strong>B\u00dcROKRAS\u0130YE DERSLER:<\/strong> Ter\u00f6rden etkilenen b\u00f6lgelere atanan ve buralarda g\u00f6rev yapan kamu \u00e7al\u0131\u015fanlar\u0131n\u0131n g\u00f6rev yapaca\u011f\u0131 yerin sosyo-ekonomik yap\u0131s\u0131 konusunda bilgilendirme yap\u0131lacak.<\/p>\n<p style=\"text-align: justify;\"><strong>KA\u00c7ANA REHAB\u0130L\u0130TASYON: <\/strong>Ter\u00f6r \u00f6rg\u00fctleriyle irtibat\u0131n\u0131 kesen, kesmek isteyen ya da h\u00fck\u00fcml\u00fc \u00f6rg\u00fct \u00fcyelerine y\u00f6nelik rehabilitasyon \u00e7al\u0131\u015fmalar\u0131 yap\u0131lacak.<\/p>\n<p style=\"text-align: justify;\">Kaynak: http:\/\/www.aksam.com.tr<\/p>\n","protected":false},"excerpt":{"rendered":"<p>Ter\u00f6rle askeri m\u00fccadelenin yan\u0131 s\u0131ra, sivil deste\u011fe de b\u00fcy\u00fck \u00f6nem veren h\u00fck\u00fcmet, gerekli ad\u0131mlar\u0131n at\u0131lmas\u0131 i\u00e7in yeni stratejiler geli\u015ftiriyor. Ba\u015fbakanl\u0131\u011fa ba\u011fl\u0131 Kamu D\u00fczeni ve G\u00fcvenli\u011fi M\u00fcste\u015farl\u0131\u011f\u0131 (KDGM) 5 y\u0131ll\u0131k yol haritas\u0131n\u0131 haz\u0131rlad\u0131. 2013-2017 Stratejik Plan\u0131\u2019nda ana hedefin \u201cter\u00f6rizmle m\u00fccadelede sivil deste\u011fi sa\u011flamak\u201d olmas\u0131 dikkat \u00e7ekti. Ter\u00f6rizmle m\u00fccadele konusunda ortak bir haf\u0131za olu\u015fturulabilmesi i\u00e7in yay\u0131nlar\u0131n toplan\u0131p [&hellip;]<\/p>\n","protected":false},"author":1,"featured_media":0,"comment_status":"open","ping_status":"open","sticky":false,"template":"","format":"standard","meta":{"footnotes":""},"categories":[1],"tags":[],"class_list":["post-11777","post","type-post","status-publish","format-standard","hentry","category-genel"],"_links":{"self":[{"href":"https:\/\/www.bbyhaber.com\/bby\/wp-json\/wp\/v2\/posts\/11777"}],"collection":[{"href":"https:\/\/www.bbyhaber.com\/bby\/wp-json\/wp\/v2\/posts"}],"about":[{"href":"https:\/\/www.bbyhaber.com\/bby\/wp-json\/wp\/v2\/types\/post"}],"author":[{"embeddable":true,"href":"https:\/\/www.bbyhaber.com\/bby\/wp-json\/wp\/v2\/users\/1"}],"replies":[{"embeddable":true,"href":"https:\/\/www.bbyhaber.com\/bby\/wp-json\/wp\/v2\/comments?post=11777"}],"version-history":[{"count":0,"href":"https:\/\/www.bbyhaber.com\/bby\/wp-json\/wp\/v2\/posts\/11777\/revisions"}],"wp:attachment":[{"href":"https:\/\/www.bbyhaber.com\/bby\/wp-json\/wp\/v2\/media?parent=11777"}],"wp:term":[{"taxonomy":"category","embeddable":true,"href":"https:\/\/www.bbyhaber.com\/bby\/wp-json\/wp\/v2\/categories?post=11777"},{"taxonomy":"post_tag","embeddable":true,"href":"https:\/\/www.bbyhaber.com\/bby\/wp-json\/wp\/v2\/tags?post=11777"}],"curies":[{"name":"wp","href":"https:\/\/api.w.org\/{rel}","templated":true}]}}