{"id":11761,"date":"2013-09-13T10:50:34","date_gmt":"2013-09-13T07:50:34","guid":{"rendered":"http:\/\/www.bbyhaber.com\/bby\/?p=11761"},"modified":"2013-09-13T10:54:27","modified_gmt":"2013-09-13T07:54:27","slug":"alasehir-tarihi-kutuphanesine-kavusuyor-manisa","status":"publish","type":"post","link":"https:\/\/www.bbyhaber.com\/bby\/2013\/09\/13\/alasehir-tarihi-kutuphanesine-kavusuyor-manisa","title":{"rendered":"Ala\u015fehir, Tarihi K\u00fct\u00fcphanesine Kavu\u015fuyor-Manisa"},"content":{"rendered":"<p style=\"text-align: justify;\">M\u00fclkiyeti Ala\u015fehir Belediyesi\u2019ne ait kullan\u0131m hakk\u0131 K\u00fclt\u00fcr ve Turizm Bakanl\u0131\u011f\u0131\u2019nda olan tarihi Halk K\u00fct\u00fcphanesi\u2019nin restorasyon \u00e7al\u0131\u015fmalar\u0131 tamamland\u0131. Halk K\u00fct\u00fcphanesi\u2019nin hizmet i\u00e7in a\u00e7\u0131l\u0131\u015f\u0131 bekliyor. 1500\u2032l\u00fc y\u0131llarda Ala\u015fehir\u2019de yap\u0131lan Halk K\u00fct\u00fcphanesi, Kurtulu\u015f Sava\u015f\u0131 d\u00f6neminde Yunanl\u0131lar taraf\u0131ndan yak\u0131lmas\u0131 sonucu zarar g\u00f6rm\u00fc\u015f, 1954 y\u0131l\u0131nda bak\u0131m yap\u0131larak kullan\u0131l\u0131r hale getirilmi\u015fti. Son y\u0131llarda kullan\u0131lamaz hale gelen k\u00fct\u00fcphane<!--more--> Ala\u015fehir Belediyesi taraf\u0131ndan yeniden restore edildi. Ala\u015fehir Belediye taraf\u0131ndan ge\u00e7ti\u011fimiz y\u0131lda yap\u0131lan ihaleyi 238 bin 198 TL\u2019ye kazanan SNR Restorasyon Limited \u015eirketi yenileme \u00e7al\u0131\u015fmalar\u0131n\u0131 tamamlad\u0131.<\/p>\n<p style=\"text-align: justify;\">Ala\u015fehir Belediye Ba\u015fkan\u0131 G\u00f6khan Kara\u00e7oban, \u201c238 bin 198 TL bedelle ihalesi yap\u0131lan tarihi Halk K\u00fct\u00fcphanemizin yenileme \u00e7al\u0131\u015fmalar\u0131 210 g\u00fcn gibi bir s\u00fcrede tamamland\u0131. Bir milletin gelece\u011fine sahip \u00e7\u0131kmas\u0131 i\u00e7in ge\u00e7mi\u015fini korumas\u0131 gerekir. Bu y\u00fczden tarihi eserler \u00e7ok \u00f6nemlidir. Atalar\u0131m\u0131z\u0131n bize emaneti olan bir eserin asl\u0131na uygun olarak restore edilmesi beni \u00e7ok mutlu etti. Ala\u015fehir tarihi eser y\u00f6n\u00fcnden \u00e7ok zengin. \u0130l\u00e7emizin tarihi de\u011ferlerine eski eserleri koruyarak sahip \u00e7\u0131kmal\u0131y\u0131z. Bu onurlu bir vatanda\u015fl\u0131k g\u00f6revidir. Belediye olarak bu vazifemizi yerine getiriyoruz, restorasyonu tamamlanan k\u00fct\u00fcphanemizi en k\u0131sa s\u00fcrede halk\u0131m\u0131z\u0131n hizmetine a\u00e7aca\u011f\u0131z.\u2019\u2019 dedi.<\/p>\n<p>Kaynak: http:\/\/www.e-manisa.com<\/p>\n","protected":false},"excerpt":{"rendered":"<p>M\u00fclkiyeti Ala\u015fehir Belediyesi\u2019ne ait kullan\u0131m hakk\u0131 K\u00fclt\u00fcr ve Turizm Bakanl\u0131\u011f\u0131\u2019nda olan tarihi Halk K\u00fct\u00fcphanesi\u2019nin restorasyon \u00e7al\u0131\u015fmalar\u0131 tamamland\u0131. Halk K\u00fct\u00fcphanesi\u2019nin hizmet i\u00e7in a\u00e7\u0131l\u0131\u015f\u0131 bekliyor. 1500\u2032l\u00fc y\u0131llarda Ala\u015fehir\u2019de yap\u0131lan Halk K\u00fct\u00fcphanesi, Kurtulu\u015f Sava\u015f\u0131 d\u00f6neminde Yunanl\u0131lar taraf\u0131ndan yak\u0131lmas\u0131 sonucu zarar g\u00f6rm\u00fc\u015f, 1954 y\u0131l\u0131nda bak\u0131m yap\u0131larak kullan\u0131l\u0131r hale getirilmi\u015fti. Son y\u0131llarda kullan\u0131lamaz hale gelen k\u00fct\u00fcphane<\/p>\n","protected":false},"author":1,"featured_media":0,"comment_status":"open","ping_status":"open","sticky":false,"template":"","format":"standard","meta":{"footnotes":""},"categories":[1],"tags":[],"class_list":["post-11761","post","type-post","status-publish","format-standard","hentry","category-genel"],"_links":{"self":[{"href":"https:\/\/www.bbyhaber.com\/bby\/wp-json\/wp\/v2\/posts\/11761"}],"collection":[{"href":"https:\/\/www.bbyhaber.com\/bby\/wp-json\/wp\/v2\/posts"}],"about":[{"href":"https:\/\/www.bbyhaber.com\/bby\/wp-json\/wp\/v2\/types\/post"}],"author":[{"embeddable":true,"href":"https:\/\/www.bbyhaber.com\/bby\/wp-json\/wp\/v2\/users\/1"}],"replies":[{"embeddable":true,"href":"https:\/\/www.bbyhaber.com\/bby\/wp-json\/wp\/v2\/comments?post=11761"}],"version-history":[{"count":0,"href":"https:\/\/www.bbyhaber.com\/bby\/wp-json\/wp\/v2\/posts\/11761\/revisions"}],"wp:attachment":[{"href":"https:\/\/www.bbyhaber.com\/bby\/wp-json\/wp\/v2\/media?parent=11761"}],"wp:term":[{"taxonomy":"category","embeddable":true,"href":"https:\/\/www.bbyhaber.com\/bby\/wp-json\/wp\/v2\/categories?post=11761"},{"taxonomy":"post_tag","embeddable":true,"href":"https:\/\/www.bbyhaber.com\/bby\/wp-json\/wp\/v2\/tags?post=11761"}],"curies":[{"name":"wp","href":"https:\/\/api.w.org\/{rel}","templated":true}]}}