{"id":11753,"date":"2013-09-12T08:54:53","date_gmt":"2013-09-12T05:54:53","guid":{"rendered":"http:\/\/www.bbyhaber.com\/bby\/?p=11753"},"modified":"2013-09-12T08:55:21","modified_gmt":"2013-09-12T05:55:21","slug":"e-kitap-korsanlariyla-yasal-mucadele","status":"publish","type":"post","link":"https:\/\/www.bbyhaber.com\/bby\/2013\/09\/12\/e-kitap-korsanlariyla-yasal-mucadele","title":{"rendered":"e-kitap korsanlar\u0131yla yasal m\u00fccadele"},"content":{"rendered":"<p style=\"text-align: justify;\"><img loading=\"lazy\" decoding=\"async\" class=\"alignleft\" src=\"http:\/\/www.bbyhaber.com\/bby\/wp-content\/uploads\/2012\/06\/e-kitap.jpg\" alt=\"\" width=\"277\" height=\"146\" \/>T\u00fcrkiye Yay\u0131nc\u0131lar Birli\u011fi, e-kitap korsanlar\u0131na kar\u015f\u0131 yasal m\u00fccadele edilebilmesi i\u00e7in, Fikir ve Sanat Eserleri Kanunu tasla\u011f\u0131n\u0131n bir an \u00f6nce yasala\u015fmas\u0131 i\u00e7in bildiri yay\u0131nlad\u0131. T\u00fcrkiye&#8217;de yay\u0131nc\u0131l\u0131k sekt\u00f6r\u00fc h\u0131zla b\u00fcy\u00fcmektedir. Son be\u015f y\u0131lda (2008-2012) yeni yay\u0131nlanan kitap (ISBN alan ba\u015fl\u0131k) say\u0131s\u0131 32.339\u2019dan 42.626\u2019ya, \u00fcretilen kitap say\u0131s\u0131 291.398.943\u2019ten 460.439.561\u2019e, ki\u015fi ba\u015f\u0131na d\u00fc\u015fen kitap adedi 4\u2019ten 6.4\u2019e y\u00fckselmi\u015ftir. Yay\u0131nc\u0131l\u0131k alan\u0131ndaki bu olumlu b\u00fcy\u00fcmeye kar\u015f\u0131l\u0131k maalesef e-kitap yay\u0131nc\u0131l\u0131\u011f\u0131 beklendi\u011fi \u00f6l\u00e7\u00fcde geli\u015fememi\u015ftir. <!--more-->T\u00fcm d\u00fcnyada h\u0131zla b\u00fcy\u00fcyen e-kitap yay\u0131nc\u0131l\u0131\u011f\u0131n\u0131n T\u00fcrkiye\u2019de yay\u0131nc\u0131l\u0131k sekt\u00f6r\u00fc i\u00e7indeki pay\u0131 % 0.3 seviyelerinde kalm\u0131\u015ft\u0131r. Bu durumun en \u00f6nemli nedenlerinden biri internette e-kitap korsanl\u0131\u011f\u0131n\u0131n h\u0131zla artmas\u0131d\u0131r. E-kitap korsanl\u0131\u011f\u0131yla m\u00fccadele edilebilmesi i\u00e7in yasal deste\u011fe ihtiya\u00e7 vard\u0131r. E-kitap korsanl\u0131\u011f\u0131n\u0131n yasada a\u00e7\u0131k\u00e7a tan\u0131mlanmas\u0131 ve cezalar\u0131n\u0131n belirtilmesi gerekmektedir. Mevcut yasalarla e-kitab\u0131n korsanl\u0131\u011f\u0131 ile m\u00fccadele \u00e7ok s\u0131n\u0131rl\u0131 kalmakta, cayd\u0131r\u0131c\u0131 sonu\u00e7lar al\u0131namamaktad\u0131r.<\/p>\n<p style=\"text-align: justify;\">Ge\u00e7ti\u011fimiz yasama d\u00f6nemi i\u00e7inde K\u00fclt\u00fcr ve Turizm Bakanl\u0131\u011f\u0131 k\u00fclt\u00fcr end\u00fcstrisini temsil eden sekt\u00f6r dernekleri ve birlikleri ile birlikte Fikir ve Sanat Eserleri Kanunu (FSEK) tasla\u011f\u0131 haz\u0131rlam\u0131\u015ft\u0131r. Bu yasa tasla\u011f\u0131, dijital yay\u0131nc\u0131l\u0131k alan\u0131ndaki geli\u015fmelere paralel olarak ortaya \u00e7\u0131kan g\u00fcncel sorunlarla ilgili \u00f6nemli \u00e7\u00f6z\u00fcmleri i\u00e7ermektedir.<\/p>\n<p style=\"text-align: justify;\">Dijital yay\u0131nc\u0131l\u0131kla ilgili d\u00fczenlemeleri i\u00e7eren Fikir ve Sanat Eserleri Kanunu (FSEK) tasla\u011f\u0131n\u0131n bir an \u00f6nce yasala\u015fmas\u0131 \u00fclkemizde geli\u015fmekte olan dijital yay\u0131nc\u0131l\u0131\u011f\u0131n ve \u00f6zellikle Fatih Projesi ile birlikte e\u011fitim alan\u0131nda da h\u0131zl\u0131 bir b\u00fcy\u00fcme yakalamas\u0131 beklenen dijital e\u011fitim yay\u0131nc\u0131l\u0131\u011f\u0131n\u0131n gelece\u011fini olumlu y\u00f6nde etkileyecektir.<\/p>\n<p style=\"text-align: justify;\">Fikir ve Sanat Eserleri Kanunu (FSEK) tasla\u011f\u0131n\u0131n bir an \u00f6nce yasala\u015fmas\u0131 dijital korsanl\u0131kla m\u00fccadeleye yasal destek sa\u011flayarak bu sorunun daha b\u00fcy\u00fck boyutlara ula\u015fmadan ortadan kald\u0131r\u0131lmas\u0131 a\u00e7\u0131s\u0131ndan \u00e7ok b\u00fcy\u00fck \u00f6nem ta\u015f\u0131maktad\u0131r.<\/p>\n<p style=\"text-align: justify;\">Ba\u015fta Say\u0131n Ba\u015fbakan Tayyip Erdo\u011fan, h\u00fck\u00fcmet \u00fcyesi say\u0131n bakanlar, ana muhalefet partisi CHP, muhalefet partileri MHP ve BDP ve yasa \u00e7al\u0131\u015fmas\u0131n\u0131 yapt\u0131ran Say\u0131n K\u00fclt\u00fcr ve Turizm Bakan\u0131 \u00d6mer \u00c7elik olmak \u00fczere, konuyla ilgili t\u00fcm kurum ve yetkililerinden yeni yasan\u0131n acilen TBMM g\u00fcndemine getirilerek \u00e7\u0131kart\u0131lmas\u0131 i\u00e7in \u00e7al\u0131\u015fmalar\u0131n h\u0131zland\u0131r\u0131lmas\u0131n\u0131 diliyoruz.<\/p>\n<p style=\"text-align: justify;\">Sayg\u0131lar\u0131m\u0131zla,<\/p>\n<p style=\"text-align: justify;\">T\u00fcrkiye Yay\u0131nc\u0131lar Birli\u011fi<\/p>\n<p style=\"text-align: justify;\">Kaynak: http:\/\/www.turkyaybir.org.tr<\/p>\n","protected":false},"excerpt":{"rendered":"<p>T\u00fcrkiye Yay\u0131nc\u0131lar Birli\u011fi, e-kitap korsanlar\u0131na kar\u015f\u0131 yasal m\u00fccadele edilebilmesi i\u00e7in, Fikir ve Sanat Eserleri Kanunu tasla\u011f\u0131n\u0131n bir an \u00f6nce yasala\u015fmas\u0131 i\u00e7in bildiri yay\u0131nlad\u0131. T\u00fcrkiye&#8217;de yay\u0131nc\u0131l\u0131k sekt\u00f6r\u00fc h\u0131zla b\u00fcy\u00fcmektedir. Son be\u015f y\u0131lda (2008-2012) yeni yay\u0131nlanan kitap (ISBN alan ba\u015fl\u0131k) say\u0131s\u0131 32.339\u2019dan 42.626\u2019ya, \u00fcretilen kitap say\u0131s\u0131 291.398.943\u2019ten 460.439.561\u2019e, ki\u015fi ba\u015f\u0131na d\u00fc\u015fen kitap adedi 4\u2019ten 6.4\u2019e y\u00fckselmi\u015ftir. Yay\u0131nc\u0131l\u0131k [&hellip;]<\/p>\n","protected":false},"author":1,"featured_media":0,"comment_status":"open","ping_status":"open","sticky":false,"template":"","format":"standard","meta":{"footnotes":""},"categories":[1480,1481,1],"tags":[],"class_list":["post-11753","post","type-post","status-publish","format-standard","hentry","category-e-book","category-e-kitap","category-genel"],"_links":{"self":[{"href":"https:\/\/www.bbyhaber.com\/bby\/wp-json\/wp\/v2\/posts\/11753"}],"collection":[{"href":"https:\/\/www.bbyhaber.com\/bby\/wp-json\/wp\/v2\/posts"}],"about":[{"href":"https:\/\/www.bbyhaber.com\/bby\/wp-json\/wp\/v2\/types\/post"}],"author":[{"embeddable":true,"href":"https:\/\/www.bbyhaber.com\/bby\/wp-json\/wp\/v2\/users\/1"}],"replies":[{"embeddable":true,"href":"https:\/\/www.bbyhaber.com\/bby\/wp-json\/wp\/v2\/comments?post=11753"}],"version-history":[{"count":0,"href":"https:\/\/www.bbyhaber.com\/bby\/wp-json\/wp\/v2\/posts\/11753\/revisions"}],"wp:attachment":[{"href":"https:\/\/www.bbyhaber.com\/bby\/wp-json\/wp\/v2\/media?parent=11753"}],"wp:term":[{"taxonomy":"category","embeddable":true,"href":"https:\/\/www.bbyhaber.com\/bby\/wp-json\/wp\/v2\/categories?post=11753"},{"taxonomy":"post_tag","embeddable":true,"href":"https:\/\/www.bbyhaber.com\/bby\/wp-json\/wp\/v2\/tags?post=11753"}],"curies":[{"name":"wp","href":"https:\/\/api.w.org\/{rel}","templated":true}]}}