{"id":11747,"date":"2013-09-10T00:40:13","date_gmt":"2013-09-09T21:40:13","guid":{"rendered":"http:\/\/www.bbyhaber.com\/bby\/?p=11747"},"modified":"2013-09-10T00:40:13","modified_gmt":"2013-09-09T21:40:13","slug":"topkapiya-yeni-kutuphane","status":"publish","type":"post","link":"https:\/\/www.bbyhaber.com\/bby\/2013\/09\/10\/topkapiya-yeni-kutuphane","title":{"rendered":"Topkap\u0131&#8217;ya yeni k\u00fct\u00fcphane"},"content":{"rendered":"<p style=\"text-align: justify;\"><img loading=\"lazy\" decoding=\"async\" class=\"alignleft\" src=\"http:\/\/i.radikal.com.tr\/480x325\/2013\/09\/09\/fft64_mf1639271.Jpeg\" alt=\"\" width=\"226\" height=\"154\" \/>K\u00fclt\u00fcr ve Turizm Bakan\u0131 \u00d6mer \u00c7elik , d\u00fcn Topkap\u0131 Saray\u0131 M\u00fczesi El Yazmalar\u0131 K\u00fct\u00fcphanesi\u2019ni a\u00e7t\u0131. Hay\u0131rl\u0131 bir g\u00fcn\u00fc ve an\u0131 ya\u015fad\u0131klar\u0131n\u0131 belirten \u00c7elik, \u201cBenim a\u00e7\u0131mdan buran\u0131n varl\u0131\u011f\u0131, buran\u0131n \u00f6nemi, zamanda ve mek\u00e2nda kendimizi nas\u0131l konumland\u0131raca\u011f\u0131m\u0131za dair bize yol g\u00f6steren,<!--more--> esas\u0131nda eski dense de zaman \u00fcst\u00fc bir karaktere sahip olan bu nadide eserleri bar\u0131nd\u0131rmas\u0131yla ilgili\u201d dedi. Bakan olarak \u201cYazma eserlere hakk\u0131yla h\u00fcrmet ve hizmet etti\u201d diye an\u0131lmas\u0131n\u0131n yeterli olaca\u011f\u0131n\u0131 kaydeden \u00c7elik, bunun i\u00e7in elinden geleni yapaca\u011f\u0131n\u0131 s\u00f6yledi.<\/p>\n<p style=\"text-align: justify;\">Kaynak: http:\/\/www.radikal.com.tr<\/p>\n","protected":false},"excerpt":{"rendered":"<p>K\u00fclt\u00fcr ve Turizm Bakan\u0131 \u00d6mer \u00c7elik , d\u00fcn Topkap\u0131 Saray\u0131 M\u00fczesi El Yazmalar\u0131 K\u00fct\u00fcphanesi\u2019ni a\u00e7t\u0131. Hay\u0131rl\u0131 bir g\u00fcn\u00fc ve an\u0131 ya\u015fad\u0131klar\u0131n\u0131 belirten \u00c7elik, \u201cBenim a\u00e7\u0131mdan buran\u0131n varl\u0131\u011f\u0131, buran\u0131n \u00f6nemi, zamanda ve mek\u00e2nda kendimizi nas\u0131l konumland\u0131raca\u011f\u0131m\u0131za dair bize yol g\u00f6steren,<\/p>\n","protected":false},"author":1,"featured_media":0,"comment_status":"open","ping_status":"open","sticky":false,"template":"","format":"standard","meta":{"footnotes":""},"categories":[1,1509],"tags":[438],"class_list":["post-11747","post","type-post","status-publish","format-standard","hentry","category-genel","category-yazma-eserler","tag-el-yazmalari"],"_links":{"self":[{"href":"https:\/\/www.bbyhaber.com\/bby\/wp-json\/wp\/v2\/posts\/11747"}],"collection":[{"href":"https:\/\/www.bbyhaber.com\/bby\/wp-json\/wp\/v2\/posts"}],"about":[{"href":"https:\/\/www.bbyhaber.com\/bby\/wp-json\/wp\/v2\/types\/post"}],"author":[{"embeddable":true,"href":"https:\/\/www.bbyhaber.com\/bby\/wp-json\/wp\/v2\/users\/1"}],"replies":[{"embeddable":true,"href":"https:\/\/www.bbyhaber.com\/bby\/wp-json\/wp\/v2\/comments?post=11747"}],"version-history":[{"count":0,"href":"https:\/\/www.bbyhaber.com\/bby\/wp-json\/wp\/v2\/posts\/11747\/revisions"}],"wp:attachment":[{"href":"https:\/\/www.bbyhaber.com\/bby\/wp-json\/wp\/v2\/media?parent=11747"}],"wp:term":[{"taxonomy":"category","embeddable":true,"href":"https:\/\/www.bbyhaber.com\/bby\/wp-json\/wp\/v2\/categories?post=11747"},{"taxonomy":"post_tag","embeddable":true,"href":"https:\/\/www.bbyhaber.com\/bby\/wp-json\/wp\/v2\/tags?post=11747"}],"curies":[{"name":"wp","href":"https:\/\/api.w.org\/{rel}","templated":true}]}}