{"id":11742,"date":"2013-09-07T12:06:57","date_gmt":"2013-09-07T09:06:57","guid":{"rendered":"http:\/\/www.bbyhaber.com\/bby\/?p=11742"},"modified":"2013-09-07T12:06:57","modified_gmt":"2013-09-07T09:06:57","slug":"burhaniye%e2%80%99de-kutuphaneciler-toplantisi","status":"publish","type":"post","link":"https:\/\/www.bbyhaber.com\/bby\/2013\/09\/07\/burhaniye%e2%80%99de-kutuphaneciler-toplantisi","title":{"rendered":"Burhaniye\u2019de K\u00fct\u00fcphaneciler Toplant\u0131s\u0131"},"content":{"rendered":"<p style=\"text-align: justify;\"><img loading=\"lazy\" decoding=\"async\" class=\"alignleft\" src=\"http:\/\/www.stargundem.com\/resimler\/568000\/568218.jpg\" alt=\"\" width=\"223\" height=\"127\" \/>Bal\u0131kesir&#8217;in Burhaniye il\u00e7esi, K\u00fct\u00fcphaneciler E\u015fg\u00fcd\u00fcm Toplant\u0131s\u0131&#8217;na ev sahipli\u011fi yapt\u0131. Bal\u0131kesir il merkezi ile il\u00e7elerdeki 13 k\u00fct\u00fcphane sorumlular\u0131n\u0131n bir araya geldi\u011fi toplant\u0131da, okuyucu say\u0131s\u0131n\u0131 art\u0131rma planlar\u0131 tart\u0131\u015f\u0131ld\u0131. Burhaniye Halk K\u00fct\u00fcphanesi Salonu&#8217;ndaki toplant\u0131ya \u0130l K\u00fclt\u00fcr M\u00fcd\u00fcr Yard\u0131mc\u0131s\u0131 \u015eaban Akkol, \u015eube M\u00fcd\u00fcr\u00fc \u0130hsan Ke\u00e7eli, <!--more-->\u0130l Halk K\u00fct\u00fcphanesi M\u00fcd\u00fcr\u00fc Ercan T\u0131\u011f ve 13 \u0130l\u00e7e Halk K\u00fct\u00fcphanesi sorumlular\u0131 kat\u0131ld\u0131. Burhaniye \u0130l\u00e7e Halk K\u00fct\u00fcphanesi M\u00fcd\u00fcr\u00fc Nazmi Arif \u00c7akaloz&#8217;\u0131n ev sahipli\u011fini yapt\u0131 toplant\u0131da, k\u00fct\u00fcphanecilik konusundaki geli\u015fmeler de ele al\u0131nd\u0131. Toplant\u0131lar\u0131n her 3 ayda bir de\u011fi\u015fik il\u00e7elerde yap\u0131ld\u0131\u011f\u0131n\u0131 anlatan \u015eube M\u00fcd\u00fcr\u00fc \u0130hsan Ke\u00e7eli, toplant\u0131lar\u0131n, tan\u0131\u015fma, kayna\u015fma ve bilgilerin tazelenmesi a\u00e7\u0131s\u0131ndan \u00f6nemli oldu\u011funu s\u00f6yledi.<\/p>\n<p style=\"text-align: justify;\">Kaynak: http:\/\/www.stargundem.com<\/p>\n","protected":false},"excerpt":{"rendered":"<p>Bal\u0131kesir&#8217;in Burhaniye il\u00e7esi, K\u00fct\u00fcphaneciler E\u015fg\u00fcd\u00fcm Toplant\u0131s\u0131&#8217;na ev sahipli\u011fi yapt\u0131. Bal\u0131kesir il merkezi ile il\u00e7elerdeki 13 k\u00fct\u00fcphane sorumlular\u0131n\u0131n bir araya geldi\u011fi toplant\u0131da, okuyucu say\u0131s\u0131n\u0131 art\u0131rma planlar\u0131 tart\u0131\u015f\u0131ld\u0131. Burhaniye Halk K\u00fct\u00fcphanesi Salonu&#8217;ndaki toplant\u0131ya \u0130l K\u00fclt\u00fcr M\u00fcd\u00fcr Yard\u0131mc\u0131s\u0131 \u015eaban Akkol, \u015eube M\u00fcd\u00fcr\u00fc \u0130hsan Ke\u00e7eli,<\/p>\n","protected":false},"author":1,"featured_media":0,"comment_status":"open","ping_status":"open","sticky":false,"template":"","format":"standard","meta":{"footnotes":""},"categories":[1],"tags":[848],"class_list":["post-11742","post","type-post","status-publish","format-standard","hentry","category-genel","tag-halk-kutuphaneleri"],"_links":{"self":[{"href":"https:\/\/www.bbyhaber.com\/bby\/wp-json\/wp\/v2\/posts\/11742"}],"collection":[{"href":"https:\/\/www.bbyhaber.com\/bby\/wp-json\/wp\/v2\/posts"}],"about":[{"href":"https:\/\/www.bbyhaber.com\/bby\/wp-json\/wp\/v2\/types\/post"}],"author":[{"embeddable":true,"href":"https:\/\/www.bbyhaber.com\/bby\/wp-json\/wp\/v2\/users\/1"}],"replies":[{"embeddable":true,"href":"https:\/\/www.bbyhaber.com\/bby\/wp-json\/wp\/v2\/comments?post=11742"}],"version-history":[{"count":0,"href":"https:\/\/www.bbyhaber.com\/bby\/wp-json\/wp\/v2\/posts\/11742\/revisions"}],"wp:attachment":[{"href":"https:\/\/www.bbyhaber.com\/bby\/wp-json\/wp\/v2\/media?parent=11742"}],"wp:term":[{"taxonomy":"category","embeddable":true,"href":"https:\/\/www.bbyhaber.com\/bby\/wp-json\/wp\/v2\/categories?post=11742"},{"taxonomy":"post_tag","embeddable":true,"href":"https:\/\/www.bbyhaber.com\/bby\/wp-json\/wp\/v2\/tags?post=11742"}],"curies":[{"name":"wp","href":"https:\/\/api.w.org\/{rel}","templated":true}]}}