{"id":11738,"date":"2013-09-06T23:19:58","date_gmt":"2013-09-06T20:19:58","guid":{"rendered":"http:\/\/www.bbyhaber.com\/bby\/?p=11738"},"modified":"2013-09-06T23:19:58","modified_gmt":"2013-09-06T20:19:58","slug":"oyuncak-kutuphaneler-yillik-toplantisi-adiyamanda-yapildi","status":"publish","type":"post","link":"https:\/\/www.bbyhaber.com\/bby\/2013\/09\/06\/oyuncak-kutuphaneler-yillik-toplantisi-adiyamanda-yapildi","title":{"rendered":"Oyuncak K\u00fct\u00fcphaneler Y\u0131ll\u0131k Toplant\u0131s\u0131 Ad\u0131yaman&#8217;da Yap\u0131ld\u0131"},"content":{"rendered":"<p style=\"text-align: justify;\"><img loading=\"lazy\" decoding=\"async\" class=\"alignleft\" src=\"http:\/\/www.haberler.com\/haber-resimleri\/451\/oyuncak-kutuphaneler-yillik-toplantisi-adiyam-5028451_o.jpg\" alt=\"\" width=\"250\" height=\"150\" \/>2. T\u00fcrkiye Oyuncak K\u00fct\u00fcphaneleri y\u0131ll\u0131k toplant\u0131s\u0131 Ad\u0131yaman&#8217;da \u00e7e\u015fitli illerden gelen kat\u0131l\u0131mc\u0131larla ger\u00e7ekle\u015ftirildi. Ad\u0131yaman \u015eehit Cem \u00d6zg\u00fcl \u0130lkokulu salonunda ger\u00e7ekle\u015ftirilen 2. T\u00fcrkiye Oyuncak K\u00fct\u00fcphaneleri y\u0131ll\u0131k toplant\u0131s\u0131na Uluslar aras\u0131 Oyuncak Birli\u011fi Y\u00f6netim Kurulu \u00dcyesi I\u015f\u0131l Komalaj, \u00e7e\u015fitli \u00fcniversitelerden ve \u00e7e\u015fitli illerden halk k\u00fct\u00fcphane sorumlular\u0131 kat\u0131ld\u0131.<!--more--><\/p>\n<p style=\"text-align: justify;\">\u0130lki Marmara \u00dcniversitesi&#8217;nde ger\u00e7ekle\u015ftirilen toplant\u0131n\u0131n ikincisinin ger\u00e7ekle\u015ftirildi\u011fi Ad\u0131yaman&#8217;da Oyuncak K\u00fct\u00fcphane Projesi&#8217;nde gelinen nokta ve projenin geli\u015ftirilmesi noktas\u0131 yap\u0131labilecekler konu\u015fuldu.<\/p>\n<p style=\"text-align: justify;\">Kalp Ankara E\u011fitim ve Gen\u00e7lik Merkezi Derne\u011fi taraf\u0131ndan projeyle ilgili bilgi veren Uluslararas\u0131 Oyuncak Birli\u011fi Y\u00f6netim Kurulu \u00dcyesi I\u015f\u0131l Komalaj, &#8220;Oyuncak K\u00fct\u00fcphanesi&#8217;nin toplumun t\u00fcm kesimlerince kabul edilmi\u015f bir yerel dayan\u0131\u015fma ve sosyal sorumluluk projesidir. \u00d6z\u00fcmsenen dahil etme politikas\u0131 dolay\u0131s\u0131yla ula\u015f\u0131lan her \u00e7ocu\u011fa oyun ve oyuncak k\u00fclt\u00fcr\u00fcn\u00fc ula\u015ft\u0131rmay\u0131 ve sosyal-ekonomik imkanlar\u0131 k\u0131s\u0131tl\u0131 \u00e7ocuklar\u0131n sosyal hayata dahil edilmesi ama\u00e7lanmaktad\u0131r. Projemizin temel i\u015fleyi\u015fi destek\u00e7ilerimizin ba\u011f\u0131\u015flar\u0131 ile gelen oyuncaklar\u0131n hedef kitlemiz taraf\u0131ndan \u00f6d\u00fcn\u00e7 al\u0131narak kullan\u0131lmas\u0131na dayanmaktad\u0131r. Toplan\u0131lan oyuncaklar\u0131n kullan\u0131ma elveri\u015fli hale getirilmesi, ya\u015f gruplar\u0131na ayr\u0131lmas\u0131 ve listelenmesinin ard\u0131ndan k\u00fct\u00fcphanemizin raflar\u0131nda yer almaktad\u0131r&#8221; dedi.<\/p>\n<p style=\"text-align: justify;\">Kaynak: http:\/\/www.haberler.com\/<\/p>\n","protected":false},"excerpt":{"rendered":"<p>2. T\u00fcrkiye Oyuncak K\u00fct\u00fcphaneleri y\u0131ll\u0131k toplant\u0131s\u0131 Ad\u0131yaman&#8217;da \u00e7e\u015fitli illerden gelen kat\u0131l\u0131mc\u0131larla ger\u00e7ekle\u015ftirildi. Ad\u0131yaman \u015eehit Cem \u00d6zg\u00fcl \u0130lkokulu salonunda ger\u00e7ekle\u015ftirilen 2. T\u00fcrkiye Oyuncak K\u00fct\u00fcphaneleri y\u0131ll\u0131k toplant\u0131s\u0131na Uluslar aras\u0131 Oyuncak Birli\u011fi Y\u00f6netim Kurulu \u00dcyesi I\u015f\u0131l Komalaj, \u00e7e\u015fitli \u00fcniversitelerden ve \u00e7e\u015fitli illerden halk k\u00fct\u00fcphane sorumlular\u0131 kat\u0131ld\u0131.<\/p>\n","protected":false},"author":1,"featured_media":0,"comment_status":"open","ping_status":"open","sticky":false,"template":"","format":"standard","meta":{"footnotes":""},"categories":[1,1594],"tags":[1442],"class_list":["post-11738","post","type-post","status-publish","format-standard","hentry","category-genel","category-oyuncak-kutuphanesi","tag-oyuncak-kutuphaneleri"],"_links":{"self":[{"href":"https:\/\/www.bbyhaber.com\/bby\/wp-json\/wp\/v2\/posts\/11738"}],"collection":[{"href":"https:\/\/www.bbyhaber.com\/bby\/wp-json\/wp\/v2\/posts"}],"about":[{"href":"https:\/\/www.bbyhaber.com\/bby\/wp-json\/wp\/v2\/types\/post"}],"author":[{"embeddable":true,"href":"https:\/\/www.bbyhaber.com\/bby\/wp-json\/wp\/v2\/users\/1"}],"replies":[{"embeddable":true,"href":"https:\/\/www.bbyhaber.com\/bby\/wp-json\/wp\/v2\/comments?post=11738"}],"version-history":[{"count":0,"href":"https:\/\/www.bbyhaber.com\/bby\/wp-json\/wp\/v2\/posts\/11738\/revisions"}],"wp:attachment":[{"href":"https:\/\/www.bbyhaber.com\/bby\/wp-json\/wp\/v2\/media?parent=11738"}],"wp:term":[{"taxonomy":"category","embeddable":true,"href":"https:\/\/www.bbyhaber.com\/bby\/wp-json\/wp\/v2\/categories?post=11738"},{"taxonomy":"post_tag","embeddable":true,"href":"https:\/\/www.bbyhaber.com\/bby\/wp-json\/wp\/v2\/tags?post=11738"}],"curies":[{"name":"wp","href":"https:\/\/api.w.org\/{rel}","templated":true}]}}