{"id":11729,"date":"2013-09-05T17:04:37","date_gmt":"2013-09-05T14:04:37","guid":{"rendered":"http:\/\/www.bbyhaber.com\/bby\/?p=11729"},"modified":"2013-09-05T17:04:53","modified_gmt":"2013-09-05T14:04:53","slug":"librairie-de-pera-kitabevi-yasayacak","status":"publish","type":"post","link":"https:\/\/www.bbyhaber.com\/bby\/2013\/09\/05\/librairie-de-pera-kitabevi-yasayacak","title":{"rendered":"Librairie de P\u00e9ra kitabevi ya\u015fayacak"},"content":{"rendered":"<p style=\"text-align: justify;\"><a href=\"http:\/\/i.radikal.com.tr\/480x325\/2013\/09\/04\/fft64_mf1631056.Jpeg\"><img loading=\"lazy\" decoding=\"async\" class=\"alignleft\" src=\"http:\/\/i.radikal.com.tr\/480x325\/2013\/09\/04\/fft64_mf1631056.Jpeg\" alt=\"\" width=\"230\" height=\"135\" \/><\/a>Pazartesi g\u00fcn\u00fc kap\u0131lar\u0131n\u0131 kapatmak zorunda kalan \u0130stanbul\u2019un en eski kitabevi Librairie de P\u00e9ra i\u00e7in umut do\u011fdu. Kitapevinin de bulundu\u011fu binan\u0131n ihalesini alan d\u00f6rt ortaktan Ali Tanr\u0131kulu iki y\u0131l s\u00fcrmesi planlanan restorasyon \u00e7al\u0131\u015fmas\u0131n\u0131n ard\u0131ndan, teknik bir aksakl\u0131k \u00e7\u0131kmazsa Librairie de P\u00e9ra\u2019y\u0131 ayn\u0131 isimle ya\u015fatmak istediklerini s\u00f6yledi. Binan\u0131n bir b\u00fct\u00fcn olarak kiraland\u0131\u011f\u0131n\u0131 s\u00f6yleyen Tanr\u0131kulu, kitap\u00e7\u0131n\u0131n i\u00e7inde bulundu\u011fu k\u0131sm\u0131n d\u00fczenlemenin ard\u0131ndan yeniden a\u00e7\u0131lmas\u0131 taraftar\u0131 olduklar\u0131n\u0131 belirtti. <!--more-->Bu konuda nihai karar\u0131n ise K\u00fclt\u00fcr Bakanl\u0131\u011f\u0131 ve Vak\u0131flar M\u00fcd\u00fcrl\u00fc\u011f\u00fc\u2019ne ait olaca\u011f\u0131n\u0131 dile getiren Tanr\u0131kulu binay\u0131 bo\u015faltma i\u015finin bakanl\u0131k\u00e7a y\u00fcr\u00fct\u00fcld\u00fc\u011f\u00fcn\u00fc aktard\u0131.<\/p>\n<p style=\"text-align: justify;\">Librairie de P\u00e9ra\u2019n\u0131n ak\u0131beti ne olacak sorusuna ise e\u011fer prensipte anla\u015f\u0131l\u0131rsa d\u00fckk\u00e2n\u0131 yine U\u011fur G\u00fcracar\u2019a kiralamay\u0131 istedikleri cevab\u0131n\u0131 veren Tanr\u0131kulu, talep edilecek kira miktar\u0131n\u0131n sorun olmayaca\u011f\u0131n\u0131 ifade etti.Anla\u015fman\u0131n sa\u011flanamama durumunda ise \u201cAyn\u0131 konseptle ve ayn\u0131 isimle mek\u00e2n\u0131 ya\u015fatmak istiyoruz\u201d diyen Tanr\u0131kulu burada karar\u0131n Vak\u0131flar M\u00fcd\u00fcrl\u00fc\u011f\u00fc, i\u00e7inde bulundu\u011fu ortakl\u0131k ve Librairie de P\u00e9ra\u2019n\u0131n sahibi U\u011fur G\u00fcracar\u2019a ba\u011fl\u0131 oldu\u011funu s\u00f6yl\u00fcyor. Tanr\u0131kulu\u2019nun Librairie de P\u00e9ra\u2019n\u0131n restorasyon sonras\u0131 yeniden a\u00e7\u0131laca\u011f\u0131n\u0131 taahh\u00fcd\u00fcn\u00fcn ard\u0131ndan g\u00f6r\u00fc\u015flerine ba\u015fvurdu\u011fumuz U\u011fur G\u00fcracar ise \u201cYapt\u0131\u011f\u0131m i\u015fin kar\u015f\u0131layabilece\u011fi fiyat verilirse muhte\u015fem olur tabi\u201d cevab\u0131n\u0131 verdi.<\/p>\n<p style=\"text-align: justify;\">Kaynak: http:\/\/www.radikal.com.tr<\/p>\n","protected":false},"excerpt":{"rendered":"<p>Pazartesi g\u00fcn\u00fc kap\u0131lar\u0131n\u0131 kapatmak zorunda kalan \u0130stanbul\u2019un en eski kitabevi Librairie de P\u00e9ra i\u00e7in umut do\u011fdu. Kitapevinin de bulundu\u011fu binan\u0131n ihalesini alan d\u00f6rt ortaktan Ali Tanr\u0131kulu iki y\u0131l s\u00fcrmesi planlanan restorasyon \u00e7al\u0131\u015fmas\u0131n\u0131n ard\u0131ndan, teknik bir aksakl\u0131k \u00e7\u0131kmazsa Librairie de P\u00e9ra\u2019y\u0131 ayn\u0131 isimle ya\u015fatmak istediklerini s\u00f6yledi. Binan\u0131n bir b\u00fct\u00fcn olarak kiraland\u0131\u011f\u0131n\u0131 s\u00f6yleyen Tanr\u0131kulu, kitap\u00e7\u0131n\u0131n i\u00e7inde bulundu\u011fu [&hellip;]<\/p>\n","protected":false},"author":1,"featured_media":0,"comment_status":"open","ping_status":"open","sticky":false,"template":"","format":"standard","meta":{"footnotes":""},"categories":[1],"tags":[502],"class_list":["post-11729","post","type-post","status-publish","format-standard","hentry","category-genel","tag-librairie-de-pera"],"_links":{"self":[{"href":"https:\/\/www.bbyhaber.com\/bby\/wp-json\/wp\/v2\/posts\/11729"}],"collection":[{"href":"https:\/\/www.bbyhaber.com\/bby\/wp-json\/wp\/v2\/posts"}],"about":[{"href":"https:\/\/www.bbyhaber.com\/bby\/wp-json\/wp\/v2\/types\/post"}],"author":[{"embeddable":true,"href":"https:\/\/www.bbyhaber.com\/bby\/wp-json\/wp\/v2\/users\/1"}],"replies":[{"embeddable":true,"href":"https:\/\/www.bbyhaber.com\/bby\/wp-json\/wp\/v2\/comments?post=11729"}],"version-history":[{"count":0,"href":"https:\/\/www.bbyhaber.com\/bby\/wp-json\/wp\/v2\/posts\/11729\/revisions"}],"wp:attachment":[{"href":"https:\/\/www.bbyhaber.com\/bby\/wp-json\/wp\/v2\/media?parent=11729"}],"wp:term":[{"taxonomy":"category","embeddable":true,"href":"https:\/\/www.bbyhaber.com\/bby\/wp-json\/wp\/v2\/categories?post=11729"},{"taxonomy":"post_tag","embeddable":true,"href":"https:\/\/www.bbyhaber.com\/bby\/wp-json\/wp\/v2\/tags?post=11729"}],"curies":[{"name":"wp","href":"https:\/\/api.w.org\/{rel}","templated":true}]}}