{"id":11720,"date":"2013-09-05T09:31:58","date_gmt":"2013-09-05T06:31:58","guid":{"rendered":"http:\/\/www.bbyhaber.com\/bby\/?p=11720"},"modified":"2013-10-22T17:02:52","modified_gmt":"2013-10-22T14:02:52","slug":"2-ulusal-acik-erisim-calistayi21-22-ekim-2013izmir","status":"publish","type":"post","link":"https:\/\/www.bbyhaber.com\/bby\/2013\/09\/05\/2-ulusal-acik-erisim-calistayi21-22-ekim-2013izmir","title":{"rendered":"2.Ulusal A\u00e7\u0131k Eri\u015fim \u00c7al\u0131\u015ftay\u0131,21-22 Ekim 2013,\u0130zmir"},"content":{"rendered":"<p style=\"text-align: justify;\">Kamu kaynaklar\u0131yla desteklenen bilimsel yay\u0131nlara &amp; verilere herkesin \u00fccretsiz olarak eri\u015febilmesi, bu yay\u0131nlar\u0131n &amp; verilerin kurumsal dijital ar\u015fivler arac\u0131l\u0131\u011f\u0131yla eri\u015fime a\u00e7\u0131lmas\u0131 ve bunun i\u00e7in gereken politika, strateji, mevzuat ve a\u00e7\u0131k eri\u015fim alt yap\u0131s\u0131n\u0131 tart\u0131\u015fmak amac\u0131yla d\u00fczenlenen Ulusal A\u00e7\u0131k Eri\u015fim \u00c7al\u0131\u015ftay\u0131&#8217;n\u0131n ilki; 8-9 Kas\u0131m 2012 tarihlerinde Hacettepe \u00dcniversitesi Kongre ve K\u00fclt\u00fcr Merkezi\u2019nde, \u00fcniversiteleri, kamu kurumlar\u0131n\u0131, mesleki dernekleri ve yay\u0131nc\u0131lar\u0131 temsilen yakla\u015f\u0131k 200 delegenin kat\u0131l\u0131m\u0131yla ger\u00e7ekle\u015ftirilmi\u015fti.<br \/>\n<!--more--><\/p>\n<p style=\"text-align: justify;\">Ge\u00e7en y\u0131l ilki d\u00fczenlenen &#8220;<strong>Ulusal A\u00e7\u0131k Eri\u015fim \u00c7al\u0131\u015ftay\u0131<\/strong>&#8220;n\u0131n <span style=\"color: #0000ff;\"><strong>ikincisi<\/strong><\/span>; <span style=\"color: #ff0000;\"><strong>21-22 Ekim 2013 tarihlerinde \u0130zmir Y\u00fcksek Teknoloji Enstit\u00fcs\u00fc<\/strong><\/span> ev sahipli\u011finde a\u015fa\u011f\u0131da yer alan konu ba\u015fl\u0131klar\u0131 \u00e7er\u00e7evesinde ger\u00e7ekle\u015ftirilecektir.<\/p>\n<ul>\n<li style=\"text-align: justify;\">\u00d6nemli yay\u0131nevlerinin a\u00e7\u0131k eri\u015fim konusundaki stratejileri ve yapt\u0131klar\u0131 \u00e7al\u0131\u015fmalar<\/li>\n<li style=\"text-align: justify;\">Akademisyenlerin g\u00f6z\u00fcnden a\u00e7\u0131k eri\u015fim olgusu<\/li>\n<li style=\"text-align: justify;\">Mevcut a\u00e7\u0131k eri\u015fim kaynaklar\u0131n\u0131n neler oldu\u011fu ve bunlardan nas\u0131l yararlan\u0131labilece\u011fine ili\u015fkin bilgiler<\/li>\n<li style=\"text-align: justify;\">A\u00e7\u0131k eri\u015fim konusunda \u00e7e\u015fitli uygulamalar<\/li>\n<li style=\"text-align: justify;\">&#8220;Ara\u015ft\u0131rma verisi ve a\u00e7\u0131k veri&#8221; konular\u0131<\/li>\n<li style=\"text-align: justify;\">T\u00dcB\u0130TAK ULAKB\u0130M M\u00fcd\u00fcr\u00fc Say\u0131n\u00a0 Ahmet KAPLAN\u2019\u0131n katk\u0131lar\u0131yla, \u00fclkemizdeki en \u00f6nemli fon sa\u011flay\u0131c\u0131 T\u00dcB\u0130TAK\u2019\u0131n a\u00e7\u0131k eri\u015fim konusuna bak\u0131\u015f\u0131 ve bu konuda yapt\u0131klar\u0131 \u00e7al\u0131\u015fmalar<\/li>\n<\/ul>\n<p>Ufuk a\u00e7\u0131c\u0131 olaca\u011f\u0131na inand\u0131\u011f\u0131m\u0131z \u201c2.Ulusal A\u00e7\u0131k Eri\u015fim \u00c7al\u0131\u015ftay\u0131&#8221;na; t\u00fcm ara\u015ft\u0131rmac\u0131lar, akademisyenler, yay\u0131nc\u0131lar, k\u00fct\u00fcphaneciler, ara\u015ft\u0131rma ofisi \u00e7al\u0131\u015fanlar\u0131 ve fon sa\u011flay\u0131c\u0131 kurumlar\u0131n temsilcileri davetlidir.<\/p>\n<p><span style=\"color: #0000ff;\"><strong>2.Ulusal A\u00e7\u0131k Eri\u015fim \u00c7al\u0131\u015ftay\u0131 web sitesi<\/strong><\/span>: <a href=\"http:\/\/www.acikerisim.org\" target=\"_blank\">http:\/\/www.acikerisim.org<\/a><\/p>\n<p><a href=\"http:\/\/www.acikerisim.org\/kayit\/\" target=\"_blank\"><strong><span style=\"color: #ff0000;\">\u00d6NEML\u0130<\/span>&#8211;&gt; <span style=\"color: #0000ff;\">\u00c7al\u0131\u015ftaya kat\u0131lacaklar\u0131n kay\u0131t formunu doldurmas\u0131 gerekmektedir, l\u00fctfen t\u0131klay\u0131n\u0131z<\/span><\/strong><\/a><\/p>\n<p>&#8212;&#8212;<\/p>\n<p><a href=\"http:\/\/www.bbyhaber.com\/bby\/wp-content\/uploads\/dosyalar\/acikerisim\/belgeler\/ulusal-acik-erisim-calistayi-sonuc-bildirgesi-tr.pdf\" target=\"_blank\">2012 Ulusal A\u00e7\u0131k Eri\u015fim \u00c7al\u0131\u015ftay\u0131 sonu\u00e7 bildirgesi i\u00e7in t\u0131klay\u0131n\u0131z<\/a><\/p>\n","protected":false},"excerpt":{"rendered":"<p>Kamu kaynaklar\u0131yla desteklenen bilimsel yay\u0131nlara &amp; verilere herkesin \u00fccretsiz olarak eri\u015febilmesi, bu yay\u0131nlar\u0131n &amp; verilerin kurumsal dijital ar\u015fivler arac\u0131l\u0131\u011f\u0131yla eri\u015fime a\u00e7\u0131lmas\u0131 ve bunun i\u00e7in gereken politika, strateji, mevzuat ve a\u00e7\u0131k eri\u015fim alt yap\u0131s\u0131n\u0131 tart\u0131\u015fmak amac\u0131yla d\u00fczenlenen Ulusal A\u00e7\u0131k Eri\u015fim \u00c7al\u0131\u015ftay\u0131&#8217;n\u0131n ilki; 8-9 Kas\u0131m 2012 tarihlerinde Hacettepe \u00dcniversitesi Kongre ve K\u00fclt\u00fcr Merkezi\u2019nde, \u00fcniversiteleri, kamu kurumlar\u0131n\u0131, mesleki [&hellip;]<\/p>\n","protected":false},"author":1,"featured_media":0,"comment_status":"open","ping_status":"open","sticky":false,"template":"","format":"standard","meta":{"footnotes":""},"categories":[1472,1473,1501],"tags":[1395,411],"class_list":["post-11720","post","type-post","status-publish","format-standard","hentry","category-acik-arsiv","category-acik-erisim","category-open-access","tag-bby-mesleki-etkinlikler-arsivi","tag-ulusal-acik-erisim-politikasi"],"_links":{"self":[{"href":"https:\/\/www.bbyhaber.com\/bby\/wp-json\/wp\/v2\/posts\/11720"}],"collection":[{"href":"https:\/\/www.bbyhaber.com\/bby\/wp-json\/wp\/v2\/posts"}],"about":[{"href":"https:\/\/www.bbyhaber.com\/bby\/wp-json\/wp\/v2\/types\/post"}],"author":[{"embeddable":true,"href":"https:\/\/www.bbyhaber.com\/bby\/wp-json\/wp\/v2\/users\/1"}],"replies":[{"embeddable":true,"href":"https:\/\/www.bbyhaber.com\/bby\/wp-json\/wp\/v2\/comments?post=11720"}],"version-history":[{"count":0,"href":"https:\/\/www.bbyhaber.com\/bby\/wp-json\/wp\/v2\/posts\/11720\/revisions"}],"wp:attachment":[{"href":"https:\/\/www.bbyhaber.com\/bby\/wp-json\/wp\/v2\/media?parent=11720"}],"wp:term":[{"taxonomy":"category","embeddable":true,"href":"https:\/\/www.bbyhaber.com\/bby\/wp-json\/wp\/v2\/categories?post=11720"},{"taxonomy":"post_tag","embeddable":true,"href":"https:\/\/www.bbyhaber.com\/bby\/wp-json\/wp\/v2\/tags?post=11720"}],"curies":[{"name":"wp","href":"https:\/\/api.w.org\/{rel}","templated":true}]}}