{"id":11711,"date":"2013-09-03T21:26:27","date_gmt":"2013-09-03T18:26:27","guid":{"rendered":"http:\/\/www.bbyhaber.com\/bby\/?p=11711"},"modified":"2013-09-03T21:26:40","modified_gmt":"2013-09-03T18:26:40","slug":"corum-anadolu-birliginden-sungurluya-3-bin-kitaplik-kutuphane","status":"publish","type":"post","link":"https:\/\/www.bbyhaber.com\/bby\/2013\/09\/03\/corum-anadolu-birliginden-sungurluya-3-bin-kitaplik-kutuphane","title":{"rendered":"\u00c7orum Anadolu Birli\u011fi&#8217;nden Sungurlu&#8217;ya 3 Bin Kitapl\u0131k K\u00fct\u00fcphane"},"content":{"rendered":"<p style=\"text-align: justify;\">\u00c7orum Anadolu Birli\u011fi taraf\u0131ndan, \u201cSungurlu \u0130\u00e7in Bende Var\u0131m\u201d projesi \u00e7er\u00e7evesinde dernek binas\u0131nda olu\u015fturulan 3 bin kitapl\u0131k k\u00fct\u00fcphane a\u00e7\u0131ld\u0131. \u00c7orum Anadolu Birli\u011fi Ba\u015fkan\u0131 Okay Er\u00f6zg\u00fcn; \u201cHayat\u0131 Anlamland\u0131rmak \u0130\u00e7in Biz Kitap Okuyoruz\u201d slogan\u0131yla yola \u00e7\u0131kt\u0131klar\u0131n\u0131 kaydederek, bu ama\u00e7la dernek merkezi i\u00e7erisine 3 bin kitapl\u0131k bir k\u00fct\u00fcphane ve okuma yeri a\u00e7t\u0131klar\u0131n\u0131 belirtti.<!--more--><\/p>\n<p style=\"text-align: justify;\">T\u00fcm il\u00e7e halk\u0131 ve gen\u00e7leri dernek merkezinde bulunan k\u00fct\u00fcphaneye kitap okumaya beklediklerini dile getiren Er\u00f6zg\u00fcn, &#8220;Kitap okumak isteyenler, dernek binam\u0131zda ya da emanet alarak evlerinde okuyabileceklerdir.&#8221; a\u00e7\u0131klamas\u0131nda bulundu. Er\u00f6zg\u00fcn, Dernek merkezindeki kitaplar\u0131n zaman aral\u0131klar\u0131yla yenilenmekte, oldu\u011funu ve talebe g\u00f6re de eklemeler yap\u0131laca\u011f\u0131na dikkat \u00e7ekerek, Ayr\u0131ca dernek binam\u0131zda istedikleri bilgiye interaktif olarak da ula\u015fabilecekleri imk\u00e2nlar sa\u011flanm\u0131\u015ft\u0131r. Gelece\u011fimizin teminat\u0131 gen\u00e7lerimizin \u00f6zellikle u\u011frak yeri olmas\u0131n\u0131 ama\u00e7l\u0131yoruz. Gen\u00e7lerimizde kitap okuma al\u0131\u015fkanl\u0131\u011f\u0131n\u0131 art\u0131rmak i\u00e7in baz\u0131 zamanlar k\u00fct\u00fcphanemizi ziyaret eden gen\u00e7lerimize k\u00fc\u00e7\u00fck hediyelerimiz olacakt\u0131r.\u00c7orum Anadolu Birli\u011fi olarak okullar\u0131n ba\u015flamas\u0131yla birlikte \u00f6d\u00fcll\u00fc kitap okuma kampanyalar\u0131 d\u00fczenleyece\u011fiz\u201d ifadelerini kulland\u0131.<\/p>\n<p>Kaynak: http:\/\/haberciniz.biz\/<\/p>\n","protected":false},"excerpt":{"rendered":"<p>\u00c7orum Anadolu Birli\u011fi taraf\u0131ndan, \u201cSungurlu \u0130\u00e7in Bende Var\u0131m\u201d projesi \u00e7er\u00e7evesinde dernek binas\u0131nda olu\u015fturulan 3 bin kitapl\u0131k k\u00fct\u00fcphane a\u00e7\u0131ld\u0131. \u00c7orum Anadolu Birli\u011fi Ba\u015fkan\u0131 Okay Er\u00f6zg\u00fcn; \u201cHayat\u0131 Anlamland\u0131rmak \u0130\u00e7in Biz Kitap Okuyoruz\u201d slogan\u0131yla yola \u00e7\u0131kt\u0131klar\u0131n\u0131 kaydederek, bu ama\u00e7la dernek merkezi i\u00e7erisine 3 bin kitapl\u0131k bir k\u00fct\u00fcphane ve okuma yeri a\u00e7t\u0131klar\u0131n\u0131 belirtti.<\/p>\n","protected":false},"author":1,"featured_media":0,"comment_status":"open","ping_status":"open","sticky":false,"template":"","format":"standard","meta":{"footnotes":""},"categories":[1],"tags":[],"class_list":["post-11711","post","type-post","status-publish","format-standard","hentry","category-genel"],"_links":{"self":[{"href":"https:\/\/www.bbyhaber.com\/bby\/wp-json\/wp\/v2\/posts\/11711"}],"collection":[{"href":"https:\/\/www.bbyhaber.com\/bby\/wp-json\/wp\/v2\/posts"}],"about":[{"href":"https:\/\/www.bbyhaber.com\/bby\/wp-json\/wp\/v2\/types\/post"}],"author":[{"embeddable":true,"href":"https:\/\/www.bbyhaber.com\/bby\/wp-json\/wp\/v2\/users\/1"}],"replies":[{"embeddable":true,"href":"https:\/\/www.bbyhaber.com\/bby\/wp-json\/wp\/v2\/comments?post=11711"}],"version-history":[{"count":0,"href":"https:\/\/www.bbyhaber.com\/bby\/wp-json\/wp\/v2\/posts\/11711\/revisions"}],"wp:attachment":[{"href":"https:\/\/www.bbyhaber.com\/bby\/wp-json\/wp\/v2\/media?parent=11711"}],"wp:term":[{"taxonomy":"category","embeddable":true,"href":"https:\/\/www.bbyhaber.com\/bby\/wp-json\/wp\/v2\/categories?post=11711"},{"taxonomy":"post_tag","embeddable":true,"href":"https:\/\/www.bbyhaber.com\/bby\/wp-json\/wp\/v2\/tags?post=11711"}],"curies":[{"name":"wp","href":"https:\/\/api.w.org\/{rel}","templated":true}]}}