{"id":11709,"date":"2013-09-03T09:24:19","date_gmt":"2013-09-03T06:24:19","guid":{"rendered":"http:\/\/www.bbyhaber.com\/bby\/?p=11709"},"modified":"2013-09-03T09:24:19","modified_gmt":"2013-09-03T06:24:19","slug":"20-yil-sonra-emekliye-ayriliyor-batman-gezici-kutuphane","status":"publish","type":"post","link":"https:\/\/www.bbyhaber.com\/bby\/2013\/09\/03\/20-yil-sonra-emekliye-ayriliyor-batman-gezici-kutuphane","title":{"rendered":"20 Y\u0131l Sonra Emekliye Ayr\u0131l\u0131yor-Batman Gezici K\u00fct\u00fcphane"},"content":{"rendered":"<p style=\"text-align: justify;\">Batman \u0130l Halk K\u00fct\u00fcphanesinde 20 y\u0131ld\u0131r g\u00f6revde olan Gezici K\u00fct\u00fcphane Arac\u0131 emekli oluyor. 1993 y\u0131l\u0131ndan bu yana Batman Kent Merkezi, k\u00f6y ve mezralarda gezici k\u00fct\u00fcphane olarak g\u00f6rev yapan 1993 model Karsan Marka Midib\u00fcs, Eyl\u00fcl Ay\u0131 itibariyle g\u00f6rev almayacak. Binlerce insana kitap ta\u015f\u0131yarak k\u00fclt\u00fcr hizmetinde bulunan gezici k\u00fct\u00fcphane, bundan b\u00f6yle Maliye&#8217;ye teslim edilerek par\u00e7alara ayr\u0131lacak.<\/p>\n<p style=\"text-align: justify;\">Kaynak: http:\/\/www.batmanhaber.com<\/p>\n","protected":false},"excerpt":{"rendered":"<p>Batman \u0130l Halk K\u00fct\u00fcphanesinde 20 y\u0131ld\u0131r g\u00f6revde olan Gezici K\u00fct\u00fcphane Arac\u0131 emekli oluyor. 1993 y\u0131l\u0131ndan bu yana Batman Kent Merkezi, k\u00f6y ve mezralarda gezici k\u00fct\u00fcphane olarak g\u00f6rev yapan 1993 model Karsan Marka Midib\u00fcs, Eyl\u00fcl Ay\u0131 itibariyle g\u00f6rev almayacak. Binlerce insana kitap ta\u015f\u0131yarak k\u00fclt\u00fcr hizmetinde bulunan gezici k\u00fct\u00fcphane, bundan b\u00f6yle Maliye&#8217;ye teslim edilerek par\u00e7alara ayr\u0131lacak. Kaynak: [&hellip;]<\/p>\n","protected":false},"author":1,"featured_media":0,"comment_status":"open","ping_status":"open","sticky":false,"template":"","format":"standard","meta":{"footnotes":""},"categories":[1,1486],"tags":[1440],"class_list":["post-11709","post","type-post","status-publish","format-standard","hentry","category-genel","category-gezici-kutuphane","tag-gezici-kutuphaneler"],"_links":{"self":[{"href":"https:\/\/www.bbyhaber.com\/bby\/wp-json\/wp\/v2\/posts\/11709"}],"collection":[{"href":"https:\/\/www.bbyhaber.com\/bby\/wp-json\/wp\/v2\/posts"}],"about":[{"href":"https:\/\/www.bbyhaber.com\/bby\/wp-json\/wp\/v2\/types\/post"}],"author":[{"embeddable":true,"href":"https:\/\/www.bbyhaber.com\/bby\/wp-json\/wp\/v2\/users\/1"}],"replies":[{"embeddable":true,"href":"https:\/\/www.bbyhaber.com\/bby\/wp-json\/wp\/v2\/comments?post=11709"}],"version-history":[{"count":0,"href":"https:\/\/www.bbyhaber.com\/bby\/wp-json\/wp\/v2\/posts\/11709\/revisions"}],"wp:attachment":[{"href":"https:\/\/www.bbyhaber.com\/bby\/wp-json\/wp\/v2\/media?parent=11709"}],"wp:term":[{"taxonomy":"category","embeddable":true,"href":"https:\/\/www.bbyhaber.com\/bby\/wp-json\/wp\/v2\/categories?post=11709"},{"taxonomy":"post_tag","embeddable":true,"href":"https:\/\/www.bbyhaber.com\/bby\/wp-json\/wp\/v2\/tags?post=11709"}],"curies":[{"name":"wp","href":"https:\/\/api.w.org\/{rel}","templated":true}]}}