{"id":11707,"date":"2013-09-03T09:21:54","date_gmt":"2013-09-03T06:21:54","guid":{"rendered":"http:\/\/www.bbyhaber.com\/bby\/?p=11707"},"modified":"2017-09-23T19:10:31","modified_gmt":"2017-09-23T16:10:31","slug":"kardes-kutuphane-projesi-protokolu-imzalandi-yozgat","status":"publish","type":"post","link":"https:\/\/www.bbyhaber.com\/bby\/2013\/09\/03\/kardes-kutuphane-projesi-protokolu-imzalandi-yozgat","title":{"rendered":"Karde\u015f K\u00fct\u00fcphane Projesi Protokol\u00fc \u0130mzaland\u0131-Yozgat"},"content":{"rendered":"<p style=\"text-align: justify;\">Kamu Hastaneleri Birli\u011fi Genel Sekreterimiz Op. Dr. Tuncay \u00d6ZT\u00dcRK, okuman\u0131n \u00f6nemine i\u015faret ederek, \u201cHastanelerde gerek poliklinik s\u0131ras\u0131 bekleyen gerekse yatan hastalar\u0131n ve refakat\u00e7\u0131lar\u0131n\u0131n bo\u015f ge\u00e7en zamanlar\u0131n\u0131 kitap okuyarak de\u011ferlendirmeleri i\u00e7in Konya Kitap Okuyor Platformu ile \u2018Karde\u015f K\u00fct\u00fcphane\u2019 projesi protokol\u00fc imzaland\u0131.<!--more--><\/p>\n<p style=\"text-align: justify;\">\u00dclkemizde kitaba gereken \u00f6nem verilmemektedir. Kitap okumas\u0131 gereken \u00e7ocuklar\u0131m\u0131z, gen\u00e7lerimiz zamanlar\u0131n\u0131n b\u00fcy\u00fck \u00e7o\u011funlu\u011funu internet kafelerde, televizyon ba\u015flar\u0131nda ge\u00e7irmektedirler. G\u00fcnl\u00fck ortalama 4-5 saat televizyon izleyen bir toplum olarak bilginin ve bilimin kayna\u011f\u0131 olan kitaplara gereken \u00f6nemi g\u00f6stermiyoruz. Bu konuda bir nebze olsun faydal\u0131 olabilmek amac\u0131yla il\u00e7elerimizdeki hastanelerimize k\u00fct\u00fcphane kurulmas\u0131 i\u00e7in \u00e7al\u0131\u015fmalar ba\u015flatt\u0131k. T\u00fcrkiye\u2019de ilk defa Konya\u2019da, Numune Hastanesine \u00e7ok g\u00fczel bir k\u00fct\u00fcphane kazand\u0131ran Konya Kitap Okuyor Platformu ile birlikte ortak proje kapsam\u0131nda \u201cKarde\u015f K\u00fct\u00fcphane\u201d protokol\u00fcn\u00fc imzalam\u0131\u015f bulunmaktay\u0131z. \u0130n\u015faallah en k\u0131sa zamanda il\u00e7elerimizdeki hastanelerimize k\u00fct\u00fcphane kurulmas\u0131n\u0131 sa\u011flayarak g\u00fczel bir hizmete \u00f6nc\u00fcl\u00fck etmi\u015f olaca\u011f\u0131z. \u00dclkemize ve milletimize hay\u0131rl\u0131 olmas\u0131n\u0131 diliyorum.\u201d dedi.<\/p>\n<p style=\"text-align: justify;\">Kaynak: http:\/\/www.yozgatkhb.gov.tr\/<\/p>\n","protected":false},"excerpt":{"rendered":"<p>Kamu Hastaneleri Birli\u011fi Genel Sekreterimiz Op. Dr. Tuncay \u00d6ZT\u00dcRK, okuman\u0131n \u00f6nemine i\u015faret ederek, \u201cHastanelerde gerek poliklinik s\u0131ras\u0131 bekleyen gerekse yatan hastalar\u0131n ve refakat\u00e7\u0131lar\u0131n\u0131n bo\u015f ge\u00e7en zamanlar\u0131n\u0131 kitap okuyarak de\u011ferlendirmeleri i\u00e7in Konya Kitap Okuyor Platformu ile \u2018Karde\u015f K\u00fct\u00fcphane\u2019 projesi protokol\u00fc imzaland\u0131.<\/p>\n","protected":false},"author":1,"featured_media":0,"comment_status":"open","ping_status":"open","sticky":false,"template":"","format":"standard","meta":{"footnotes":""},"categories":[1],"tags":[358],"class_list":["post-11707","post","type-post","status-publish","format-standard","hentry","category-genel","tag-hastane-kutuphaneleri"],"_links":{"self":[{"href":"https:\/\/www.bbyhaber.com\/bby\/wp-json\/wp\/v2\/posts\/11707"}],"collection":[{"href":"https:\/\/www.bbyhaber.com\/bby\/wp-json\/wp\/v2\/posts"}],"about":[{"href":"https:\/\/www.bbyhaber.com\/bby\/wp-json\/wp\/v2\/types\/post"}],"author":[{"embeddable":true,"href":"https:\/\/www.bbyhaber.com\/bby\/wp-json\/wp\/v2\/users\/1"}],"replies":[{"embeddable":true,"href":"https:\/\/www.bbyhaber.com\/bby\/wp-json\/wp\/v2\/comments?post=11707"}],"version-history":[{"count":1,"href":"https:\/\/www.bbyhaber.com\/bby\/wp-json\/wp\/v2\/posts\/11707\/revisions"}],"predecessor-version":[{"id":22683,"href":"https:\/\/www.bbyhaber.com\/bby\/wp-json\/wp\/v2\/posts\/11707\/revisions\/22683"}],"wp:attachment":[{"href":"https:\/\/www.bbyhaber.com\/bby\/wp-json\/wp\/v2\/media?parent=11707"}],"wp:term":[{"taxonomy":"category","embeddable":true,"href":"https:\/\/www.bbyhaber.com\/bby\/wp-json\/wp\/v2\/categories?post=11707"},{"taxonomy":"post_tag","embeddable":true,"href":"https:\/\/www.bbyhaber.com\/bby\/wp-json\/wp\/v2\/tags?post=11707"}],"curies":[{"name":"wp","href":"https:\/\/api.w.org\/{rel}","templated":true}]}}