{"id":11696,"date":"2013-08-29T09:14:23","date_gmt":"2013-08-29T06:14:23","guid":{"rendered":"http:\/\/www.bbyhaber.com\/bby\/?p=11696"},"modified":"2013-08-29T09:14:23","modified_gmt":"2013-08-29T06:14:23","slug":"kutuphaneler-kadro-bekliyor-corum","status":"publish","type":"post","link":"https:\/\/www.bbyhaber.com\/bby\/2013\/08\/29\/kutuphaneler-kadro-bekliyor-corum","title":{"rendered":"K\u00fct\u00fcphaneler kadro bekliyor-\u00c7orum"},"content":{"rendered":"<p style=\"text-align: justify;\">\u00c7orum\u2019da hizmet veren 5 adet k\u00fct\u00fcphanede yaln\u0131zca bir idari kadronun bulundu\u011fu bildirildi. K\u00fct\u00fcphanelerde idari kadro a\u00e7\u0131lmamas\u0131 nedeniyle, \u00c7orumlu k\u00fct\u00fcphanecilerin farkl\u0131 illere gitmek zorunda kald\u0131\u011f\u0131 belirtildi. Ge\u00e7mi\u015fte 3 olan k\u00fct\u00fcphane m\u00fcd\u00fcr\u00fc kadrosu say\u0131s\u0131n\u0131n 1\u2019e d\u00fc\u015f\u00fcr\u00fcld\u00fc\u011f\u00fcne dikkat \u00e7ekilirken di\u011fer illerde ise il\u00e7elerde dahi k\u00fct\u00fcphane m\u00fcd\u00fcrl\u00fc\u011f\u00fc kadrosunun a\u00e7\u0131ld\u0131\u011f\u0131 ifade edildi.<!--more--> \u00c7orum merkezde halen \u0130l Halk K\u00fct\u00fcphanesi, Hasanpa\u015fa Halk K\u00fct\u00fcphanesi, E\u015fref Ertekin Halk K\u00fct\u00fcphanesi, Faik Tongu\u00e7 \u00c7ocuk K\u00fct\u00fcphanesi ve Mehmet \u015eadiso\u011flu \u00c7ocuk K\u00fct\u00fcphanesi olmak \u00fczere 5 ayr\u0131 k\u00fct\u00fcphanenin hizmet verdi\u011fi hat\u0131rlat\u0131ld\u0131.<\/p>\n<p style=\"text-align: justify;\">Kaynak: http:\/\/www.corumhakimiyet.net<\/p>\n","protected":false},"excerpt":{"rendered":"<p>\u00c7orum\u2019da hizmet veren 5 adet k\u00fct\u00fcphanede yaln\u0131zca bir idari kadronun bulundu\u011fu bildirildi. K\u00fct\u00fcphanelerde idari kadro a\u00e7\u0131lmamas\u0131 nedeniyle, \u00c7orumlu k\u00fct\u00fcphanecilerin farkl\u0131 illere gitmek zorunda kald\u0131\u011f\u0131 belirtildi. Ge\u00e7mi\u015fte 3 olan k\u00fct\u00fcphane m\u00fcd\u00fcr\u00fc kadrosu say\u0131s\u0131n\u0131n 1\u2019e d\u00fc\u015f\u00fcr\u00fcld\u00fc\u011f\u00fcne dikkat \u00e7ekilirken di\u011fer illerde ise il\u00e7elerde dahi k\u00fct\u00fcphane m\u00fcd\u00fcrl\u00fc\u011f\u00fc kadrosunun a\u00e7\u0131ld\u0131\u011f\u0131 ifade edildi.<\/p>\n","protected":false},"author":1,"featured_media":0,"comment_status":"open","ping_status":"open","sticky":false,"template":"","format":"standard","meta":{"footnotes":""},"categories":[1],"tags":[],"class_list":["post-11696","post","type-post","status-publish","format-standard","hentry","category-genel"],"_links":{"self":[{"href":"https:\/\/www.bbyhaber.com\/bby\/wp-json\/wp\/v2\/posts\/11696"}],"collection":[{"href":"https:\/\/www.bbyhaber.com\/bby\/wp-json\/wp\/v2\/posts"}],"about":[{"href":"https:\/\/www.bbyhaber.com\/bby\/wp-json\/wp\/v2\/types\/post"}],"author":[{"embeddable":true,"href":"https:\/\/www.bbyhaber.com\/bby\/wp-json\/wp\/v2\/users\/1"}],"replies":[{"embeddable":true,"href":"https:\/\/www.bbyhaber.com\/bby\/wp-json\/wp\/v2\/comments?post=11696"}],"version-history":[{"count":0,"href":"https:\/\/www.bbyhaber.com\/bby\/wp-json\/wp\/v2\/posts\/11696\/revisions"}],"wp:attachment":[{"href":"https:\/\/www.bbyhaber.com\/bby\/wp-json\/wp\/v2\/media?parent=11696"}],"wp:term":[{"taxonomy":"category","embeddable":true,"href":"https:\/\/www.bbyhaber.com\/bby\/wp-json\/wp\/v2\/categories?post=11696"},{"taxonomy":"post_tag","embeddable":true,"href":"https:\/\/www.bbyhaber.com\/bby\/wp-json\/wp\/v2\/tags?post=11696"}],"curies":[{"name":"wp","href":"https:\/\/api.w.org\/{rel}","templated":true}]}}