{"id":11680,"date":"2013-08-26T16:21:50","date_gmt":"2013-08-26T13:21:50","guid":{"rendered":"http:\/\/www.bbyhaber.com\/bby\/?p=11680"},"modified":"2013-11-10T15:26:10","modified_gmt":"2013-11-10T13:26:10","slug":"halk-kutuphanesi-polis-karakolu","status":"publish","type":"post","link":"https:\/\/www.bbyhaber.com\/bby\/2013\/08\/26\/halk-kutuphanesi-polis-karakolu","title":{"rendered":"Halk k\u00fct\u00fcphanesi polis karakolu!"},"content":{"rendered":"<p style=\"text-align: justify;\">Van&#8217;da meydana gelen depremlerden sonra emniyet binas\u0131na hasarl\u0131 raporu verilince, polisler ge\u00e7ici olarak Muradiye Halk K\u00fct\u00fcphanesi&#8217;ne yerle\u015ftirildi. <strong>Halk K\u00fct\u00fcphanesi ise konteynere ta\u015f\u0131n\u0131rken, aradan ge\u00e7en 2 y\u0131la ra\u011fmen polis karakoluna \u00e7evrilen k\u00fct\u00fcphane bo\u015falt\u0131lmad\u0131.<\/strong> Duruma tepki g\u00f6steren Do\u011fan Ba\u015fak adl\u0131 yurtta\u015f,<!--more--> &#8220;Bu yap\u0131lanlar h\u00fck\u00fcmetin e\u011fitime ne kadar \u00f6nem verdi\u011finin bir g\u00f6stergesidir. 100&#8217;lerce gencimiz bu k\u00fct\u00fcphaneden yararlan\u0131yordu&#8221; dedi.<\/p>\n<p style=\"text-align: justify;\">Van&#8217;\u0131n Muradiye il\u00e7esinde 23 Ekim 2011 tarihinde meydana gelen depremden sonra hasarl\u0131 olan hi\u00e7bir kamu binas\u0131n\u0131n y\u0131k\u0131m\u0131 yap\u0131lmazken, hasarl\u0131 olan emniyet binas\u0131 i\u00e7in ise y\u0131k\u0131m karar\u0131 verildi. Y\u0131k\u0131m karar\u0131n\u0131n ard\u0131ndan emniyet binas\u0131nda \u00e7al\u0131\u015fan polisler, ge\u00e7ici olarak Muradiye Halk K\u00fct\u00fcphanesi&#8217;nin binas\u0131na yerle\u015ftirildi. Polislerin gelmesi ile birlikte k\u00fct\u00fcphane ise konteynere yerle\u015ftirildi. Depremin \u00fczerinden 2 y\u0131l ge\u00e7mesine ra\u011fmen halen k\u0131s\u0131tl\u0131 imkanlar ile k\u00fct\u00fcphane konteyner da hizmet vermeye \u00e7al\u0131\u015f\u0131rken, k\u00fct\u00fcphanede ise polisler kalmaya devam ediyor. Muradiye&#8217;de bir zamanlar \u00f6\u011frencilerin ders \u00e7al\u0131\u015ft\u0131\u011f\u0131, halk\u0131n kitap okudu\u011fu k\u00fct\u00fcphane art\u0131k polis karakolu olarak kullan\u0131l\u0131yor. \u0130l\u00e7ede bulunan \u00e7ok say\u0131da okulun k\u00fct\u00fcphanesi olmad\u0131\u011f\u0131 i\u00e7in \u00f6\u011frencilerin kitap temin edebildikleri tek yer olan Muradiye Halk K\u00fct\u00fcphanesi&#8217;nin polis karakolu olarak kullan\u0131lmas\u0131 il\u00e7ede en \u00e7ok \u00f6\u011frencileri ma\u011fdur ediyor.<\/p>\n<p style=\"text-align: justify;\"><strong>&#8216;Bat\u0131ya elektrik, yol, do\u011fuya karakol&#8217;<\/strong><\/p>\n<p style=\"text-align: justify;\">K\u00fct\u00fcphanenin kapat\u0131lmas\u0131na tepki g\u00f6steren Do\u011fan Ba\u015fak adl\u0131 yurtta\u015f, &#8220;H\u00fck\u00fcmet bat\u0131 illerine &#8216;elektrik, yol; do\u011fuya jandarma karakol&#8217; politikas\u0131 ile bu \u00fclkeyi y\u00f6netiyor. Bu yap\u0131lanlar h\u00fck\u00fcmetin e\u011fitime ne kadar \u00f6nem verdi\u011finin bir g\u00f6stergesidir. 100&#8217;lerce gencimiz bu k\u00fct\u00fcphaneden yararlan\u0131yor. Unutulmamal\u0131d\u0131r ki, yapt\u0131klar\u0131 bu uygulama oraya gelen gen\u00e7lerin gelece\u011finden daha \u00f6nemli olamaz. Yar\u0131n bu nedenden dolay\u0131 s\u0131nav\u0131 kazanamayan gen\u00e7lerin kayb\u0131n\u0131 kim \u00f6deyecek. Okuyan, ara\u015ft\u0131ran bu gen\u00e7lere destek sunulmal\u0131d\u0131r. K\u00fct\u00fcphanedeki bu i\u015fgalci g\u00fc\u00e7 \u00e7\u0131kar\u0131larak, tekrar gen\u00e7lerin hizmetine sunulmal\u0131d\u0131r&#8221; dedi.<\/p>\n<p>Kaynak: http:\/\/www.haberfx.net<\/p>\n","protected":false},"excerpt":{"rendered":"<p>Van&#8217;da meydana gelen depremlerden sonra emniyet binas\u0131na hasarl\u0131 raporu verilince, polisler ge\u00e7ici olarak Muradiye Halk K\u00fct\u00fcphanesi&#8217;ne yerle\u015ftirildi. Halk K\u00fct\u00fcphanesi ise konteynere ta\u015f\u0131n\u0131rken, aradan ge\u00e7en 2 y\u0131la ra\u011fmen polis karakoluna \u00e7evrilen k\u00fct\u00fcphane bo\u015falt\u0131lmad\u0131. Duruma tepki g\u00f6steren Do\u011fan Ba\u015fak adl\u0131 yurtta\u015f,<\/p>\n","protected":false},"author":1,"featured_media":0,"comment_status":"open","ping_status":"open","sticky":false,"template":"","format":"standard","meta":{"footnotes":""},"categories":[1555,1],"tags":[],"class_list":["post-11680","post","type-post","status-publish","format-standard","hentry","category-deprem-kutuphane","category-genel"],"_links":{"self":[{"href":"https:\/\/www.bbyhaber.com\/bby\/wp-json\/wp\/v2\/posts\/11680"}],"collection":[{"href":"https:\/\/www.bbyhaber.com\/bby\/wp-json\/wp\/v2\/posts"}],"about":[{"href":"https:\/\/www.bbyhaber.com\/bby\/wp-json\/wp\/v2\/types\/post"}],"author":[{"embeddable":true,"href":"https:\/\/www.bbyhaber.com\/bby\/wp-json\/wp\/v2\/users\/1"}],"replies":[{"embeddable":true,"href":"https:\/\/www.bbyhaber.com\/bby\/wp-json\/wp\/v2\/comments?post=11680"}],"version-history":[{"count":0,"href":"https:\/\/www.bbyhaber.com\/bby\/wp-json\/wp\/v2\/posts\/11680\/revisions"}],"wp:attachment":[{"href":"https:\/\/www.bbyhaber.com\/bby\/wp-json\/wp\/v2\/media?parent=11680"}],"wp:term":[{"taxonomy":"category","embeddable":true,"href":"https:\/\/www.bbyhaber.com\/bby\/wp-json\/wp\/v2\/categories?post=11680"},{"taxonomy":"post_tag","embeddable":true,"href":"https:\/\/www.bbyhaber.com\/bby\/wp-json\/wp\/v2\/tags?post=11680"}],"curies":[{"name":"wp","href":"https:\/\/api.w.org\/{rel}","templated":true}]}}