{"id":11674,"date":"2013-08-26T15:41:44","date_gmt":"2013-08-26T12:41:44","guid":{"rendered":"http:\/\/www.bbyhaber.com\/bby\/?p=11674"},"modified":"2013-08-26T15:48:33","modified_gmt":"2013-08-26T12:48:33","slug":"kutuphane-tartismalarina-bakan%e2%80%99dan-son-nokta","status":"publish","type":"post","link":"https:\/\/www.bbyhaber.com\/bby\/2013\/08\/26\/kutuphane-tartismalarina-bakan%e2%80%99dan-son-nokta","title":{"rendered":"K\u00fct\u00fcphane tart\u0131\u015fmalar\u0131na Bakan\u2019dan son nokta"},"content":{"rendered":"<p style=\"text-align: justify;\"><img loading=\"lazy\" decoding=\"async\" class=\"alignleft\" src=\"http:\/\/img.bugun.com.tr\/kutuphane-tartismalarina-bakandan-son-nokta_771115_340_226.jpg\" alt=\"\" width=\"194\" height=\"129\" \/>Milli Savunma Bakan\u0131 \u0130smet Y\u0131lmaz, son g\u00fcnlerde Sivas\u2019\u0131n g\u00fcndemini me\u015fgul eden k\u00fct\u00fcphanenin yeri konusunda son noktay\u0131 koydu. Y\u0131lmaz, k\u00fct\u00fcphanenin mevcut yeri olan tekel binas\u0131n\u0131n yerine yap\u0131laca\u011f\u0131n\u0131 s\u00f6yledi. K\u00fct\u00fcphanenin yeri konusunda yap\u0131lan tart\u0131\u015fmalar\u0131 sert s\u00f6zlerle ele\u015ftiren Milli Savunma Bakan\u0131 \u0130smet Y\u0131lmaz, &#8220;K\u00fct\u00fcphanesiz il olur mu? Bug\u00fcn birisi diyor ki, \u2019Art\u0131k k\u00fct\u00fcphaneye ne gerek var?\u2019 Bunu diyen bir insan olabilir mi, bunu diyen bir entelekt\u00fcel olabilir mi, bunu diyen okumu\u015f yazm\u0131\u015f biri olabilir mi? \u0130nternet \u00e7a\u011f\u0131 ayr\u0131 bir \u015fey ama adam kitap g\u00f6rmek istiyor, kitab\u0131 koklamak istiyor,<!--more--> k\u00fct\u00fcphaneye gitmek istiyor. Amerikan \u00dcniversiteleri ile Avrupa \u00dcniversiteleri aras\u0131nda ki tek fark k\u00fct\u00fcphanelerindendir. Amerika\u2019n\u0131n k\u00fct\u00fcphaneleri, Avrupa\u2019n\u0131nkinden daha kaliteli, daha iyi derler&#8221; ifadesini kulland\u0131.<\/p>\n<p style=\"text-align: justify;\">\u2019\u2019K\u00dcT\u00dcPHANELER \u0130NSANLARIN BULU\u015eMA VE D\u0130NLENME YER\u0130D\u0130R\u2019\u2019<br \/>\nD\u00fcnyadaki t\u00fcm \u015fehirlerde k\u00fct\u00fcphanelerin \u015fehrin merkezinde oldu\u011funu s\u00f6yleyen Bakan Y\u0131lmaz, &#8220;Denizci oldu\u011fum i\u00e7in d\u00fcnyan\u0131n \u00e7ok yerini gezdim. Denizcilik M\u00fcste\u015farl\u0131\u011f\u0131ndan sonra K\u00fclt\u00fcr ve Turizm M\u00fcste\u015farl\u0131\u011f\u0131 d\u00f6neminde \u015fimdi de bakanl\u0131k d\u00f6neminde d\u00fcnyan\u0131n bir\u00e7ok \u00fclkesini g\u00f6rd\u00fcm. K\u00fct\u00fcphaneler her \u015fehrin merkezinde olur. Biz merkezdeki k\u00fct\u00fcphanemizi y\u0131kt\u0131k. Do\u011frusu nedir? yine merkeze bir k\u00fct\u00fcphane yapmak. K\u00fct\u00fcphaneler ayn\u0131 zamanda insanlar\u0131n bulu\u015fma ve dinlenme yeridir. Yoruldu\u011fumuz zaman gidip k\u00fct\u00fcphanenin alt\u0131nda hem \u00e7ay i\u00e7erim, hem de g\u00fcnl\u00fck kitaplar\u0131, dergileri okuyal\u0131m. Biz, k\u00fct\u00fcphanemizi y\u0131kt\u0131rd\u0131ktan sonra yeni k\u00fct\u00fcphane yeri arad\u0131k. Neresi var dedik? Tekel binas\u0131. Oras\u0131 ye\u015fil alan de\u011fil. Yaz\u0131da ye\u015filimize sahip \u00e7\u0131kal\u0131m diyor. Buras\u0131 ye\u015fil alan m\u0131yd\u0131? Buras\u0131 Tekel Binas\u0131 bu bina bize \u00d6zelle\u015ftirme \u0130daresi Ba\u015fkanl\u0131\u011f\u0131 taraf\u0131ndan verildi&#8221; diye konu\u015ftu.<\/p>\n<p style=\"text-align: justify;\">\u2019\u2019TEKEL B\u0130NASINI, K\u00dcT\u00dcPHANEYE \u00c7EV\u0130RMEK EN DO\u011eRU \u015eEY\u2019\u2019<br \/>\nSivas Belediye Ba\u015fkan\u0131 Do\u011fan \u00dcrg\u00fcp\u2019\u00fcn K\u00fclt\u00fcr ve Turizm eski Bakan\u0131 Ertu\u011frul G\u00fcnay\u2019dan mevcut yere k\u00fclt\u00fcr merkezi yapmak i\u00e7in izin istedi\u011fini s\u00f6yleyen Bakan Y\u0131lmaz, &#8220;Binan\u0131n arkas\u0131nda okul ve 100\u2019e yak\u0131n da ev var. Ertu\u011frul Bey dedi ki, \u2019Ba\u015fkan okul y\u0131kmak kolay de\u011fil. Sen okulu y\u0131kaca\u011f\u0131m dersin ama okulu y\u0131kamazs\u0131n. Okulu y\u0131ksan arkas\u0131ndaki binalar\u0131 kamula\u015ft\u0131ramazs\u0131n\u2019 dedi. Ba\u015fkan ne yap\u0131yor? kendisi ilk \u00f6nce buras\u0131n\u0131 ye\u015fil alan yapmak istemedi. Ye\u015fil alan yapmak istemedi\u011fini nereden g\u00f6r\u00fcrs\u00fcn\u00fcz? Ge\u00e7en y\u0131llarda Koruma Kurumu\u2019na ba\u015fvurdu. Koruma Kurulu kabul etseydi buras\u0131 tescilli, tarihi, \u00f6zellikleri, nitelikleri, korunmas\u0131 gereken bina deseydi o zaman buras\u0131 y\u0131k\u0131labilir miydi? Y\u0131k\u0131lamazd\u0131, y\u0131k\u0131labilseydi sen buraya kaleye bir ge\u00e7it a\u00e7abilir miydin? Sormak laz\u0131m. Koruma Kurulu\u2019na ba\u015fvuran, buran\u0131n y\u0131k\u0131lmamas\u0131n\u0131 isteyen sen de\u011fil miydin? Sendin \u015fimdi ne diyorsun, \u2019Ye\u015fil alan yapaca\u011f\u0131m da bunlar engel oluyor.\u2019 Do\u011fru de\u011fil. Biz ba\u015fkan\u0131mla, milletvekili arkada\u015flar\u0131mla kaleye gittik. Kalenin buraya ba\u011flanmas\u0131n\u0131 sa\u011flamak laz\u0131m nereden sa\u011flanmas\u0131 laz\u0131m devlet hastanesinden Allah nasip ederse devlet hastanesinin oradan ba\u011flant\u0131y\u0131 kuraca\u011f\u0131z. 2 tane yan yana yerden kale ba\u011flant\u0131s\u0131 olmaz. \u0130stasyon Caddesindeki her 2 mevcut binalar\u0131 40\u2019ar metre y\u0131ksak daha g\u00fczel olmaz m\u0131? \u0130stasyon Caddesi hen\u00fcz cadde bulvar de\u011fil. Bilgisayardan g\u00f6r\u00fcnt\u00fcleri y\u0131karak daha g\u00fczel bir g\u00f6r\u00fcnt\u00fc verip, milletimizin iradesini \u00e7arp\u0131t\u0131rsa bu Sivas\u2019a haks\u0131zl\u0131k eder. Tekel binas\u0131n\u0131 k\u00fct\u00fcphane binas\u0131n\u0131 \u00e7evirmek en do\u011fru \u015fey hem\u015ferilerimin g\u00f6nl\u00fc ferah olsun. Buras\u0131 bir dinlenme alan\u0131 olacak. K\u00fct\u00fcphanesiz \u015fehir olmaz. Ge\u00e7en y\u0131llarda Koruma Kurulu\u2019na ba\u015fvurarak y\u0131k\u0131lmas\u0131n diyen insan\u0131n \u015fimdi y\u0131k\u0131ls\u0131n demesi do\u011fru bir yakla\u015f\u0131m de\u011fildir. Ben Sivasl\u0131n\u0131n vicdan\u0131na havale ediyorum&#8221; dedi.<\/p>\n<p style=\"text-align: justify;\">Kaynak: http:\/\/www.bugun.com.tr<\/p>\n","protected":false},"excerpt":{"rendered":"<p>Milli Savunma Bakan\u0131 \u0130smet Y\u0131lmaz, son g\u00fcnlerde Sivas\u2019\u0131n g\u00fcndemini me\u015fgul eden k\u00fct\u00fcphanenin yeri konusunda son noktay\u0131 koydu. Y\u0131lmaz, k\u00fct\u00fcphanenin mevcut yeri olan tekel binas\u0131n\u0131n yerine yap\u0131laca\u011f\u0131n\u0131 s\u00f6yledi. K\u00fct\u00fcphanenin yeri konusunda yap\u0131lan tart\u0131\u015fmalar\u0131 sert s\u00f6zlerle ele\u015ftiren Milli Savunma Bakan\u0131 \u0130smet Y\u0131lmaz, &#8220;K\u00fct\u00fcphanesiz il olur mu? Bug\u00fcn birisi diyor ki, \u2019Art\u0131k k\u00fct\u00fcphaneye ne gerek var?\u2019 Bunu diyen [&hellip;]<\/p>\n","protected":false},"author":1,"featured_media":0,"comment_status":"open","ping_status":"open","sticky":false,"template":"","format":"standard","meta":{"footnotes":""},"categories":[1],"tags":[],"class_list":["post-11674","post","type-post","status-publish","format-standard","hentry","category-genel"],"_links":{"self":[{"href":"https:\/\/www.bbyhaber.com\/bby\/wp-json\/wp\/v2\/posts\/11674"}],"collection":[{"href":"https:\/\/www.bbyhaber.com\/bby\/wp-json\/wp\/v2\/posts"}],"about":[{"href":"https:\/\/www.bbyhaber.com\/bby\/wp-json\/wp\/v2\/types\/post"}],"author":[{"embeddable":true,"href":"https:\/\/www.bbyhaber.com\/bby\/wp-json\/wp\/v2\/users\/1"}],"replies":[{"embeddable":true,"href":"https:\/\/www.bbyhaber.com\/bby\/wp-json\/wp\/v2\/comments?post=11674"}],"version-history":[{"count":0,"href":"https:\/\/www.bbyhaber.com\/bby\/wp-json\/wp\/v2\/posts\/11674\/revisions"}],"wp:attachment":[{"href":"https:\/\/www.bbyhaber.com\/bby\/wp-json\/wp\/v2\/media?parent=11674"}],"wp:term":[{"taxonomy":"category","embeddable":true,"href":"https:\/\/www.bbyhaber.com\/bby\/wp-json\/wp\/v2\/categories?post=11674"},{"taxonomy":"post_tag","embeddable":true,"href":"https:\/\/www.bbyhaber.com\/bby\/wp-json\/wp\/v2\/tags?post=11674"}],"curies":[{"name":"wp","href":"https:\/\/api.w.org\/{rel}","templated":true}]}}