{"id":11671,"date":"2013-08-26T14:49:35","date_gmt":"2013-08-26T11:49:35","guid":{"rendered":"http:\/\/www.bbyhaber.com\/bby\/?p=11671"},"modified":"2015-01-20T16:36:44","modified_gmt":"2015-01-20T14:36:44","slug":"ethem-sarisuluk-kutuphanesi-acildi","status":"publish","type":"post","link":"https:\/\/www.bbyhaber.com\/bby\/2013\/08\/26\/ethem-sarisuluk-kutuphanesi-acildi","title":{"rendered":"Ethem Sar\u0131s\u00fcl\u00fck K\u00fct\u00fcphanesi A\u00e7\u0131ld\u0131"},"content":{"rendered":"<p style=\"text-align: justify;\">Mamakl\u0131lar &#8220;Kitab\u0131n\u0131 al konsere gel \u00e7a\u011fr\u0131s\u0131yla&#8221; eski Mamak Halkevi, Gezi direni\u015finde \u00f6ld\u00fcr\u00fclen <strong>Ethem Sar\u0131s\u00fcl\u00fck<\/strong>&#8216;\u00fcn ismiyle k\u00fct\u00fcphaneye d\u00f6n\u00fc\u015ft\u00fcr\u00fcld\u00fc. Feyzullah \u00c7\u0131nar Park\u0131&#8217;nda Pazar g\u00fcn\u00fc ger\u00e7ekle\u015fen konserle a\u00e7\u0131l\u0131\u015f\u0131 yap\u0131lan Ethem Sar\u0131s\u00fcl\u00fck K\u00fct\u00fcphanesi&#8217;e G\u00fcvenpark ve \u00c7ayyolu Atapark&#8217;taki forumlardan da kitaplar getirildi. Parkta kurulan masalarda k\u00fct\u00fcphane \u00fcye kay\u0131tlar\u0131 yap\u0131ld\u0131. Konserde <strong>Mustafa \u00d6zarslan<\/strong> ve Grup \u00c7\u0131\u011f, <strong>Ali Mahsuni \u015eerif<\/strong>, Erdal Beyazg\u00fcl, <strong>Ayta\u00e7 Polat<\/strong> ve <strong>Serkan Boran<\/strong> sahne ald\u0131. <strong>Tayfun Talipo\u011flu<\/strong> \u015fiir okudu. Konserde Halkevleri ad\u0131na konu\u015fma yapan <strong>Hamza Doruk Y\u0131ld\u0131r\u0131m<\/strong> \u015funlar\u0131 s\u00f6yledi:<!--more--><\/p>\n<p style=\"text-align: justify;\">&#8220;Her park\u0131n bir forum, etkinlik, dayan\u0131\u015fma ve m\u00fccadele alan\u0131 oldu\u011fu bug\u00fcnlerde sosyal alanlar\u0131n yok denilecek kadar az oldu\u011fu, belediyenin parklar\u0131 y\u0131k\u0131p cami yapmay\u0131 planlad\u0131\u011f\u0131 bu b\u00f6lgede biz miras\u0131m\u0131za sahip \u00e7\u0131kt\u0131k ve bizden \u00e7al\u0131nan bu binay\u0131 geri ald\u0131k.&#8221;<\/p>\n<p style=\"text-align: justify;\">Art\u0131k Ethem Sar\u0131s\u00fcl\u00fck K\u00fct\u00fcphanesi olan Mamak Halkevi 1970\u2032li y\u0131llarda Dev-Gen\u00e7&#8217;li m\u00fchendislik ve mimarl\u0131k \u00f6\u011frencilerince planlanm\u0131\u015f ve Mamak halk\u0131n\u0131n dayan\u0131\u015fmas\u0131 ile in\u015fa edilmi\u015fti. 12 Eyl\u00fcl darbesinin ard\u0131ndan kapat\u0131lan Mamak Halkevi Gezi direni\u015fi s\u00fcrecinde Mamakl\u0131lar taraf\u0131ndan tadilattan ge\u00e7irilerek k\u00fct\u00fcphaneye d\u00f6n\u00fc\u015ft\u00fcr\u00fcld\u00fc.<\/p>\n<p style=\"text-align: justify;\"><a href=\"http:\/\/www.bianet.org\/resim\/olcekle\/53733\/490\/254\"><img loading=\"lazy\" decoding=\"async\" class=\"alignnone\" src=\"http:\/\/www.bianet.org\/resim\/olcekle\/53733\/490\/254\" alt=\"\" width=\"286\" height=\"160\" \/><\/a> <a href=\"http:\/\/www.bianet.org\/resim\/olcekle\/53735\/490\/327\"><img loading=\"lazy\" decoding=\"async\" class=\"alignnone\" src=\"http:\/\/www.bianet.org\/resim\/olcekle\/53735\/490\/327\" alt=\"\" width=\"280\" height=\"161\" \/><\/a><\/p>\n<p style=\"text-align: justify;\">Kaynak: http:\/\/www.bianet.org<\/p>\n","protected":false},"excerpt":{"rendered":"<p>Mamakl\u0131lar &#8220;Kitab\u0131n\u0131 al konsere gel \u00e7a\u011fr\u0131s\u0131yla&#8221; eski Mamak Halkevi, Gezi direni\u015finde \u00f6ld\u00fcr\u00fclen Ethem Sar\u0131s\u00fcl\u00fck&#8216;\u00fcn ismiyle k\u00fct\u00fcphaneye d\u00f6n\u00fc\u015ft\u00fcr\u00fcld\u00fc. Feyzullah \u00c7\u0131nar Park\u0131&#8217;nda Pazar g\u00fcn\u00fc ger\u00e7ekle\u015fen konserle a\u00e7\u0131l\u0131\u015f\u0131 yap\u0131lan Ethem Sar\u0131s\u00fcl\u00fck K\u00fct\u00fcphanesi&#8217;e G\u00fcvenpark ve \u00c7ayyolu Atapark&#8217;taki forumlardan da kitaplar getirildi. Parkta kurulan masalarda k\u00fct\u00fcphane \u00fcye kay\u0131tlar\u0131 yap\u0131ld\u0131. Konserde Mustafa \u00d6zarslan ve Grup \u00c7\u0131\u011f, Ali Mahsuni \u015eerif, Erdal Beyazg\u00fcl, [&hellip;]<\/p>\n","protected":false},"author":1,"featured_media":0,"comment_status":"open","ping_status":"open","sticky":false,"template":"","format":"standard","meta":{"footnotes":""},"categories":[1],"tags":[665,494],"class_list":["post-11671","post","type-post","status-publish","format-standard","hentry","category-genel","tag-ethem-sarisuluk","tag-gezi-parki"],"_links":{"self":[{"href":"https:\/\/www.bbyhaber.com\/bby\/wp-json\/wp\/v2\/posts\/11671"}],"collection":[{"href":"https:\/\/www.bbyhaber.com\/bby\/wp-json\/wp\/v2\/posts"}],"about":[{"href":"https:\/\/www.bbyhaber.com\/bby\/wp-json\/wp\/v2\/types\/post"}],"author":[{"embeddable":true,"href":"https:\/\/www.bbyhaber.com\/bby\/wp-json\/wp\/v2\/users\/1"}],"replies":[{"embeddable":true,"href":"https:\/\/www.bbyhaber.com\/bby\/wp-json\/wp\/v2\/comments?post=11671"}],"version-history":[{"count":0,"href":"https:\/\/www.bbyhaber.com\/bby\/wp-json\/wp\/v2\/posts\/11671\/revisions"}],"wp:attachment":[{"href":"https:\/\/www.bbyhaber.com\/bby\/wp-json\/wp\/v2\/media?parent=11671"}],"wp:term":[{"taxonomy":"category","embeddable":true,"href":"https:\/\/www.bbyhaber.com\/bby\/wp-json\/wp\/v2\/categories?post=11671"},{"taxonomy":"post_tag","embeddable":true,"href":"https:\/\/www.bbyhaber.com\/bby\/wp-json\/wp\/v2\/tags?post=11671"}],"curies":[{"name":"wp","href":"https:\/\/api.w.org\/{rel}","templated":true}]}}