{"id":11666,"date":"2013-08-23T14:50:51","date_gmt":"2013-08-23T11:50:51","guid":{"rendered":"http:\/\/www.bbyhaber.com\/bby\/?p=11666"},"modified":"2014-01-23T09:30:49","modified_gmt":"2014-01-23T07:30:49","slug":"cankiri-karatekin-universitesi-ogretim-uyesi-alim-ilani-son-basvuru-tarihi-09-09-2013","status":"publish","type":"post","link":"https:\/\/www.bbyhaber.com\/bby\/2013\/08\/23\/cankiri-karatekin-universitesi-ogretim-uyesi-alim-ilani-son-basvuru-tarihi-09-09-2013","title":{"rendered":"\u00c7ank\u0131r\u0131 Karatekin \u00dcniversitesi \u00d6\u011fretim \u00dcyesi Al\u0131m \u0130lan\u0131-Son Ba\u015fvuru Tarihi-09-09-2013"},"content":{"rendered":"<p style=\"text-align: justify;\"><a href=\"http:\/\/www.bbyhaber.com\/bby\/category\/bby-is-ilanlari\/\"><img loading=\"lazy\" decoding=\"async\" class=\"alignleft colorbox-9771\" src=\"http:\/\/www.bbyhaber.com\/bby\/wp-content\/uploads\/is-ilanlari-arsivi.jpg\" alt=\"\" width=\"250\" height=\"150\" \/><\/a>\u00dcniversitemize 2547 say\u0131l\u0131 Y\u00fcksek\u00f6\u011fretim Kanunu\u2019nun ve \u00d6\u011fretim \u00dcyeli\u011fine Y\u00fckseltilme ve Atanma Y\u00f6netmeli\u011fi\u2019nin ilgili maddeleri uyar\u0131nca a\u015fa\u011f\u0131da unvan\u0131, nitelikleri ve say\u0131lar\u0131 belirtilen kadrolara \u00f6\u011fretim \u00fcyeleri al\u0131nacakt\u0131r. \u00d6\u011fretim \u00dcyesi kadrosuna ba\u015fvuracak adaylar\u0131n \u201c\u00c7ank\u0131r\u0131 Karatekin \u00dcniversitesi \u00d6\u011fretim \u00dcyeli\u011fi Kadrolar\u0131na Ba\u015fvurma, Y\u00fckseltilme ve Atanmayla \u0130lgili De\u011ferlendirme Y\u00f6nergesi\u201dnde \u00f6ng\u00f6r\u00fclen \u015fartlar\u0131 sa\u011flam\u0131\u015f olmalar\u0131 gerekir.<!--more--><\/p>\n<table style=\"width: 550px;\" border=\"1\">\n<tbody>\n<tr>\n<td>Birimi<\/td>\n<td>B\u00f6l\u00fcm\u00fc<\/td>\n<td>Anabilim Dal\u0131<\/td>\n<td>Unvan\u0131<\/td>\n<td>Adedi\/ Derece<\/td>\n<td>A\u00e7\u0131klama<\/td>\n<\/tr>\n<tr>\n<td>EDEB\u0130YAT FAK\u00dcLTES\u0130<\/td>\n<td>B\u0130LG\u0130 VE BELGE Y\u00d6NET\u0130M\u0130<\/td>\n<td>K\u00dcT\u00dcPHANEC\u0130L\u0130K<\/td>\n<td>YARDIMCI DO\u00c7ENT<\/td>\n<td>1 (3)<\/td>\n<td>K\u00dcT\u00dcPHANEC\u0130L\u0130K ALANINDA \u00c7ALI\u015eMALARI OLMAK<\/td>\n<\/tr>\n<tr>\n<td>EDEB\u0130YAT FAK\u00dcLTES\u0130<\/td>\n<td>B\u0130LG\u0130 VE BELGE Y\u00d6NET\u0130M\u0130<\/td>\n<td>B\u0130LG\u0130 Y\u00d6NET\u0130M\u0130 VE TEKNOLOJ\u0130S\u0130<\/td>\n<td>YARDIMCI DO\u00c7ENT<\/td>\n<td>1 (3)<\/td>\n<td>B\u0130LG\u0130 Y\u00d6NET\u0130M\u0130 VE TEKNOLOJ\u0130S\u0130 ALANINDA \u00c7ALI\u015eMALARI OLMAK<\/td>\n<\/tr>\n<tr>\n<td>EDEB\u0130YAT FAK\u00dcLTES\u0130<\/td>\n<td>B\u0130LG\u0130 VE BELGE Y\u00d6NET\u0130M\u0130<\/td>\n<td>AR\u015e\u0130VC\u0130L\u0130K<\/td>\n<td>YARDIMCI DO\u00c7ENT<\/td>\n<td>1 (3)<\/td>\n<td>AR\u015e\u0130VC\u0130L\u0130K ALANINDA \u00c7ALI\u015eMALARI OLMAK (ORTA\u00c7A\u011e VEYA YEN\u0130\u00c7A\u011e TAR\u0130H\u0130 A.B.D. DOKTORA YAPANLARDA BA\u015eVURAB\u0130L\u0130R)<\/td>\n<\/tr>\n<\/tbody>\n<\/table>\n<p><span style=\"color: #0000ff;\"><a href=\"http:\/\/karatekin.edu.tr\/dosyalar\/2013\/agustos\/file\/%C4%B0LAN%2023%20A%C4%9EUSTOS%202013(2).doc\" target=\"_blank\"><span style=\"color: #0000ff;\">Daha fazla bilgi ve belge i\u00e7in l\u00fctfen t\u0131klay\u0131n\u0131z<\/span><\/a><\/span><\/p>\n","protected":false},"excerpt":{"rendered":"<p>\u00dcniversitemize 2547 say\u0131l\u0131 Y\u00fcksek\u00f6\u011fretim Kanunu\u2019nun ve \u00d6\u011fretim \u00dcyeli\u011fine Y\u00fckseltilme ve Atanma Y\u00f6netmeli\u011fi\u2019nin ilgili maddeleri uyar\u0131nca a\u015fa\u011f\u0131da unvan\u0131, nitelikleri ve say\u0131lar\u0131 belirtilen kadrolara \u00f6\u011fretim \u00fcyeleri al\u0131nacakt\u0131r. \u00d6\u011fretim \u00dcyesi kadrosuna ba\u015fvuracak adaylar\u0131n \u201c\u00c7ank\u0131r\u0131 Karatekin \u00dcniversitesi \u00d6\u011fretim \u00dcyeli\u011fi Kadrolar\u0131na Ba\u015fvurma, Y\u00fckseltilme ve Atanmayla \u0130lgili De\u011ferlendirme Y\u00f6nergesi\u201dnde \u00f6ng\u00f6r\u00fclen \u015fartlar\u0131 sa\u011flam\u0131\u015f olmalar\u0131 gerekir.<\/p>\n","protected":false},"author":1,"featured_media":0,"comment_status":"open","ping_status":"open","sticky":false,"template":"","format":"standard","meta":{"footnotes":""},"categories":[1508],"tags":[1393],"class_list":["post-11666","post","type-post","status-publish","format-standard","hentry","category-universite-kutuphaneleri-is-ilanlari","tag-bby-is-ilanlari-arsivi"],"_links":{"self":[{"href":"https:\/\/www.bbyhaber.com\/bby\/wp-json\/wp\/v2\/posts\/11666"}],"collection":[{"href":"https:\/\/www.bbyhaber.com\/bby\/wp-json\/wp\/v2\/posts"}],"about":[{"href":"https:\/\/www.bbyhaber.com\/bby\/wp-json\/wp\/v2\/types\/post"}],"author":[{"embeddable":true,"href":"https:\/\/www.bbyhaber.com\/bby\/wp-json\/wp\/v2\/users\/1"}],"replies":[{"embeddable":true,"href":"https:\/\/www.bbyhaber.com\/bby\/wp-json\/wp\/v2\/comments?post=11666"}],"version-history":[{"count":0,"href":"https:\/\/www.bbyhaber.com\/bby\/wp-json\/wp\/v2\/posts\/11666\/revisions"}],"wp:attachment":[{"href":"https:\/\/www.bbyhaber.com\/bby\/wp-json\/wp\/v2\/media?parent=11666"}],"wp:term":[{"taxonomy":"category","embeddable":true,"href":"https:\/\/www.bbyhaber.com\/bby\/wp-json\/wp\/v2\/categories?post=11666"},{"taxonomy":"post_tag","embeddable":true,"href":"https:\/\/www.bbyhaber.com\/bby\/wp-json\/wp\/v2\/tags?post=11666"}],"curies":[{"name":"wp","href":"https:\/\/api.w.org\/{rel}","templated":true}]}}