{"id":11648,"date":"2013-08-21T09:52:13","date_gmt":"2013-08-21T06:52:13","guid":{"rendered":"http:\/\/www.bbyhaber.com\/bby\/?p=11648"},"modified":"2014-09-05T23:02:11","modified_gmt":"2014-09-05T20:02:11","slug":"uluslararasi-kutuphane-ve-bilgibilim-felsefesi-sempozyumu-03-05-eylul-2014","status":"publish","type":"post","link":"https:\/\/www.bbyhaber.com\/bby\/2013\/08\/21\/uluslararasi-kutuphane-ve-bilgibilim-felsefesi-sempozyumu-03-05-eylul-2014","title":{"rendered":"Uluslararas\u0131 K\u00fct\u00fcphane ve Bilgibilim Felsefesi Sempozyumu-03-05 Eyl\u00fcl 2014"},"content":{"rendered":"<p style=\"text-align: justify;\"><img loading=\"lazy\" decoding=\"async\" class=\"alignleft\" src=\"http:\/\/www.bbyhaber.com\/bby\/wp-content\/uploads\/bby-bolum\/kastamonu.jpg\" alt=\"\" width=\"94\" height=\"95\" \/>Bilgi ve ileti\u015fim teknolojisinde ya\u015fanan ola\u011fan\u00fcst\u00fc de\u011fi\u015fim h\u0131z\u0131 k\u00fct\u00fcphane ve bilgibilim alan\u0131nda da \u00e7ekici bir i\u015flevsellik \u00fcstlenmi\u015f durumdad\u0131r. Meslek ve disiplinler bilim ve teknolojilere ba\u011fl\u0131 olarak de\u011fi\u015fir. Ancak meslek ve disiplinlerin, de\u011fi\u015fen yan\u0131yla birlikte, onlar\u0131n varl\u0131\u011f\u0131n\u0131 s\u00fcrd\u00fcrmesini sa\u011flayan ve de\u011fi\u015fmeden s\u00fcregelen bir de \u00f6zleri vard\u0131r. G\u00fcn\u00fcm\u00fczde a\u011f\u0131rl\u0131kl\u0131 olarak de\u011fi\u015fimin yeniden bi\u00e7imlendirdi\u011fi s\u0131n\u0131rlar ele al\u0131n\u0131p tart\u0131\u015f\u0131l\u0131rken, de\u011fi\u015fmeyen temeller daha arka planda kalmaktad\u0131r. <!--more-->Oysa meslekleri meslek yapan, disiplinleri de temellendiren temel \u00f6zellik zamana ve geli\u015fmelere ba\u011fl\u0131 olarak de\u011fi\u015fmeyen \u00f6zd\u00fcr ve bu \u00f6z\u00fcn belirlenmesi ve tan\u0131mlanmas\u0131 her meslek ve disiplin i\u00e7in\u00a0 ya\u015famsal bir gerekliliktir. K\u00fct\u00fcphane ve Bilgibilim disiplin ve mesle\u011finin de di\u011fer disiplin ve mesleklerle kesi\u015fen s\u0131n\u0131rlar\u0131n\u0131n ve ayn\u0131 bi\u00e7imde di\u011fer alanlardan s\u0131yr\u0131l\u0131p kendine \u00f6zg\u00fc \u00f6zelliklerinin belirlenmesi i\u00e7in felsefi temellere dayand\u0131r\u0131lmaya gereksinimi vard\u0131r.<\/p>\n<p style=\"text-align: justify;\">KBB\u2019nin etik ve felsefi temellerinin tart\u0131\u015f\u0131lmas\u0131 amac\u0131yla uluslararas\u0131 d\u00fczeyde \u201cK\u00fct\u00fcphane ve Bilgibilim Felsefesi\u201d ba\u015fl\u0131\u011f\u0131 alt\u0131nda bir sempozyum dizisi ama\u00e7lanmaktad\u0131r. \u0130lki, <span style=\"color: #0000ff;\"><strong>Kastamonu \u00dcniversitesi<\/strong><\/span>\u2019nin katk\u0131 ve destekleriyle, <span style=\"color: #0000ff;\"><strong>3-5 Eyl\u00fcl 2014<\/strong><\/span> tarihleri aras\u0131nda, <strong><span style=\"color: #0000ff;\">Kastamonu<\/span><\/strong>\u2019da \u201c<span style=\"color: #0000ff;\">1. <strong>Uluslararas\u0131 K<\/strong><strong>\u00fct\u00fcphane ve Bilgibilim<\/strong> <strong>Felsefesi Sempozyumu: Etik Kuram ve Uygulamalar\u0131<\/strong><\/span>\u201d ba\u015fl\u0131\u011f\u0131 alt\u0131nda d\u00fczenlenecektir.<\/p>\n<p style=\"text-align: justify;\">Sempozyumda, K\u00fct\u00fcphane ve Bilgibilim alan\u0131nda etik kuram ve uygulamalar\u0131n\u0131n yeri, \u00f6nemi, gereklili\u011fine ili\u015fkin g\u00f6r\u00fc\u015f ve d\u00fc\u015f\u00fcncelerin ortaya konmas\u0131, mesle\u011fin de\u011fi\u015fik kesimlerinde kar\u015f\u0131la\u015f\u0131lan sorunlar\u0131n tart\u0131\u015f\u0131lmas\u0131 ve felsefi temellerinin irdelenmesi ama\u00e7lanmaktad\u0131r.<\/p>\n<p style=\"text-align: justify;\">Sempozyumun ana konusu ve alt konular\u0131 (uygun altba\u015fl\u0131klar eklenebilir) a\u015fa\u011f\u0131daki gibi belirlenmi\u015ftir:<\/p>\n<p><strong>1. \u00a0 K\u00fct\u00fcphane ve Bilgibilimin temelleri<\/strong><\/p>\n<p>&#8211; K\u00fct\u00fcphane ve Bilgibilimin s\u0131n\u0131rlar\u0131<\/p>\n<p>&#8211; K\u00fct\u00fcphane ve Bilgibilimin \u00e7ekirde\u011fi<\/p>\n<p>-K\u00fct\u00fcphane ve Bilgibilim E\u011fitimi<\/p>\n<p>&#8211; K\u00fct\u00fcphane ve Bilgibilimin Disiplinleraras\u0131 \u00f6zellikleri<\/p>\n<p>&#8211; K\u00fct\u00fcphane ve Bilgibilimin Ulusal ve Uluslararas\u0131 tan\u0131nabilirli\u011fi<\/p>\n<p><strong>\u00a02. Etik ve Hukuk<\/strong><\/p>\n<p>&#8211; D\u00fc\u015f\u00fcnce \u00d6zg\u00fcrl\u00fc\u011f\u00fc<\/p>\n<p>&#8211; Sans\u00fcr<\/p>\n<p>&#8211; Bilgi \u00d6zg\u00fcrl\u00fc\u011f\u00fc<\/p>\n<p>&#8211; Adalet ve \u00d6zg\u00fcrl\u00fck<\/p>\n<p>&#8211; Telif haklar\u0131<\/p>\n<p>&#8211; Bilgi Hukuku<\/p>\n<p>&#8211; A\u00e7\u0131k Eri\u015fim<\/p>\n<p>&#8211; Bili\u015fim ve Etik<\/p>\n<p>&#8211; Dil, K\u00fclt\u00fcr ve Etik<\/p>\n<p>&#8211; Etik davran\u0131\u015f ilkeleri ve standartlar\u0131<\/p>\n<p><strong>\u00a03. Meslek Ahl\u00e2k\u0131\/Mesleki etik<\/strong><\/p>\n<p>&#8211; Bilim eti\u011fi<\/p>\n<p>&#8211; K\u00fct\u00fcphane ve Bilgibilim eti\u011fi<\/p>\n<p>-K\u00fct\u00fcphane eti\u011fi<\/p>\n<p>-Bilgibilim eti\u011fi<\/p>\n<p>-Ar\u015fivcilik eti\u011fi<\/p>\n<p>-Sivil \u00f6rg\u00fctler eti\u011fi<\/p>\n<p>&#8211; Profesyonellik<\/p>\n<p><strong>\u00a04. Hakemlik ve Edit\u00f6rl\u00fck<\/strong><\/p>\n<p>a. Bilimsel Ara\u015ft\u0131rma<\/p>\n<p>b.Bilimsel Dergi ve Edit\u00f6rl\u00fck<\/p>\n<p>c. Hakem ve Hakemlik<\/p>\n<p>d. \u0130ntihal<\/p>\n<p style=\"text-align: justify;\">Sempozyumun dili T\u00fcrk\u00e7e olacak, \u0130ngilizce konu\u015fmalar T\u00fcrk\u00e7eye \u00e7evrilecektir. Bildiriler 2, gerekli durumlarda 3 hakem taraf\u0131ndan de\u011ferlendirilecektir. Bildirilerin daha \u00f6nce ba\u015fka yerde yay\u0131mlanmam\u0131\u015f olmas\u0131 gerekti\u011fi gibi bildirilerin i\u00e7erik, y\u00f6ntem, sunum vb. a\u00e7\u0131dan da etik duyarl\u0131l\u0131k kapsam\u0131nda \u00fcretilmi\u015f olmas\u0131 ko\u015fulu aranmaktad\u0131r. <strong>T\u00fcrk K\u00fct\u00fcphanecili\u011fi<\/strong> ve <strong>Bilgi D\u00fcnyas\u0131<\/strong> ile yap\u0131lan i\u015fbirli\u011fi sonucunda kabul edilen bildiriler, bildiri sahiplerinin istemesi durumunda, bu dergilerde yay\u0131mlanacakt\u0131r.<\/p>\n<p><strong>\u0130leti\u015fim adresi:<\/strong> <strong><a href=\"mailto:etikbby@gmail.com\" target=\"_blank\">etikbby@gmail.com<\/a><\/strong><\/p>\n<p><strong>\u00d6nemli tarihler:<\/strong><\/p>\n<p><strong>Bildiri Duyuru s\u00fcreci:<\/strong><\/p>\n<p>1. Duyuru:20 A\u011fustos 2013<\/p>\n<p>2. Duyuru: 15 Ekim 2013<\/p>\n<p>3. Duyuru (Son): 15 Aral\u0131k 2013<\/p>\n<p><strong>Tam Metin Bildiri son g\u00f6nderim tarihi: <\/strong>15 Mart 2014<\/p>\n<p><strong>Kabul Edilen Bildirilerin Duyurulmas\u0131: <\/strong>1 Haziran 2014<\/p>\n<p><a href=\"http:\/\/www.kbbf2014.org\/\" target=\"_blank\"><span style=\"color: #0000ff;\"><strong>Web Sayfas\u0131 i\u00e7in t\u0131klay\u0131n\u0131z<\/strong><\/span><\/a><\/p>\n<p>&#8212;&#8212;&#8212;&#8212;&#8212;&#8212;&#8212;&#8212;&#8211;<\/p>\n<p style=\"text-align: left;\" align=\"right\">Sempozyum D\u00fczenleme Kurulu\/Kastamonu \u00dcniversitesi\/Bilgi ve Belge Y\u00f6netimi B\u00f6l\u00fcm\u00fc<\/p>\n","protected":false},"excerpt":{"rendered":"<p>Bilgi ve ileti\u015fim teknolojisinde ya\u015fanan ola\u011fan\u00fcst\u00fc de\u011fi\u015fim h\u0131z\u0131 k\u00fct\u00fcphane ve bilgibilim alan\u0131nda da \u00e7ekici bir i\u015flevsellik \u00fcstlenmi\u015f durumdad\u0131r. Meslek ve disiplinler bilim ve teknolojilere ba\u011fl\u0131 olarak de\u011fi\u015fir. Ancak meslek ve disiplinlerin, de\u011fi\u015fen yan\u0131yla birlikte, onlar\u0131n varl\u0131\u011f\u0131n\u0131 s\u00fcrd\u00fcrmesini sa\u011flayan ve de\u011fi\u015fmeden s\u00fcregelen bir de \u00f6zleri vard\u0131r. G\u00fcn\u00fcm\u00fczde a\u011f\u0131rl\u0131kl\u0131 olarak de\u011fi\u015fimin yeniden bi\u00e7imlendirdi\u011fi s\u0131n\u0131rlar ele al\u0131n\u0131p tart\u0131\u015f\u0131l\u0131rken, [&hellip;]<\/p>\n","protected":false},"author":1,"featured_media":0,"comment_status":"open","ping_status":"open","sticky":false,"template":"","format":"standard","meta":{"footnotes":""},"categories":[],"tags":[1395],"class_list":["post-11648","post","type-post","status-publish","format-standard","hentry","tag-bby-mesleki-etkinlikler-arsivi"],"_links":{"self":[{"href":"https:\/\/www.bbyhaber.com\/bby\/wp-json\/wp\/v2\/posts\/11648"}],"collection":[{"href":"https:\/\/www.bbyhaber.com\/bby\/wp-json\/wp\/v2\/posts"}],"about":[{"href":"https:\/\/www.bbyhaber.com\/bby\/wp-json\/wp\/v2\/types\/post"}],"author":[{"embeddable":true,"href":"https:\/\/www.bbyhaber.com\/bby\/wp-json\/wp\/v2\/users\/1"}],"replies":[{"embeddable":true,"href":"https:\/\/www.bbyhaber.com\/bby\/wp-json\/wp\/v2\/comments?post=11648"}],"version-history":[{"count":0,"href":"https:\/\/www.bbyhaber.com\/bby\/wp-json\/wp\/v2\/posts\/11648\/revisions"}],"wp:attachment":[{"href":"https:\/\/www.bbyhaber.com\/bby\/wp-json\/wp\/v2\/media?parent=11648"}],"wp:term":[{"taxonomy":"category","embeddable":true,"href":"https:\/\/www.bbyhaber.com\/bby\/wp-json\/wp\/v2\/categories?post=11648"},{"taxonomy":"post_tag","embeddable":true,"href":"https:\/\/www.bbyhaber.com\/bby\/wp-json\/wp\/v2\/tags?post=11648"}],"curies":[{"name":"wp","href":"https:\/\/api.w.org\/{rel}","templated":true}]}}