{"id":11645,"date":"2013-08-21T01:13:41","date_gmt":"2013-08-20T22:13:41","guid":{"rendered":"http:\/\/www.bbyhaber.com\/bby\/?p=11645"},"modified":"2013-08-21T01:13:53","modified_gmt":"2013-08-20T22:13:53","slug":"karsiyaka-belediyesi%e2%80%99nde-dijital-devrim","status":"publish","type":"post","link":"https:\/\/www.bbyhaber.com\/bby\/2013\/08\/21\/karsiyaka-belediyesi%e2%80%99nde-dijital-devrim","title":{"rendered":"Kar\u015f\u0131yaka Belediyesi\u2019nde Dijital Devrim"},"content":{"rendered":"<p style=\"text-align: justify;\">Kar\u015f\u0131yaka\u2019n\u0131n belle\u011fi dijital ortama ta\u015f\u0131n\u0131yor. Kar\u015f\u0131yaka Belediyesi, T\u00fcrkiye\u2019de bir ilke daha imza atarak, teknolojinin t\u00fcm olanaklar\u0131n\u0131n kullan\u0131ld\u0131\u011f\u0131, modern bir ar\u015fiv binas\u0131 yapt\u0131. 3 milyon liraya mal olan bina ile Kar\u015f\u0131yaka\u2019n\u0131n 100 y\u0131l\u0131 a\u015fk\u0131n tarihini kapsayacak ar\u015fivi elektronik ortamda korumaya al\u0131nm\u0131\u015f olacak. Kar\u015f\u0131yaka Belediyesi\u2019nin ge\u00e7mi\u015fini gelece\u011fe ta\u015f\u0131yaca\u011f\u0131 Ar\u015fiv Binas\u0131, Latife Han\u0131m Mahallesi\u2019ndeki \u015eantiye Alan\u0131\u2019nda bulunuyor.<!--more--><\/p>\n<p style=\"text-align: justify;\"><a href=\"http:\/\/www.karsiyaka.bel.tr\/images_haberler\/haber-2013-08-07-1375866459292-img_4419.jpg\"><img loading=\"lazy\" decoding=\"async\" class=\"alignnone\" src=\"http:\/\/www.karsiyaka.bel.tr\/images_haberler\/haber-2013-08-07-1375866459292-img_4419.jpg\" alt=\"\" width=\"259\" height=\"163\" \/><\/a> <a href=\"http:\/\/karsiyaka.bel.tr\/dosyalar\/images\/IMG_4410.jpg\"><img loading=\"lazy\" decoding=\"async\" class=\"alignnone\" src=\"http:\/\/karsiyaka.bel.tr\/dosyalar\/images\/IMG_4410.jpg\" alt=\"\" width=\"183\" height=\"164\" \/><\/a><\/p>\n<p style=\"text-align: justify;\">1125 metrekare kapal\u0131 alana sahip, 3 katl\u0131 binada, kurulu\u015fundan bug\u00fcne Kar\u015f\u0131yaka Belediyesi\u2019nin t\u00fcm resmi evraklar\u0131 ar\u015fivlenecek. Klasik dosya sisteminin yan\u0131 s\u0131ra, evraklara dijital ortamda da ula\u015f\u0131labilecek.Kar\u015f\u0131yaka Belediyesi\u2019nin resmi evraklar\u0131n\u0131 yan\u0131 s\u0131ra, kentin belediye olu\u015fundan bug\u00fcne uzanan bir as\u0131rdan fazla tarihinin belgeleri de, modern Ar\u015fiv Binas\u0131\u2019nda yer alacak. T\u00fcrkiye\u2019de bir belediye taraf\u0131ndan yapt\u0131r\u0131lan ilk dijital ar\u015fiv binas\u0131 2014 y\u0131l\u0131ndan itibaren vatanda\u015flar\u0131n da kullan\u0131m\u0131na a\u00e7\u0131lacak. B\u00f6ylelikle, vatanda\u015flar belediye i\u015flemleriyle ilgili kendilerini ilgilendiren resmi evraklara elektronik ortamda ula\u015fma kolayl\u0131\u011f\u0131n\u0131 yakalarken, ekspertizler i\u00e7in de dosya inceleyebilecekleri \u00f6zel odalar olacak.<\/p>\n<p style=\"text-align: justify;\">\u0130n\u015faat\u0131 Ekim 2012\u2019de ba\u015flayan Ar\u015fiv Binas\u0131, 10 ayda tamamlan\u0131rken, belediyenin ilgili birimlerinin ar\u015fivlerinin b\u00fcy\u00fck bir b\u00f6l\u00fcm\u00fc de dijital ortama aktar\u0131ld\u0131.Kar\u015f\u0131yaka Belediyesi\u2019ne kurumsal bir kimlik kazand\u0131r\u0131lmas\u0131 noktas\u0131nda son evreyi de hayata ge\u00e7irme a\u015famas\u0131na geldiklerini belirten Belediye Ba\u015fkan\u0131 Cevat Durak, \u201cHali haz\u0131rda, M\u00fcd\u00fcrl\u00fcklerimiz kendi birimleriyle ilgili ar\u015fivlerini kendileri tutuyordu. Bu sistemin \u00e7a\u011fa uygun hale getirilerek, hem daha iyi korunmas\u0131n\u0131, hem de gerekti\u011finde rahatl\u0131kla bulunmas\u0131n\u0131 sa\u011flayaca\u011f\u0131z. Ar\u015fiv binas\u0131 i\u00e7inde m\u00fcd\u00fcrl\u00fcklerimizin ihtiyac\u0131na g\u00f6re b\u00f6l\u00fcmler yapt\u0131k. Daha kontroll\u00fc ve daha g\u00fcvenli bir sistem olu\u015fturuyoruz\u201d dedi.<\/p>\n<p>Kaynak: http:\/\/www.karsiyaka.bel.tr\/<\/p>\n","protected":false},"excerpt":{"rendered":"<p>Kar\u015f\u0131yaka\u2019n\u0131n belle\u011fi dijital ortama ta\u015f\u0131n\u0131yor. Kar\u015f\u0131yaka Belediyesi, T\u00fcrkiye\u2019de bir ilke daha imza atarak, teknolojinin t\u00fcm olanaklar\u0131n\u0131n kullan\u0131ld\u0131\u011f\u0131, modern bir ar\u015fiv binas\u0131 yapt\u0131. 3 milyon liraya mal olan bina ile Kar\u015f\u0131yaka\u2019n\u0131n 100 y\u0131l\u0131 a\u015fk\u0131n tarihini kapsayacak ar\u015fivi elektronik ortamda korumaya al\u0131nm\u0131\u015f olacak. Kar\u015f\u0131yaka Belediyesi\u2019nin ge\u00e7mi\u015fini gelece\u011fe ta\u015f\u0131yaca\u011f\u0131 Ar\u015fiv Binas\u0131, Latife Han\u0131m Mahallesi\u2019ndeki \u015eantiye Alan\u0131\u2019nda bulunuyor.<\/p>\n","protected":false},"author":1,"featured_media":0,"comment_status":"open","ping_status":"open","sticky":false,"template":"","format":"standard","meta":{"footnotes":""},"categories":[1479,1],"tags":[1096,379],"class_list":["post-11645","post","type-post","status-publish","format-standard","hentry","category-dijital-kopyalama","category-genel","tag-arsivcilik","tag-dijital-arsiv-kenti"],"_links":{"self":[{"href":"https:\/\/www.bbyhaber.com\/bby\/wp-json\/wp\/v2\/posts\/11645"}],"collection":[{"href":"https:\/\/www.bbyhaber.com\/bby\/wp-json\/wp\/v2\/posts"}],"about":[{"href":"https:\/\/www.bbyhaber.com\/bby\/wp-json\/wp\/v2\/types\/post"}],"author":[{"embeddable":true,"href":"https:\/\/www.bbyhaber.com\/bby\/wp-json\/wp\/v2\/users\/1"}],"replies":[{"embeddable":true,"href":"https:\/\/www.bbyhaber.com\/bby\/wp-json\/wp\/v2\/comments?post=11645"}],"version-history":[{"count":0,"href":"https:\/\/www.bbyhaber.com\/bby\/wp-json\/wp\/v2\/posts\/11645\/revisions"}],"wp:attachment":[{"href":"https:\/\/www.bbyhaber.com\/bby\/wp-json\/wp\/v2\/media?parent=11645"}],"wp:term":[{"taxonomy":"category","embeddable":true,"href":"https:\/\/www.bbyhaber.com\/bby\/wp-json\/wp\/v2\/categories?post=11645"},{"taxonomy":"post_tag","embeddable":true,"href":"https:\/\/www.bbyhaber.com\/bby\/wp-json\/wp\/v2\/tags?post=11645"}],"curies":[{"name":"wp","href":"https:\/\/api.w.org\/{rel}","templated":true}]}}