{"id":11610,"date":"2013-08-14T12:59:18","date_gmt":"2013-08-14T09:59:18","guid":{"rendered":"http:\/\/www.bbyhaber.com\/bby\/?p=11610"},"modified":"2013-08-14T13:00:13","modified_gmt":"2013-08-14T10:00:13","slug":"deniz-fenerinden-kutuphane","status":"publish","type":"post","link":"https:\/\/www.bbyhaber.com\/bby\/2013\/08\/14\/deniz-fenerinden-kutuphane","title":{"rendered":"Deniz fenerinden k\u00fct\u00fcphane"},"content":{"rendered":"<p style=\"text-align: justify;\"><img loading=\"lazy\" decoding=\"async\" class=\"alignleft\" src=\"http:\/\/cdn1.cnnturk.com\/handlers\/file.ashx?FileID=714423&amp;Width=292&amp;Height=0&amp;BlackWhite=False&amp;Quality=80\" alt=\"\" width=\"205\" height=\"223\" \/>\u0130stanbul Medipol \u00dcniversitesi Hukuk Fak\u00fcltesi \u00d6\u011fretim \u00dcyesi Prof. Dr. Y\u00fccel Sayman, Sivrice Deniz Feneri&#8217;ni yakla\u015f\u0131k 5 y\u0131l \u00f6nce K\u0131y\u0131 Emniyeti Genel M\u00fcd\u00fcrl\u00fc\u011f\u00fcnden 10 y\u0131ll\u0131\u011f\u0131na kiralad\u0131. Lojman\u0131, deniz fenerleriyle ilgili kitaplar\u0131n bulundu\u011fu k\u00fct\u00fcphaneye d\u00f6n\u00fc\u015ft\u00fcren Sayman, d\u00fcnyadaki deniz fenerleriyle ilgili kitaplar\u0131, pul ve kartpostallar\u0131 da temin edip sergileyerek buras\u0131n\u0131n hem denizcilere hem de ara\u015ft\u0131rmac\u0131lara \u0131\u015f\u0131k tutmas\u0131n\u0131 sa\u011flad\u0131.<!--more--><\/p>\n<p style=\"text-align: justify;\">Sayman, AA muhabirine yapt\u0131\u011f\u0131 a\u00e7\u0131klamada, K\u0131y\u0131 Emniyeti Genel M\u00fcd\u00fcrl\u00fc\u011f\u00fcn\u00fcn \u00f6zelle\u015ftirme kapsam\u0131nda fenerleri kiralad\u0131\u011f\u0131 d\u00f6nemde a\u00e7\u0131lan ihaleye ba\u015fvurdu\u011funu s\u00f6yledi. \u0130haleye ba\u015fta buras\u0131n\u0131 k\u00fct\u00fcphaneye d\u00f6n\u00fc\u015ft\u00fcrmek amac\u0131yla kat\u0131lmad\u0131\u011f\u0131n\u0131 belirten Sayman, \u015f\u00f6yle devam etti: &#8220;Bu t\u00fcr mekanlar\u0131 genel olarak ya meyhane ya diskotek ya da lokanta yap\u0131yorlar. O \u00e7evreyi de etkiliyor, bozuyor. O nedenle buray\u0131 koruyabilmek amac\u0131yla ihaleye ba\u015fvurdum. &#8216;Ne yapacaks\u0131n?&#8217; diye sorduklar\u0131nda da &#8216;k\u00fct\u00fcphane&#8217; cevab\u0131n\u0131 verdim. Deniz fenerleriyle ilgili b\u00fct\u00fcn d\u00fcnyadaki kitaplar\u0131n topland\u0131\u011f\u0131 bir yer oldu. 900&#8217;e yak\u0131n kitap var. \u0130nternet \u00fczerinden ya da gitti\u011fim \u00fclkelerde kitap\u00e7\u0131lar\u0131 dola\u015farak buluyorum.<\/p>\n<p style=\"text-align: justify;\">Asl\u0131nda kolay bir i\u015f de\u011fil. Derli toplu birk\u00fct\u00fcphane de bulunmuyor. S\u0131n\u0131rl\u0131, fazla bulam\u0131yorsunuz. Bir de ciddi bir yat\u0131r\u0131m gerektiriyor. E\u015fimle maddi kaynaklar\u0131m\u0131z\u0131 zorlayarak yap\u0131yoruz. B\u00fct\u00fcn d\u00fcnyan\u0131n deniz fenerlerine ili\u015fkin pullar\u0131 toplad\u0131m. Bir, iki \u00fclkenin eksik. \u00d6yle de ciddi bir koleksiyon var. Kartpostallar var. Belli objeleri topluyor, al\u0131p getiriyoruz. Bir de kitap yay\u0131ml\u0131yoruz. \u015eimdiye kadar biri \u00e7ocuklara y\u00f6nelik olmak \u00fczere 3 kitap yay\u0131mlad\u0131k, Sivrice Deniz Feneri yay\u0131nlar\u0131 diye.&#8221; Kitap projelerinden 4&#8217;\u00fcnc\u00fcs\u00fcn\u00fcn haz\u0131rl\u0131klar\u0131n\u0131 s\u00fcrd\u00fcrd\u00fc\u011f\u00fcn\u00fc dile getiren Sayman, ABD&#8217;de ya\u015fayan \u0130ranl\u0131 minyat\u00fcrc\u00fcn\u00fcn yard\u0131m\u0131yla deniz feneri minyat\u00fcrlerini kitapla\u015ft\u0131racaklar\u0131n\u0131 bildirdi.<\/p>\n<p style=\"text-align: justify;\">&#8220;Ara\u015ft\u0131rmac\u0131lar\u0131n ilgisini \u00e7ekiyor ama gelip ara\u015ft\u0131rma yapm\u0131yorlar&#8221;<\/p>\n<p style=\"text-align: justify;\">T\u00fcrkiye&#8217;nin ilk deniz feneri k\u00fct\u00fcphanesinin Sivrice&#8217;de bulundu\u011fu bilgisini veren Sayman, \u015funlar\u0131 kaydetti: &#8220;Bu k\u00fct\u00fcphane, denizcilerle ilgili \u00f6nemli bir merkez. Ara\u015ft\u0131rmac\u0131lar\u0131 bekliyoruz. Ara\u015ft\u0131rmac\u0131 olarak iki ki\u015fi ba\u015fvurdu. Galiba birisi y\u00fcksek lisans yap\u0131yordu. Birisi de geldi ve \u015f\u00f6yle bir bakabildi.<\/p>\n<p style=\"text-align: justify;\">Onlar daha \u00e7ok k\u0131\u015f\u0131n \u00e7al\u0131\u015fmak istiyor ama k\u0131\u015f\u0131n da buras\u0131 kapal\u0131. Ara\u015ft\u0131rmac\u0131lar\u0131n ilgisini \u00e7ekiyor ama gelip ara\u015ft\u0131rma yapm\u0131yorlar. Oysa burada her t\u00fcrl\u00fc altyap\u0131 var.&#8221; Kiralama s\u00fcresi sona erince yeniden ihaleye girip girmeme konusunda hen\u00fcz karar vermediklerini s\u00f6yleyen Sayman, k\u00fct\u00fcphanenin uzun y\u0131llar a\u00e7\u0131k kalmas\u0131n\u0131 istediklerini belirtti. Sayman, e\u015fiyle yaz d\u00f6nemini Sivrice Deniz Feneri&#8217;nde ge\u00e7irdiklerini anlatarak, &#8220;Ya\u015fam alan\u0131 olarak k\u00fc\u00e7\u00fck bir odas\u0131 var. Orada ya\u015f\u0131yoruz ama b\u00fct\u00fcn do\u011fa bizim&#8221; ifadesini kulland\u0131.<\/p>\n<p style=\"text-align: justify;\">K\u00fct\u00fcphanede her y\u0131l bir etkinlik d\u00fczenlediklerini ve bu kapsamda Londra&#8217;dan gelen grubun, yapt\u0131klar\u0131 \u00e7al\u0131\u015fmay\u0131 kitapla\u015ft\u0131rd\u0131\u011f\u0131n\u0131 bildiren Sayman,burada iki y\u0131ld\u0131r \u0130stanbul Medipol \u00dcniversitesinin T\u0131p ve Hukuk fak\u00fclteleriyle biyohukuk alan\u0131nda konferanslar ger\u00e7ekle\u015ftirdiklerini s\u00f6zlerine ekledi.<\/p>\n<p style=\"text-align: justify;\">Kaynak: http:\/\/www.cnnturk.com\/<\/p>\n","protected":false},"excerpt":{"rendered":"<p>\u0130stanbul Medipol \u00dcniversitesi Hukuk Fak\u00fcltesi \u00d6\u011fretim \u00dcyesi Prof. Dr. Y\u00fccel Sayman, Sivrice Deniz Feneri&#8217;ni yakla\u015f\u0131k 5 y\u0131l \u00f6nce K\u0131y\u0131 Emniyeti Genel M\u00fcd\u00fcrl\u00fc\u011f\u00fcnden 10 y\u0131ll\u0131\u011f\u0131na kiralad\u0131. Lojman\u0131, deniz fenerleriyle ilgili kitaplar\u0131n bulundu\u011fu k\u00fct\u00fcphaneye d\u00f6n\u00fc\u015ft\u00fcren Sayman, d\u00fcnyadaki deniz fenerleriyle ilgili kitaplar\u0131, pul ve kartpostallar\u0131 da temin edip sergileyerek buras\u0131n\u0131n hem denizcilere hem de ara\u015ft\u0131rmac\u0131lara \u0131\u015f\u0131k tutmas\u0131n\u0131 sa\u011flad\u0131.<\/p>\n","protected":false},"author":1,"featured_media":0,"comment_status":"open","ping_status":"open","sticky":false,"template":"","format":"standard","meta":{"footnotes":""},"categories":[1],"tags":[],"class_list":["post-11610","post","type-post","status-publish","format-standard","hentry","category-genel"],"_links":{"self":[{"href":"https:\/\/www.bbyhaber.com\/bby\/wp-json\/wp\/v2\/posts\/11610"}],"collection":[{"href":"https:\/\/www.bbyhaber.com\/bby\/wp-json\/wp\/v2\/posts"}],"about":[{"href":"https:\/\/www.bbyhaber.com\/bby\/wp-json\/wp\/v2\/types\/post"}],"author":[{"embeddable":true,"href":"https:\/\/www.bbyhaber.com\/bby\/wp-json\/wp\/v2\/users\/1"}],"replies":[{"embeddable":true,"href":"https:\/\/www.bbyhaber.com\/bby\/wp-json\/wp\/v2\/comments?post=11610"}],"version-history":[{"count":0,"href":"https:\/\/www.bbyhaber.com\/bby\/wp-json\/wp\/v2\/posts\/11610\/revisions"}],"wp:attachment":[{"href":"https:\/\/www.bbyhaber.com\/bby\/wp-json\/wp\/v2\/media?parent=11610"}],"wp:term":[{"taxonomy":"category","embeddable":true,"href":"https:\/\/www.bbyhaber.com\/bby\/wp-json\/wp\/v2\/categories?post=11610"},{"taxonomy":"post_tag","embeddable":true,"href":"https:\/\/www.bbyhaber.com\/bby\/wp-json\/wp\/v2\/tags?post=11610"}],"curies":[{"name":"wp","href":"https:\/\/api.w.org\/{rel}","templated":true}]}}