{"id":1158,"date":"2010-11-30T17:41:14","date_gmt":"2010-11-30T17:41:14","guid":{"rendered":"http:\/\/www.bbyhaber.com\/bby\/?p=1158"},"modified":"2012-05-30T13:13:39","modified_gmt":"2012-05-30T13:13:39","slug":"koylu-cocuklarin-gezici-kutuphane-ozlemi-bitiyor","status":"publish","type":"post","link":"https:\/\/www.bbyhaber.com\/bby\/2010\/11\/30\/koylu-cocuklarin-gezici-kutuphane-ozlemi-bitiyor","title":{"rendered":"K\u00f6yl\u00fc \u00c7ocuklar\u0131n Gezici K\u00fct\u00fcphane \u00d6zlemi Bitiyor"},"content":{"rendered":"<p style=\"text-align: justify;\" align=\"justify\">Erzurum&#8217;da gezici halk k\u00fct\u00fcphane otob\u00fcs\u00fcn\u00fcn fenni ara\u00e7 muayenesinde hurdaya ayr\u0131larak trafikten men edilmesi nedeniyle yakla\u015f\u0131k 1 y\u0131ld\u0131r k\u00fct\u00fcphane hizmetlerinden yararlanamayan 30 okulun \u00f6\u011frencilerinin kitap \u00f6zlemi, bitiyor. \u0130l K\u00fclt\u00fcr ve Turizm M\u00fcd\u00fcrl\u00fc\u011f\u00fcnden al\u0131nan bilgiye g\u00f6re, merkeze ba\u011fl\u0131 k\u00f6ylerde ve \u015fehirdeki baz\u0131 kenar mahallelerde, k\u00fct\u00fcphaneye gelme imkan\u0131 olmayan \u00f6\u011frencilere 1991&#8217;den beri hizmet veren \u0130l Halk K\u00fct\u00fcphanesi M\u00fcd\u00fcrl\u00fc\u011f\u00fcn\u00fcn gezici halk k\u00fct\u00fcphanesi arac\u0131, 15 Eyl\u00fcl 2009&#8217;da trafikten men edildi.<!--more--><\/p>\n<p style=\"text-align: justify;\" align=\"justify\">Yakla\u015f\u0131k 2 bin kitab\u0131n bulundu\u011fu ilin tek gezici k\u00fct\u00fcphane arac\u0131n\u0131n trafikten men edilerek hurdaya ayr\u0131lmas\u0131n\u0131n ard\u0131ndan gezici k\u00fct\u00fcphane hizmetleri de durdu. Yetkililer, k\u00fct\u00fcphane arac\u0131 s\u0131k\u0131nt\u0131s\u0131n\u0131n giderilmesi i\u00e7in Sosyal Destek Program\u0131 kapsam\u0131nda bir proje haz\u0131rlad\u0131klar\u0131n\u0131, onaylanan bu projeyle k\u00fct\u00fcphane hizmetlerinde kullan\u0131lmak \u00fczere yeni bir otob\u00fcs al\u0131naca\u011f\u0131n\u0131 s\u00f6yledi.<\/p>\n<p style=\"text-align: justify;\" align=\"justify\">Otob\u00fcs al\u0131m\u0131 i\u00e7in s\u00f6zle\u015fme imzalad\u0131klar\u0131n\u0131 belirten yetkililer, yak\u0131n zamanda teslim edilmesi beklenen otob\u00fcsle yakla\u015f\u0131k 1 y\u0131ldan beri verilemeyen gezici k\u00fct\u00fcphane hizmetlerinin yeniden ba\u015flat\u0131laca\u011f\u0131n\u0131 bildirdi. K\u00f6ylerde, kenar mahallerde \u00f6\u011frencilerin ve vatanda\u015flar\u0131n kitap okuma ihtiyac\u0131n\u0131 daha \u00e7ok gezici k\u00fct\u00fcphane arac\u0131ndan kar\u015f\u0131lad\u0131klar\u0131n\u0131 ifade eden yetkililer, bu nedenle gezici k\u00fct\u00fcphane hizmetlerinin ilde b\u00fcy\u00fck \u00f6nem ta\u015f\u0131d\u0131\u011f\u0131n\u0131 kaydetti.\u00a0<strong><\/strong><\/p>\n<p style=\"text-align: justify;\" align=\"justify\">Kaynak: http:\/\/www.stargazete.com<\/p>\n","protected":false},"excerpt":{"rendered":"<p>Erzurum&#8217;da gezici halk k\u00fct\u00fcphane otob\u00fcs\u00fcn\u00fcn fenni ara\u00e7 muayenesinde hurdaya ayr\u0131larak trafikten men edilmesi nedeniyle yakla\u015f\u0131k 1 y\u0131ld\u0131r k\u00fct\u00fcphane hizmetlerinden yararlanamayan 30 okulun \u00f6\u011frencilerinin kitap \u00f6zlemi, bitiyor. \u0130l K\u00fclt\u00fcr ve Turizm M\u00fcd\u00fcrl\u00fc\u011f\u00fcnden al\u0131nan bilgiye g\u00f6re, merkeze ba\u011fl\u0131 k\u00f6ylerde ve \u015fehirdeki baz\u0131 kenar mahallelerde, k\u00fct\u00fcphaneye gelme imkan\u0131 olmayan \u00f6\u011frencilere 1991&#8217;den beri hizmet veren \u0130l Halk K\u00fct\u00fcphanesi M\u00fcd\u00fcrl\u00fc\u011f\u00fcn\u00fcn [&hellip;]<\/p>\n","protected":false},"author":1,"featured_media":0,"comment_status":"open","ping_status":"open","sticky":false,"template":"","format":"standard","meta":{"footnotes":""},"categories":[1486,1498],"tags":[1440],"class_list":["post-1158","post","type-post","status-publish","format-standard","hentry","category-gezici-kutuphane","category-koy-kutuphaneleri","tag-gezici-kutuphaneler"],"_links":{"self":[{"href":"https:\/\/www.bbyhaber.com\/bby\/wp-json\/wp\/v2\/posts\/1158"}],"collection":[{"href":"https:\/\/www.bbyhaber.com\/bby\/wp-json\/wp\/v2\/posts"}],"about":[{"href":"https:\/\/www.bbyhaber.com\/bby\/wp-json\/wp\/v2\/types\/post"}],"author":[{"embeddable":true,"href":"https:\/\/www.bbyhaber.com\/bby\/wp-json\/wp\/v2\/users\/1"}],"replies":[{"embeddable":true,"href":"https:\/\/www.bbyhaber.com\/bby\/wp-json\/wp\/v2\/comments?post=1158"}],"version-history":[{"count":0,"href":"https:\/\/www.bbyhaber.com\/bby\/wp-json\/wp\/v2\/posts\/1158\/revisions"}],"wp:attachment":[{"href":"https:\/\/www.bbyhaber.com\/bby\/wp-json\/wp\/v2\/media?parent=1158"}],"wp:term":[{"taxonomy":"category","embeddable":true,"href":"https:\/\/www.bbyhaber.com\/bby\/wp-json\/wp\/v2\/categories?post=1158"},{"taxonomy":"post_tag","embeddable":true,"href":"https:\/\/www.bbyhaber.com\/bby\/wp-json\/wp\/v2\/tags?post=1158"}],"curies":[{"name":"wp","href":"https:\/\/api.w.org\/{rel}","templated":true}]}}