{"id":1155,"date":"2010-12-04T17:37:41","date_gmt":"2010-12-04T17:37:41","guid":{"rendered":"http:\/\/www.bbyhaber.com\/bby\/?p=1155"},"modified":"2012-05-29T08:17:28","modified_gmt":"2012-05-29T08:17:28","slug":"halk-kutuphaneleri-bolge-semineri-canakkale","status":"publish","type":"post","link":"https:\/\/www.bbyhaber.com\/bby\/2010\/12\/04\/halk-kutuphaneleri-bolge-semineri-canakkale","title":{"rendered":"Halk k\u00fct\u00fcphaneleri b\u00f6lge semineri-\u00c7anakkale"},"content":{"rendered":"<p style=\"text-align: justify;\" align=\"justify\">16. Halk K\u00fct\u00fcphaneleri 2010 \u00c7anakkale B\u00f6lge Semineri d\u00fcn start ald\u0131. Zeynep Bodur \u00c7ocuk K\u00fct\u00fcphanesi\u2019nde d\u00fczenlenen a\u00e7\u0131l\u0131\u015f t\u00f6reninde bir konu\u015fma yapan \u0130l Halk K\u00fct\u00fcphanesi M\u00fcd\u00fcr\u00fc Osman Zeki Co\u015far; \u201c Bu aile ortam\u0131 i\u00e7erisinde ger\u00e7ekle\u015ftiriyor oldu\u011fumuz seminerde bulunmaktan \u00e7ok mutluyum. Bu seminerin k\u00fct\u00fcphanemiz a\u00e7\u0131s\u0131ndan yeni bir vizyon olu\u015fturaca\u011f\u0131 kanaatindeyim. <!--more--><\/p>\n<p style=\"text-align: justify;\" align=\"justify\">Tecr\u00fcbelerimizi payla\u015fmak ad\u0131na bu seminerin yap\u0131lmas\u0131 \u00e7ok olumlu olacakt\u0131r. Kat\u0131lan herkese ho\u015f geldiniz diyor ve te\u015fekk\u00fcr ediyorum\u201d dedi. A\u00e7\u0131l\u0131\u015f konu\u015fmas\u0131n\u0131n ard\u0131ndan s\u0131ras\u0131yla s\u00f6z alan \u0130stanbul Institut K\u00fct\u00fcphane ve Enformasyon Birimi Y\u00f6neticisi Eva Hackenberg, T\u00fcrk K\u00fct\u00fcphaneciler Derne\u011fi Genel Ba\u015fkan\u0131 Ali Fuat Kartal, Hacettepe \u00dcniversitesi Bilgi ve Belge Y\u00f6netimi B\u00f6l\u00fcm\u00fc\u2019nden Profes\u00f6r Doktor B\u00fclent Y\u0131lmaz, farkl\u0131 k\u00fct\u00fcphanelerden bilirki\u015filerin bir araya gelerek bilgilerini aktarmalar\u0131n\u0131n ba\u015fka k\u00fct\u00fcphanelere \u00f6rnek olaca\u011f\u0131n\u0131 belirterek, seminerde olmaktan mutluluk duyduklar\u0131n\u0131 ifade ettiler. Son olarak s\u00f6z alan \u0130l K\u00fclt\u00fcr ve Turizm M\u00fcd\u00fcr Yard\u0131mc\u0131s\u0131 ve Vekili \u00d6zcan Alarslan ise, k\u00fct\u00fcphanecilere y\u00f6nelik yap\u0131lan seminerde \u00c7anakkale\u2019nin se\u00e7ilmesinin memnuniyet verici oldu\u011funu s\u00f6yleyerek, kitap ve k\u00fct\u00fcphaneyle ilgili yap\u0131lacak olan bu ve benzeri seminerlerin olumlu olaca\u011f\u0131n\u0131 kaydetti.<\/p>\n<p style=\"text-align: justify;\" align=\"justify\">Konu\u015fmalar\u0131n ard\u0131ndan Profes\u00f6r Doktor B\u00fclent Y\u0131lmaz \u201c\u00c7ocuk K\u00fct\u00fcphaneleri ve K\u00fct\u00fcphanecili\u011fi\u201d, Do\u00e7ent Doktor Nazan \u00d6zen\u00e7 U\u00e7ak \u201c\u00c7ocuk ve Kitap\u201d, Eva Hackenberg \u201cHamburg, Berlin ve Dresden\u2019deki Baz\u0131 Halk K\u00fct\u00fcphanelerinde \u00c7ocuk ve Gen\u00e7lere Y\u00f6nelik Yenilik\u00e7i Hizmetler\u201d, Profes\u00f6r Doktor Sedat Sever \u201c\u00c7ocuk ve Gen\u00e7lere Okuma K\u00fclt\u00fcr\u00fc Nas\u0131l Kazand\u0131r\u0131l\u0131r?\u201d, \u0130stanbul \u00dcniversitesi\u2019nden Suzan Gerid\u00f6nmez \u201c\u00c7ocuklar \u0130\u00e7in K\u00fct\u00fcphane ve Yarat\u0131c\u0131 Uygulamalar\u201d ba\u015fl\u0131klar\u0131 alt\u0131nda sinevizyonlu anlat\u0131m ile bilgilendirme yapt\u0131lar. D\u00fczenlenen seminere \u0130l K\u00fclt\u00fcr ve Turizm M\u00fcd\u00fcr vekili \u00d6zcan Alarslan, \u0130l Halk K\u00fct\u00fcphanesi M\u00fcd\u00fcr\u00fc Osman Zeki Co\u015far, \u0130l Halk K\u00fct\u00fcphanesi M\u00fcd\u00fcr Yard\u0131mc\u0131s\u0131 Aynur Altunkaya, \u015eube M\u00fcd\u00fcrleri Sevim Ate\u015f, G\u00f6n\u00fcl Konur, K\u0131rklareli \u0130l Halk K\u00fct\u00fcphanesi\u2019nden Erkan Demirel, Edirne \u0130l Halk K\u00fct\u00fcphanesi\u2019nden Ufuk Tuncer, Tekirda\u011f \u0130l Halk K\u00fct\u00fcphanesi\u2019nden Cafer Cafero\u011flu, \u00dcsk\u00fcdar \u015eemsipa\u015fa \u0130l\u00e7e Halk K\u00fct\u00fcphanesi\u2019nden Levent Polat, Sakarya \u0130l Halk K\u00fct\u00fcphanesi\u2019nden Esin Sancakl\u0131, \u015eener Yelkenci, Bolu \u0130l Halk K\u00fct\u00fcphanesi\u2019nden Kaz\u0131m Bahtiyar, Bilecik \u0130l Halk K\u00fct\u00fcphanesi\u2019nden P\u0131nar Dengiz, Bursa \u0130l Halk K\u00fct\u00fcphanesi\u2019nden C\u00fcneyt Akg\u00fcn, Karab\u00fck \u0130l Halk K\u00fct\u00fcphanesi\u2019nden Emine Ercan, Zonguldak \u0130l Halk K\u00fct\u00fcphanesi\u2019nden Hidaye Nur Atakl\u0131, Bart\u0131n \u0130l Halk K\u00fct\u00fcphanesi\u2019nden T\u00fclay Erduran, Kocaeli \u0130l Halk K\u00fct\u00fcphanesi\u2019nden Fahri Emiro\u011flu, Gebze \u0130l\u00e7e Halk K\u00fct\u00fcphanesi\u2019nden Tevhide Bu\u011fan, Yalova \u0130l Halk K\u00fct\u00fcphanesi\u2019nden \u00d6mer Kuzgun, Eski\u015fehir \u0130l Halk K\u00fct\u00fcphanesi\u2019nden Pervin Dilek, Mehmet Akaya, Orhan Kemal \u0130l Halk K\u00fct\u00fcphanesi\u2019nden \u0130smail Duyar ve Bak\u0131rk\u00f6y \u0130l\u00e7e Halk K\u00fct\u00fcphanesi\u2019nden G\u00fcler Y\u0131ld\u0131z kat\u0131ld\u0131.\u00a0<strong><\/strong><\/p>\n<p style=\"text-align: justify;\">Kaynak: http:\/\/www.canakkaleolay.com<\/p>\n","protected":false},"excerpt":{"rendered":"<p>16. Halk K\u00fct\u00fcphaneleri 2010 \u00c7anakkale B\u00f6lge Semineri d\u00fcn start ald\u0131. Zeynep Bodur \u00c7ocuk K\u00fct\u00fcphanesi\u2019nde d\u00fczenlenen a\u00e7\u0131l\u0131\u015f t\u00f6reninde bir konu\u015fma yapan \u0130l Halk K\u00fct\u00fcphanesi M\u00fcd\u00fcr\u00fc Osman Zeki Co\u015far; \u201c Bu aile ortam\u0131 i\u00e7erisinde ger\u00e7ekle\u015ftiriyor oldu\u011fumuz seminerde bulunmaktan \u00e7ok mutluyum. Bu seminerin k\u00fct\u00fcphanemiz a\u00e7\u0131s\u0131ndan yeni bir vizyon olu\u015fturaca\u011f\u0131 kanaatindeyim.<\/p>\n","protected":false},"author":1,"featured_media":0,"comment_status":"open","ping_status":"open","sticky":false,"template":"","format":"standard","meta":{"footnotes":""},"categories":[1576],"tags":[848],"class_list":["post-1155","post","type-post","status-publish","format-standard","hentry","category-halk-kutuphaneleri-bolge-seminerleri","tag-halk-kutuphaneleri"],"_links":{"self":[{"href":"https:\/\/www.bbyhaber.com\/bby\/wp-json\/wp\/v2\/posts\/1155"}],"collection":[{"href":"https:\/\/www.bbyhaber.com\/bby\/wp-json\/wp\/v2\/posts"}],"about":[{"href":"https:\/\/www.bbyhaber.com\/bby\/wp-json\/wp\/v2\/types\/post"}],"author":[{"embeddable":true,"href":"https:\/\/www.bbyhaber.com\/bby\/wp-json\/wp\/v2\/users\/1"}],"replies":[{"embeddable":true,"href":"https:\/\/www.bbyhaber.com\/bby\/wp-json\/wp\/v2\/comments?post=1155"}],"version-history":[{"count":0,"href":"https:\/\/www.bbyhaber.com\/bby\/wp-json\/wp\/v2\/posts\/1155\/revisions"}],"wp:attachment":[{"href":"https:\/\/www.bbyhaber.com\/bby\/wp-json\/wp\/v2\/media?parent=1155"}],"wp:term":[{"taxonomy":"category","embeddable":true,"href":"https:\/\/www.bbyhaber.com\/bby\/wp-json\/wp\/v2\/categories?post=1155"},{"taxonomy":"post_tag","embeddable":true,"href":"https:\/\/www.bbyhaber.com\/bby\/wp-json\/wp\/v2\/tags?post=1155"}],"curies":[{"name":"wp","href":"https:\/\/api.w.org\/{rel}","templated":true}]}}