{"id":11543,"date":"2013-07-15T14:56:04","date_gmt":"2013-07-15T11:56:04","guid":{"rendered":"http:\/\/www.bbyhaber.com\/bby\/?p=11543"},"modified":"2017-09-23T19:10:38","modified_gmt":"2017-09-23T16:10:38","slug":"hastalar-icin-kutuphane-kuruldu-van","status":"publish","type":"post","link":"https:\/\/www.bbyhaber.com\/bby\/2013\/07\/15\/hastalar-icin-kutuphane-kuruldu-van","title":{"rendered":"Hastalar \u0130\u00e7in K\u00fct\u00fcphane Kuruldu-Van"},"content":{"rendered":"<p style=\"text-align: justify;\">Van B\u00f6lge E\u011fitim ve Ara\u015ft\u0131rma Hastanesi taraf\u0131ndan hastalar i\u00e7in k\u00fct\u00fcphane olu\u015fturuldu. Hasta ve hasta yak\u0131nlar\u0131n\u0131n bo\u015f vakitlerini iyi de\u011ferlendirmeleri amac\u0131yla hastanede k\u00fct\u00fcphanenin olu\u015fturuldu\u011funu belirten Kamu Hastaneleri Genel Sekreteri Yrd. Do\u00e7. Dr. Vural Polat, \u201cHastalar bazen uzun zaman hastanemizde kalabiliyorlar. Hem bu hastalar\u0131m\u0131zda okuma al\u0131\u015fkanl\u0131\u011f\u0131n\u0131n geli\u015ftirilmesi hem de hastanemizde uzun zaman bekleyen vatanda\u015flar\u0131m\u0131z\u0131n bu<!--more--> s\u00fcre i\u00e7erisinde bo\u015f vakitlerini verimli bir \u015fekilde de\u011ferlendirmesini sa\u011flamak amac\u0131yla b\u00f6yle bir uygulama ba\u015flatt\u0131k. Bunun yan\u0131nda yine hastane personelimizde \u00f6\u011fle aras\u0131nda vakitlerini kitap okuyarak verimli ge\u00e7irebilirler\u201d dedi.<\/p>\n<p style=\"text-align: justify;\">\u00dclke olarak okuma al\u0131\u015fkanl\u0131\u011f\u0131n\u0131n olmad\u0131\u011f\u0131na dikkat \u00e7eken Polat, \u201cK\u00fct\u00fcphanemizin \u015fu anda \u00e7ok yo\u011fun kullan\u0131ld\u0131\u011f\u0131n\u0131 s\u00f6yleyemeyiz. Ancak \u00e7ok olumlu tepkiler al\u0131yoruz. \u0130n\u015fallah s\u00fcre\u00e7 i\u00e7erisinde k\u00fct\u00fcphanemizin daha yayg\u0131n kullan\u0131laca\u011f\u0131n\u0131 umuyoruz\u201d \u015feklinde konu\u015ftu. K\u00fct\u00fcphanede kitap, dergi ve gazete bulundu\u011funu ifade eden Polat, vatanda\u015flar\u0131n da k\u00fct\u00fcphaneden faydalanmalar\u0131n\u0131 istedi\u011fini s\u00f6zlerine ekledi.<\/p>\n<p style=\"text-align: justify;\">Kaynak: www.haber01.com<\/p>\n","protected":false},"excerpt":{"rendered":"<p>Van B\u00f6lge E\u011fitim ve Ara\u015ft\u0131rma Hastanesi taraf\u0131ndan hastalar i\u00e7in k\u00fct\u00fcphane olu\u015fturuldu. Hasta ve hasta yak\u0131nlar\u0131n\u0131n bo\u015f vakitlerini iyi de\u011ferlendirmeleri amac\u0131yla hastanede k\u00fct\u00fcphanenin olu\u015fturuldu\u011funu belirten Kamu Hastaneleri Genel Sekreteri Yrd. Do\u00e7. Dr. Vural Polat, \u201cHastalar bazen uzun zaman hastanemizde kalabiliyorlar. Hem bu hastalar\u0131m\u0131zda okuma al\u0131\u015fkanl\u0131\u011f\u0131n\u0131n geli\u015ftirilmesi hem de hastanemizde uzun zaman bekleyen vatanda\u015flar\u0131m\u0131z\u0131n bu<\/p>\n","protected":false},"author":1,"featured_media":0,"comment_status":"open","ping_status":"open","sticky":false,"template":"","format":"standard","meta":{"footnotes":""},"categories":[1],"tags":[358],"class_list":["post-11543","post","type-post","status-publish","format-standard","hentry","category-genel","tag-hastane-kutuphaneleri"],"_links":{"self":[{"href":"https:\/\/www.bbyhaber.com\/bby\/wp-json\/wp\/v2\/posts\/11543"}],"collection":[{"href":"https:\/\/www.bbyhaber.com\/bby\/wp-json\/wp\/v2\/posts"}],"about":[{"href":"https:\/\/www.bbyhaber.com\/bby\/wp-json\/wp\/v2\/types\/post"}],"author":[{"embeddable":true,"href":"https:\/\/www.bbyhaber.com\/bby\/wp-json\/wp\/v2\/users\/1"}],"replies":[{"embeddable":true,"href":"https:\/\/www.bbyhaber.com\/bby\/wp-json\/wp\/v2\/comments?post=11543"}],"version-history":[{"count":1,"href":"https:\/\/www.bbyhaber.com\/bby\/wp-json\/wp\/v2\/posts\/11543\/revisions"}],"predecessor-version":[{"id":22684,"href":"https:\/\/www.bbyhaber.com\/bby\/wp-json\/wp\/v2\/posts\/11543\/revisions\/22684"}],"wp:attachment":[{"href":"https:\/\/www.bbyhaber.com\/bby\/wp-json\/wp\/v2\/media?parent=11543"}],"wp:term":[{"taxonomy":"category","embeddable":true,"href":"https:\/\/www.bbyhaber.com\/bby\/wp-json\/wp\/v2\/categories?post=11543"},{"taxonomy":"post_tag","embeddable":true,"href":"https:\/\/www.bbyhaber.com\/bby\/wp-json\/wp\/v2\/tags?post=11543"}],"curies":[{"name":"wp","href":"https:\/\/api.w.org\/{rel}","templated":true}]}}