{"id":1153,"date":"2010-12-09T17:36:19","date_gmt":"2010-12-09T17:36:19","guid":{"rendered":"http:\/\/www.bbyhaber.com\/bby\/?p=1153"},"modified":"2012-05-21T19:26:33","modified_gmt":"2012-05-21T19:26:33","slug":"dijital-kurt-kutuphanesi-kuruldu","status":"publish","type":"post","link":"https:\/\/www.bbyhaber.com\/bby\/2010\/12\/09\/dijital-kurt-kutuphanesi-kuruldu","title":{"rendered":"Dijital K\u00fcrt K\u00fct\u00fcphanesi kuruldu"},"content":{"rendered":"<p style=\"text-align: justify;\" align=\"justify\">Avrupa\u2019n\u0131n en b\u00fcy\u00fck K\u00fct\u00fcphanesi\u2019ne sahip olduklar\u0131n\u0131 belirten Paris K\u00fcrt Enstit\u00fcs\u00fc, bu k\u00fct\u00fcphanesini internet ortam\u0131na ta\u015f\u0131yor. Paris K\u00fcrt Enstit\u00fcs\u00fc taraf\u0131ndan yap\u0131lan a\u00e7\u0131klamaya g\u00f6re ilk etapta K\u00fcrt\u00e7e ve yabanc\u0131 dillerde bin kadar eser ve y\u00fczlerce ek belge internet ortam\u0131na ta\u015f\u0131nacak.Projenin dijitalle\u015ftirilmesinin ileriki a\u015famalar\u0131nda ses, g\u00f6r\u00fcnt\u00fc ve foto\u011fraf dahil di\u011fer eserler ve belgelerin internet kullan\u0131c\u0131lar\u0131n\u0131n hizmetine sunulaca\u011f\u0131 bildirildi.<!--more--><\/p>\n<p style=\"text-align: justify;\" align=\"justify\">Enstit\u00fcye g\u00f6re K\u00fcrt Dijital K\u00fct\u00fcphanesi, K\u00fcrt d\u00fcnyas\u0131na ili\u015fkin internetteki ilk ve en zengin kaynak merkezi olacak. Site K\u00fcrt\u00e7e, Frans\u0131zca ve \u0130ngilizce dillerinde yay\u0131n yapacak. Dijital K\u00fct\u00fcphane, 10 Aral\u0131k g\u00fcn\u00fc Paris saatiyle saat 10.00\u2019dan itibaren \u015fu \u00fc\u00e7 web adresinden hizmete a\u00e7\u0131lacak: bnk.kurde.eu, bnk.kurd.eu, bnk.institutkurde.org.\u00a0<strong><\/strong><\/p>\n<p style=\"text-align: justify;\" align=\"justify\">Kaynak: http:\/\/www.diyarbakirhaber.gen.tr<\/p>\n","protected":false},"excerpt":{"rendered":"<p>Avrupa\u2019n\u0131n en b\u00fcy\u00fck K\u00fct\u00fcphanesi\u2019ne sahip olduklar\u0131n\u0131 belirten Paris K\u00fcrt Enstit\u00fcs\u00fc, bu k\u00fct\u00fcphanesini internet ortam\u0131na ta\u015f\u0131yor. Paris K\u00fcrt Enstit\u00fcs\u00fc taraf\u0131ndan yap\u0131lan a\u00e7\u0131klamaya g\u00f6re ilk etapta K\u00fcrt\u00e7e ve yabanc\u0131 dillerde bin kadar eser ve y\u00fczlerce ek belge internet ortam\u0131na ta\u015f\u0131nacak.Projenin dijitalle\u015ftirilmesinin ileriki a\u015famalar\u0131nda ses, g\u00f6r\u00fcnt\u00fc ve foto\u011fraf dahil di\u011fer eserler ve belgelerin internet kullan\u0131c\u0131lar\u0131n\u0131n hizmetine sunulaca\u011f\u0131 bildirildi.<\/p>\n","protected":false},"author":1,"featured_media":0,"comment_status":"open","ping_status":"open","sticky":false,"template":"","format":"standard","meta":{"footnotes":""},"categories":[1559,1],"tags":[153],"class_list":["post-1153","post","type-post","status-publish","format-standard","hentry","category-dijital-kutuphane","category-genel","tag-kurt-kutuphanesi"],"_links":{"self":[{"href":"https:\/\/www.bbyhaber.com\/bby\/wp-json\/wp\/v2\/posts\/1153"}],"collection":[{"href":"https:\/\/www.bbyhaber.com\/bby\/wp-json\/wp\/v2\/posts"}],"about":[{"href":"https:\/\/www.bbyhaber.com\/bby\/wp-json\/wp\/v2\/types\/post"}],"author":[{"embeddable":true,"href":"https:\/\/www.bbyhaber.com\/bby\/wp-json\/wp\/v2\/users\/1"}],"replies":[{"embeddable":true,"href":"https:\/\/www.bbyhaber.com\/bby\/wp-json\/wp\/v2\/comments?post=1153"}],"version-history":[{"count":0,"href":"https:\/\/www.bbyhaber.com\/bby\/wp-json\/wp\/v2\/posts\/1153\/revisions"}],"wp:attachment":[{"href":"https:\/\/www.bbyhaber.com\/bby\/wp-json\/wp\/v2\/media?parent=1153"}],"wp:term":[{"taxonomy":"category","embeddable":true,"href":"https:\/\/www.bbyhaber.com\/bby\/wp-json\/wp\/v2\/categories?post=1153"},{"taxonomy":"post_tag","embeddable":true,"href":"https:\/\/www.bbyhaber.com\/bby\/wp-json\/wp\/v2\/tags?post=1153"}],"curies":[{"name":"wp","href":"https:\/\/api.w.org\/{rel}","templated":true}]}}