{"id":11496,"date":"2013-07-10T17:01:58","date_gmt":"2013-07-10T14:01:58","guid":{"rendered":"http:\/\/www.bbyhaber.com\/bby\/?p=11496"},"modified":"2013-09-12T14:41:46","modified_gmt":"2013-09-12T11:41:46","slug":"ogretim-uyesi-yetistirme-programi-oyp-bby-icin-acilan-kadro-sayisi-son-basvuru-23-temmuz-2013","status":"publish","type":"post","link":"https:\/\/www.bbyhaber.com\/bby\/2013\/07\/10\/ogretim-uyesi-yetistirme-programi-oyp-bby-icin-acilan-kadro-sayisi-son-basvuru-23-temmuz-2013","title":{"rendered":"\u00d6\u011fretim \u00dcyesi Yeti\u015ftirme Program\u0131 (\u00d6YP) BBY i\u00e7in a\u00e7\u0131lan kadro say\u0131s\u0131-Son Ba\u015fvuru-23 Temmuz 2013"},"content":{"rendered":"<p style=\"text-align: justify;\"><img loading=\"lazy\" decoding=\"async\" class=\"alignleft\" src=\"http:\/\/www.bbyhaber.com\/bby\/wp-content\/uploads\/dosyalar\/oyp\/resimler\/bby-oyp.jpg\" alt=\"\" width=\"70\" height=\"70\" \/>\u00d6\u011fretim \u00dcyesi Yeti\u015ftirme Program\u0131 (\u00d6YP) BBY i\u00e7in a\u00e7\u0131lan toplam ara\u015ft\u0131rma g\u00f6revlisi 6 kadro bulunmaktad\u0131r. \u00d6YP ile Ara\u015ft\u0131rma G\u00f6revlisi Kadrosu a\u00e7an \u00fcniversitelerin aranan \u00f6zel ve genel \u015fartlar\u0131 a\u015fa\u011f\u0131da belirtilmi\u015ftir. <strong>\u00d6YP ara\u015ft\u0131rma g\u00f6revlisi kadrolar\u0131na<span style=\"color: #ff0000;\"> tercih i\u015flemleri 17-23 Temmuz tarihleri<\/span> aras\u0131nda Y\u00d6K&#8217;\u00fcn internet sayfas\u0131 \u00fczerinden yap\u0131lacakt\u0131r.<span style=\"color: #0000ff;\"><br \/>\nTercih Sonu\u00e7lar\u0131&#8211;&gt; <strong><a title=\"2013 \u00d6YP En b\u00fcy\u00fck ve En k\u00fc\u00e7\u00fck  Puanlar\u0131-Temmuz 2013\" href=\"http:\/\/www.bbyhaber.com\/bby\/2013\/08\/12\/2013-oyp-en-buyuk-ve-en-kucuk-puanlari-temmuz-2013\/\"><span style=\"color: #0000ff;\">2013 \u00d6YP En b\u00fcy\u00fck ve En k\u00fc\u00e7\u00fck Puanlar\u0131-Temmuz 2013<\/span><\/a><\/strong><\/span><br \/>\n<\/strong><\/p>\n<p style=\"text-align: justify;\"><strong><!--more--><\/strong><\/p>\n<table style=\"width: 500px;\" border=\"1\" cellspacing=\"1\" cellpadding=\"1\">\n<tbody>\n<tr>\n<td>\u00dcniversite\/Fak\u00fclte\/<br \/>\nB\u00f6l\u00fcm\/Anabilim Dal\u0131<\/td>\n<td>Kadro Tipi<\/td>\n<td>Adet<\/td>\n<td>\u00d6zel \u015eartlar<\/td>\n<td>Son Ba\u015fvuru<br \/>\nTarihi<\/td>\n<\/tr>\n<tr>\n<td>ARDAHAN \u00dcN\u0130VERS\u0130TES\u0130&#8212;&gt;\u0130NSAN\u0130 B\u0130L\u0130MLER VE EDEB\u0130YAT FAK\u00dcLTES\u0130&#8212;&gt;B\u0130LG\u0130 VE BELGE Y\u00d6NET\u0130M\u0130 B\u00d6L\u00dcM\u00dc&#8212;&gt;D\u00d6K\u00dcMANTASYON VE ENFORMASYON ANAB\u0130L\u0130M DALI<\/td>\n<td>ARA\u015eTIRMA G\u00d6REVL\u0130S\u0130<\/td>\n<td>1<\/td>\n<td>B\u0130LG\u0130 VE BELGE Y\u00d6NET\u0130M\u0130 B\u00d6L\u00dcM\u00dc,L\u0130SANS MEZUNU OLMAK VEYA \u0130LG\u0130L\u0130 ANAB\u0130L\u0130M DALINDA Y\u00dcKSEK L\u0130SANS YAPIYOR OLMAK<\/td>\n<td>23.07.2013<\/td>\n<\/tr>\n<tr>\n<td>\u0130ZM\u0130R KAT\u0130P \u00c7ELEB\u0130 \u00dcN\u0130VERS\u0130TES\u0130&#8212;&gt;SOSYAL VE BE\u015eER\u0130 B\u0130L\u0130MLER FAK\u00dcLTES\u0130&#8212;&gt;B\u0130LG\u0130 VE BELGE Y\u00d6NET\u0130M\u0130 B\u00d6L\u00dcM\u00dc&#8212;&gt;B\u0130LG\u0130 Y\u00d6NET\u0130M\u0130 VE TEKNOLOJ\u0130S\u0130 ANAB\u0130L\u0130M DALI<\/td>\n<td>ARA\u015eTIRMA G\u00d6REVL\u0130S\u0130<\/td>\n<td>1<\/td>\n<td>B\u0130LG\u0130 VE BELGE Y\u00d6NET\u0130M\u0130 B\u00d6L\u00dcM\u00dc L\u0130SANS MEZUNU OLMAK VEYA \u0130LG\u0130L\u0130 ANAB\u0130L\u0130M DALINDA Y\u00dcKSEK L\u0130SANS YAPIYOR OLMAK<\/td>\n<td>23.07.2013<\/td>\n<\/tr>\n<tr>\n<td>\u0130ZM\u0130R KAT\u0130P \u00c7ELEB\u0130 \u00dcN\u0130VERS\u0130TES\u0130&#8212;&gt;SOSYAL VE BE\u015eER\u0130 B\u0130L\u0130MLER FAK\u00dcLTES\u0130&#8212;&gt;B\u0130LG\u0130 VE BELGE Y\u00d6NET\u0130M\u0130 B\u00d6L\u00dcM\u00dc&#8212;&gt;K\u00dcT\u00dcPHANEC\u0130L\u0130K ANAB\u0130L\u0130M DALI<\/td>\n<td>ARA\u015eTIRMA G\u00d6REVL\u0130S\u0130<\/td>\n<td>1<\/td>\n<td>B\u0130LG\u0130 VE BELGE Y\u00d6NET\u0130M\u0130 B\u00d6L\u00dcM\u00dc L\u0130SANS MEZUNU OLMAK VEYA \u0130LG\u0130L\u0130 ANAB\u0130L\u0130M DALINDA Y\u00dcKSEK L\u0130SANS YAPIYOR OLMAK<\/td>\n<td>23.07.2013<\/td>\n<\/tr>\n<tr>\n<td>\u0130ZM\u0130R KAT\u0130P \u00c7ELEB\u0130 \u00dcN\u0130VERS\u0130TES\u0130&#8212;&gt;SOSYAL VE BE\u015eER\u0130 B\u0130L\u0130MLER FAK\u00dcLTES\u0130&#8212;&gt;B\u0130LG\u0130 VE BELGE Y\u00d6NET\u0130M\u0130 B\u00d6L\u00dcM\u00dc&#8212;&gt;AR\u015e\u0130VC\u0130L\u0130K ANAB\u0130L\u0130M DALI<\/td>\n<td>ARA\u015eTIRMA G\u00d6REVL\u0130S\u0130<\/td>\n<td>1<\/td>\n<td>B\u0130LG\u0130 VE BELGE Y\u00d6NET\u0130M\u0130 B\u00d6L\u00dcM\u00dc L\u0130SANS MEZUNU OLMAK VEYA \u0130LG\u0130L\u0130 ANAB\u0130L\u0130M DALINDA Y\u00dcKSEK L\u0130SANS YAPIYOR OLMAK<\/td>\n<td>23.07.2013<\/td>\n<\/tr>\n<tr>\n<td>KASTAMONU \u00dcN\u0130VERS\u0130TES\u0130&#8212;&gt;FEN-EDEB\u0130YAT FAK\u00dcLTES\u0130&#8212;&gt;B\u0130LG\u0130 BELGE Y\u00d6NET\u0130M\u0130 B\u00d6L\u00dcM\u00dc<\/td>\n<td>ARA\u015eTIRMA G\u00d6REVL\u0130S\u0130<\/td>\n<td>1<\/td>\n<td>FAK\u00dcLTELER\u0130N B\u0130LG\u0130 VE BELGE Y\u00d6NET\u0130M\u0130 B\u00d6L\u00dcM\u00dc MEZUNU OLMAK VEYA \u0130LG\u0130L\u0130 ALANDA Y\u00dcKSEK L\u0130SANS YAPIYOR OLMAK<\/td>\n<td>23.07.2013<\/td>\n<\/tr>\n<tr>\n<td>YILDIRIM BEYAZIT \u00dcN\u0130VERS\u0130TES\u0130&#8212;&gt;\u0130NSAN VE TOPLUM B\u0130L\u0130MLER\u0130 FAK\u00dcLTES\u0130&#8212;&gt;B\u0130LG\u0130 VE BELGE Y\u00d6NET\u0130M\u0130 B\u00d6L\u00dcM\u00dc<\/td>\n<td>ARA\u015eTIRMA G\u00d6REVL\u0130S\u0130<\/td>\n<td>1<\/td>\n<td>B\u0130LG\u0130 VE BELGE Y\u00d6NET\u0130M\u0130 B\u00d6L\u00dcM\u00dc,L\u0130SANS MEZUNU OLMAK VEYA \u0130LG\u0130L\u0130 ALANDA Y\u00dcKSEK L\u0130SANS YAPIYOR OLMAK<\/td>\n<td>23.07.2013<\/td>\n<\/tr>\n<\/tbody>\n<\/table>\n<p>GENEL \u015eARTLAR<\/p>\n<p style=\"text-align: justify;\">1. 657 say\u0131l\u0131 Kanunun 48 inci maddesinde belirtilen \u015fartlar\u0131 ta\u015f\u0131mak<\/p>\n<p style=\"text-align: justify;\">2. 35 ya\u015f\u0131ndan g\u00fcn almam\u0131\u015f olmak.<\/p>\n<p style=\"text-align: justify;\">3. Ara\u015ft\u0131rma g\u00f6revlisi olarak \u00e7al\u0131\u015fmas\u0131na engel olacak herhangi bir sa\u011fl\u0131k problemi bulunmamak<\/p>\n<p style=\"text-align: justify;\">4. Atama yap\u0131lacak program\u0131n lisans e\u011fitimine hangi alanda \u00f6\u011frenci al\u0131n\u0131yorsa o alanda ALES (Akademik Personel ve Lisans\u00fcst\u00fc E\u011fitimi Giri\u015f S\u0131nav\u0131)\u2019den en az 70 (yetmi\u015f) puan alm\u0131\u015f olmak. Ancak; \u2022 \u00d6zel yetenek s\u0131nav\u0131 ve yabanc\u0131 dil puan\u0131 ile \u00f6\u011frenci al\u0131nan alanlara ba\u015fvurularda herhangi bir puan t\u00fcr\u00fcnden en az 70, \u2022 E\u011fitim Bilimleri B\u00f6l\u00fcm\u00fcne (Rehberlik ve Psikolojik Dan\u0131\u015fmanl\u0131k anabilim dal\u0131 hari\u00e7) yap\u0131lan ba\u015fvurularda, adaylar\u0131n lisans \u00f6\u011freniminde mezun olduklar\u0131 alandan en az 70, \u2022 Alan t\u00fcr\u00fc de\u011fi\u015fen programlardan mezun olanlar\u0131n, lisans e\u011fitimine ba\u015flad\u0131klar\u0131 puan t\u00fcr\u00fcnden en az 70 puan almalar\u0131 gerekmektedir.<\/p>\n<p style=\"text-align: justify;\">5. <strong>Ba\u015fkanl\u0131\u011f\u0131m\u0131zca 17\/07\/2013-23\/07\/2013 tarihleri aras\u0131nda yap\u0131lacak olan ba\u015fvuru i\u015flemlerinde, adaylar 2010 G\u00fcz ve sonras\u0131nda al\u0131nan ALES sonu\u00e7lar\u0131ndan birini kullanabileceklerdir<\/strong><\/p>\n<p style=\"text-align: justify;\">6. Adaylar ba\u015fvurular\u0131n\u0131 \u00dcDS\/KPDS\/YDS veya e\u015fde\u011ferlili\u011fi \u00d6SYM taraf\u0131ndan belirlenen bir yabanc\u0131 dil s\u0131nav sonucu ile yapabilmektedirler. S\u00f6z konusu E\u015fde\u011ferlilik Tablosuna http:\/\/www.osym.gov.tr\/dosya\/1-69111\/h\/yabanci-dil- esdegerlikleri-240413.pdf adresinden ula\u015f\u0131labilmektedir. \u00d6YP Tercih Sistemin yabanc\u0131 dil puan giri\u015fi b\u00f6l\u00fcm\u00fcnde yukar\u0131da adresi verilmi\u015f tablo kullan\u0131larak giri\u015f yap\u0131labilmektedir.<\/p>\n<p style=\"text-align: justify;\">7. Adaylar\u0131n mezun olduklar\u0131 \u00fcniversitenin mezuniyete esas not sistemi 4\u2019l\u00fck veya 5\u2019lik ise, mezuniyet notunun hesaplanmas\u0131nda, Y\u00fcksek\u00f6\u011fretim Kurulu Karar\u0131yla belirlenen 4\u2019l\u00fck ve 5\u2019lik not sisteminin 100\u2019l\u00fck not sistemine e\u015fde\u011ferlili\u011fi tablosunu esas almalar\u0131 gerekmektedir. \u00d6YP Tercih Sisteminde e\u015fde\u011ferlilik tablosunu kolayca kullanman\u0131z\u0131 sa\u011flayacak \u00f6zellikler bulunmaktad\u0131r.<\/p>\n<p style=\"text-align: justify;\">8. <strong>\u00d6\u011fretim \u00dcyesi Yeti\u015ftirme Program\u0131 kapsam\u0131nda, ara\u015ft\u0131rma g\u00f6revlisi kadrolar\u0131na ba\u015fvuran adaylar\u0131n, yerle\u015ftirme i\u015flemleri lisans genel not ortalamalar\u0131n\u0131n %25\u2019i ile Akademik Personel ve Lisans\u00fcst\u00fc E\u011fitimi Giri\u015f S\u0131nav\u0131nda (ALES) ilgili alanda al\u0131nan puanlar\u0131n\u0131n %60\u2019\u0131 ve varsa yabanc\u0131 dil puanlar\u0131n\u0131n %15\u2019i dikkate al\u0131narak Ba\u015fkanl\u0131\u011f\u0131m\u0131zca merkezi sistemle ger\u00e7ekle\u015ftirilecektir.<\/strong><\/p>\n<p style=\"text-align: justify;\">9. \u00d6YP ara\u015ft\u0131rma g\u00f6revlisi kadro ilanlar\u0131nda belirtilen Y\u00fcksek Lisans\u2019a ili\u015fkin \u015fartlarda; a. &#8220;\u0130lgili anabilim dal\u0131nda y\u00fcksek lisans yap\u0131yor olmak&#8221; ifadesi, ilan edilen kadronun anabilim dal\u0131d\u0131r. b. &#8220;\u0130lgili b\u00f6l\u00fcmde y\u00fcksek lisans yap\u0131yor olmak&#8221; ifadesi, ilan edilen kadronun b\u00f6l\u00fcm\u00fcd\u00fcr. c. &#8220;\u0130lgili alanda y\u00fcksek lisans yap\u0131yor olmak&#8221; ifadesi, ilan edilen kadronun b\u00f6l\u00fcm\u00fcd\u00fcr. d. Adaylar\u0131n Tezli Y\u00fcksek Lisans yap\u0131yor olmas\u0131 gerekmektedir. (Tezsiz y\u00fcksek lisans yapmakta olan adaylar\u0131n, yerle\u015fseler bile, atamalar\u0131 yap\u0131lmayacakt\u0131r)<\/p>\n<p style=\"text-align: justify;\">MUAF\u0130YET<\/p>\n<p style=\"text-align: justify;\">1<span style=\"line-height: 1.6em;\">. Doktoras\u0131n\u0131 tamamlam\u0131\u015f olanlar,<\/span><\/p>\n<p style=\"text-align: justify;\"><span style=\"line-height: 1.6em;\">2. Y\u00fcksek\u00f6\u011fretim Kurumlar\u0131nda \u00f6\u011fretim \u00fcyesi d\u0131\u015f\u0131ndaki \u00f6\u011fretim eleman\u0131 kadrolar\u0131nda \u00e7al\u0131\u015fmakta olanlar,<\/span><\/p>\n<p style=\"text-align: justify;\"><span style=\"line-height: 1.6em;\">3. Y\u00fcksek\u00f6\u011fretim Kurumlar\u0131nda \u00f6\u011fretim \u00fcyesi d\u0131\u015f\u0131ndaki \u00f6\u011fretim eleman\u0131 kadrolar\u0131nda \u00e7al\u0131\u015fmaktayken ayr\u0131lan \u00f6\u011fretim elemanlar\u0131n\u0131n \u00e7al\u0131\u015fmakta olduklar\u0131 kurumlar\u0131nda veya ba\u015fka y\u00fcksek\u00f6\u011fretim kurumlar\u0131nda \u00f6\u011fretim eleman\u0131 kadrolar\u0131na ba\u015fvurular\u0131nda merkezi s\u0131navdan (ALES) muaf olup, bu adaylar\u0131n yerle\u015ftirme i\u015flemlerinde ALES puan\u0131 70 olarak de\u011ferlendirmeye al\u0131nacakt\u0131r.<\/span><\/p>\n<p style=\"text-align: justify;\"><a href=\"https:\/\/yoksis.yok.gov.tr\/OYPUYG\/\" target=\"_blank\"><strong><span style=\"color: #0000ff;\">TERC\u0130H YAPMAK \u0130\u00c7\u0130N L\u00dcTFEN TIKLAYINIZ<\/span><\/strong><\/a><\/p>\n<p style=\"text-align: justify;\"><strong><a href=\"https:\/\/yoksis.yok.gov.tr\/oypilansayfa\/oypklavuz2013.pdf\" target=\"_blank\">\u00d6YP K\u0131lavuzu i\u00e7in t\u0131klay\u0131n\u0131z<\/a><\/strong><\/p>\n","protected":false},"excerpt":{"rendered":"<p>\u00d6\u011fretim \u00dcyesi Yeti\u015ftirme Program\u0131 (\u00d6YP) BBY i\u00e7in a\u00e7\u0131lan toplam ara\u015ft\u0131rma g\u00f6revlisi 6 kadro bulunmaktad\u0131r. \u00d6YP ile Ara\u015ft\u0131rma G\u00f6revlisi Kadrosu a\u00e7an \u00fcniversitelerin aranan \u00f6zel ve genel \u015fartlar\u0131 a\u015fa\u011f\u0131da belirtilmi\u015ftir. \u00d6YP ara\u015ft\u0131rma g\u00f6revlisi kadrolar\u0131na tercih i\u015flemleri 17-23 Temmuz tarihleri aras\u0131nda Y\u00d6K&#8217;\u00fcn internet sayfas\u0131 \u00fczerinden yap\u0131lacakt\u0131r. Tercih Sonu\u00e7lar\u0131&#8211;&gt; 2013 \u00d6YP En b\u00fcy\u00fck ve En k\u00fc\u00e7\u00fck Puanlar\u0131-Temmuz 2013<\/p>\n","protected":false},"author":1,"featured_media":0,"comment_status":"open","ping_status":"open","sticky":false,"template":"","format":"standard","meta":{"footnotes":""},"categories":[1547],"tags":[1397],"class_list":["post-11496","post","type-post","status-publish","format-standard","hentry","category-bby-oyp","tag-bby-oyp-3"],"_links":{"self":[{"href":"https:\/\/www.bbyhaber.com\/bby\/wp-json\/wp\/v2\/posts\/11496"}],"collection":[{"href":"https:\/\/www.bbyhaber.com\/bby\/wp-json\/wp\/v2\/posts"}],"about":[{"href":"https:\/\/www.bbyhaber.com\/bby\/wp-json\/wp\/v2\/types\/post"}],"author":[{"embeddable":true,"href":"https:\/\/www.bbyhaber.com\/bby\/wp-json\/wp\/v2\/users\/1"}],"replies":[{"embeddable":true,"href":"https:\/\/www.bbyhaber.com\/bby\/wp-json\/wp\/v2\/comments?post=11496"}],"version-history":[{"count":0,"href":"https:\/\/www.bbyhaber.com\/bby\/wp-json\/wp\/v2\/posts\/11496\/revisions"}],"wp:attachment":[{"href":"https:\/\/www.bbyhaber.com\/bby\/wp-json\/wp\/v2\/media?parent=11496"}],"wp:term":[{"taxonomy":"category","embeddable":true,"href":"https:\/\/www.bbyhaber.com\/bby\/wp-json\/wp\/v2\/categories?post=11496"},{"taxonomy":"post_tag","embeddable":true,"href":"https:\/\/www.bbyhaber.com\/bby\/wp-json\/wp\/v2\/tags?post=11496"}],"curies":[{"name":"wp","href":"https:\/\/api.w.org\/{rel}","templated":true}]}}