{"id":11487,"date":"2013-07-10T13:22:47","date_gmt":"2013-07-10T10:22:47","guid":{"rendered":"http:\/\/www.bbyhaber.com\/bby\/?p=11487"},"modified":"2013-07-10T13:23:18","modified_gmt":"2013-07-10T10:23:18","slug":"halk-kutuphanesi%e2%80%99nden-halkin-haberi-yok","status":"publish","type":"post","link":"https:\/\/www.bbyhaber.com\/bby\/2013\/07\/10\/halk-kutuphanesi%e2%80%99nden-halkin-haberi-yok","title":{"rendered":"Halk K\u00fct\u00fcphanesi\u2019nden Halk\u0131n Haberi Yok"},"content":{"rendered":"<p style=\"text-align: justify;\">Gebze \u0130l\u00e7e Halk K\u00fct\u00fcphanesi, Hac\u0131 Halil Mahallesi Adliye Caddesinde bir apartman\u0131n en alt kat\u0131nda Gebzeli \u00f6\u011frencilere ve kitapseverlere y\u0131llard\u0131r hizmet vermeye \u00e7al\u0131\u015f\u0131yor. \u00c7ok zor \u015fartlar alt\u0131nda, k\u0131s\u0131tl\u0131 imk\u00e2nlarla insanl\u0131\u011f\u0131n en temel ihtiyac\u0131 okuma k\u00fclt\u00fcr\u00fcn\u00fc a\u015f\u0131lamak ise bu ko\u015fullarda adeta imk\u00e2ns\u0131zla\u015f\u0131yor. T\u00fcrkiye\u2019nin bir\u00e7ok il merkezinden n\u00fcfus, ekonomi, y\u00fcz\u00f6l\u00e7\u00fcm\u00fc gibi k\u0131staslar temel al\u0131nd\u0131\u011f\u0131nda daha b\u00fcy\u00fck olan Gebze\u2019nin, Halk K\u00fct\u00fcphanesi adeta Gebzelilerden gizleniyor. Bir\u00e7ok yurtta\u015f\u0131n yerini dahi bilmedi\u011fi K\u00fct\u00fcphane, Hac\u0131 Halil Mahallesi Adliye Caddesi 1209\/1 Sokak\u2019taki bir apartman\u0131n bodrum kat\u0131nda y\u0131llard\u0131r Gebzelilere hizmet veriyor. Birka\u00e7 y\u0131l \u00f6ncesine kadar \u00e7ok daha k\u00f6t\u00fc \u015fartlarda hizmet veren k\u00fct\u00fcphane, yap\u0131lan fiziki iyile\u015ftirmelere kar\u015f\u0131n ne yeterli hizmet verebiliyor ne de bu haliyle Gebze\u2019ye yak\u0131\u015f\u0131yor.<!--more--><\/p>\n<p style=\"text-align: justify;\">G\u00f6revli personelin \u00f6zverili ve duyarl\u0131 hizmetine ra\u011fmen, fiziki yetersizlik y\u00fcz\u00fcnden say\u0131s\u0131 gitgide artan \u00fcyeler k\u00fct\u00fcphaneyi istedikleri gibi kullanam\u0131yorlar. Kitap raflar\u0131yla iyice daralan alandaki masalarda ders \u00e7al\u0131\u015fmak, okuma yapmak isteyen \u00f6\u011frenciler kitap bakmak isteyen \u00fcyelerden dolay\u0131 gerekli verimi alam\u0131yor; kitaplara g\u00f6z atmak isteyen \u00fcyeler ise rahat\u00e7a hareket dahi edemiyor.<\/p>\n<p style=\"text-align: justify;\">\u00c7abalar sonu\u00e7suz kald\u0131<\/p>\n<p style=\"text-align: justify;\">Son d\u00f6nemde Gebze Belediyesi eski Nik\u00e2h Dairesi\u2019nin k\u00fct\u00fcphaneye tahsis edilmesi y\u00f6n\u00fcndeki \u00e7abalar ise b\u00fcrokrasiye tak\u0131ld\u0131. Buran\u0131n Karayollar\u0131 Genel M\u00fcd\u00fcrl\u00fc\u011f\u00fc\u2019ne ait oldu\u011funu s\u00f6yleyen Gebze Belediyesi, en fazla 5 y\u0131l K\u00fct\u00fcphane\u2019ye tahsis edebileceklerini; bu s\u00fcre i\u00e7erisinde de buran\u0131n, Karayollar\u0131 Genel M\u00fcd\u00fcrl\u00fc\u011f\u00fc\u2019n\u00fcn yeni bir yol projesi i\u00e7inde kalmas\u0131 halinde K\u00fct\u00fcphanenin buray\u0131 bo\u015faltmak durumunda oldu\u011funu s\u00f6yledi. \u0130l\u00e7e Halk K\u00fct\u00fcphanesi ise yasal mevzuat gere\u011fi yeni bir k\u00fct\u00fcphane binas\u0131na en az 15 y\u0131ll\u0131\u011f\u0131na ge\u00e7ebileceklerini, aksi takdirde k\u00fct\u00fcphane projesine uygun yap\u0131lacak tadilat\u0131n emek zayiat\u0131 olaca\u011f\u0131n\u0131 bildirdi.<\/p>\n<p style=\"text-align: justify;\">Nitelikli, k\u00fclt\u00fcrl\u00fc bir toplum yeti\u015ftirmenin en temel ayaklar\u0131ndan birisi kitap okuma al\u0131\u015fkanl\u0131\u011f\u0131n\u0131n yeni ku\u015faklara a\u015f\u0131lanmas\u0131d\u0131r. Gebze \u0130l\u00e7e Halk K\u00fct\u00fcphanesi di\u011fer il\u00e7elerle k\u0131yasland\u0131\u011f\u0131nda her ya\u015ftan ve meslekten \u00e7ok daha fazla \u00fcyeye sahiptir. Ancak hem Gebze\u2019nin hem de Gebze\u2019nin y\u00f6neticilerinin bununla yetinmeleri en b\u00fcy\u00fck yanl\u0131\u015ft\u0131r. Oto sanayi sitesinin Halk K\u00fct\u00fcphanesi\u2019nden daha \u00e7ok bilindi\u011fi ve ula\u015fman\u0131n daha kolay oldu\u011fu Gebze bu yanl\u0131\u015fa en k\u0131sa zamanda dur demelidir.<\/p>\n<p style=\"text-align: justify;\">Kaynak: http:\/\/www.gebzekentgazetesi.com<\/p>\n","protected":false},"excerpt":{"rendered":"<p>Gebze \u0130l\u00e7e Halk K\u00fct\u00fcphanesi, Hac\u0131 Halil Mahallesi Adliye Caddesinde bir apartman\u0131n en alt kat\u0131nda Gebzeli \u00f6\u011frencilere ve kitapseverlere y\u0131llard\u0131r hizmet vermeye \u00e7al\u0131\u015f\u0131yor. \u00c7ok zor \u015fartlar alt\u0131nda, k\u0131s\u0131tl\u0131 imk\u00e2nlarla insanl\u0131\u011f\u0131n en temel ihtiyac\u0131 okuma k\u00fclt\u00fcr\u00fcn\u00fc a\u015f\u0131lamak ise bu ko\u015fullarda adeta imk\u00e2ns\u0131zla\u015f\u0131yor. T\u00fcrkiye\u2019nin bir\u00e7ok il merkezinden n\u00fcfus, ekonomi, y\u00fcz\u00f6l\u00e7\u00fcm\u00fc gibi k\u0131staslar temel al\u0131nd\u0131\u011f\u0131nda daha b\u00fcy\u00fck olan Gebze\u2019nin, [&hellip;]<\/p>\n","protected":false},"author":1,"featured_media":0,"comment_status":"open","ping_status":"open","sticky":false,"template":"","format":"standard","meta":{"footnotes":""},"categories":[1],"tags":[848],"class_list":["post-11487","post","type-post","status-publish","format-standard","hentry","category-genel","tag-halk-kutuphaneleri"],"_links":{"self":[{"href":"https:\/\/www.bbyhaber.com\/bby\/wp-json\/wp\/v2\/posts\/11487"}],"collection":[{"href":"https:\/\/www.bbyhaber.com\/bby\/wp-json\/wp\/v2\/posts"}],"about":[{"href":"https:\/\/www.bbyhaber.com\/bby\/wp-json\/wp\/v2\/types\/post"}],"author":[{"embeddable":true,"href":"https:\/\/www.bbyhaber.com\/bby\/wp-json\/wp\/v2\/users\/1"}],"replies":[{"embeddable":true,"href":"https:\/\/www.bbyhaber.com\/bby\/wp-json\/wp\/v2\/comments?post=11487"}],"version-history":[{"count":0,"href":"https:\/\/www.bbyhaber.com\/bby\/wp-json\/wp\/v2\/posts\/11487\/revisions"}],"wp:attachment":[{"href":"https:\/\/www.bbyhaber.com\/bby\/wp-json\/wp\/v2\/media?parent=11487"}],"wp:term":[{"taxonomy":"category","embeddable":true,"href":"https:\/\/www.bbyhaber.com\/bby\/wp-json\/wp\/v2\/categories?post=11487"},{"taxonomy":"post_tag","embeddable":true,"href":"https:\/\/www.bbyhaber.com\/bby\/wp-json\/wp\/v2\/tags?post=11487"}],"curies":[{"name":"wp","href":"https:\/\/api.w.org\/{rel}","templated":true}]}}