{"id":11482,"date":"2013-07-10T11:13:28","date_gmt":"2013-07-10T08:13:28","guid":{"rendered":"http:\/\/www.bbyhaber.com\/bby\/?p=11482"},"modified":"2013-07-10T13:33:35","modified_gmt":"2013-07-10T10:33:35","slug":"medeni-icin-kalekol-degil-kutuphane","status":"publish","type":"post","link":"https:\/\/www.bbyhaber.com\/bby\/2013\/07\/10\/medeni-icin-kalekol-degil-kutuphane","title":{"rendered":"Medeni i\u00e7in kalekol de\u011fil k\u00fct\u00fcphane!"},"content":{"rendered":"<p style=\"text-align: justify;\"><span><a href=\"https:\/\/www.facebook.com\/kalekoldegilkutuphane\" target=\"_blank\">Sosyal medya \u00fczerinde \u00f6rg\u00fctlenen bir grup gen\u00e7, karakol yap\u0131m\u0131na kar\u015f\u0131 yap\u0131lan eylemde askerin a\u00e7t\u0131\u011f\u0131 ate\u015f sonucu ya\u015fam\u0131n\u0131 yitiren Medeni Y\u0131ld\u0131r\u0131m ad\u0131na k\u00fct\u00fcphane kuruyor.<\/a>\u00a0 Diyarbak\u0131r&#8217;\u0131n Lice il\u00e7esinin Kayac\u0131k k\u00f6y\u00fcnde 28 Haziran&#8217;da karakol yap\u0131lmas\u0131n\u0131 protesto eden halka askerler taraf\u0131ndan ate\u015f a\u00e7\u0131lmas\u0131 sonucu Medeni Y\u0131ld\u0131r\u0131m isimli gen\u00e7 ya\u015fam\u0131n\u0131 yitirmi\u015f, 8 yurtta\u015f da yaralanm\u0131\u015ft\u0131. Medeni Y\u0131ld\u0131r\u0131m&#8217;\u0131n ya\u015fam\u0131n\u0131 yitirmesi \u00fczerine ilk olarak \u0130stanbul&#8217;dan bir grup gen\u00e7 internet \u00fczerinden \u00f6rg\u00fctlenerek,<!--more--> Y\u0131ld\u0131r\u0131m&#8217;\u0131n ad\u0131n\u0131 ta\u015f\u0131yacak bir k\u00fct\u00fcphane yap\u0131m\u0131 i\u00e7in kampanya ba\u015flatt\u0131. &#8220;Kalekol de\u011fil k\u00fct\u00fcphane&#8221; slogan\u0131yla \u00f6rg\u00fctlenen inisiyatifin Diyarbak\u0131r&#8217;daki \u00fcyelerinden olan Serhat G\u00fcney, fikrin \u0130stanbul&#8217;da ya\u015fayan bir grup gen\u00e7 taraf\u0131ndan ortaya at\u0131ld\u0131\u011f\u0131n\u0131 ifade etti. Diyarbak\u0131r&#8217;da ya\u015fad\u0131\u011f\u0131 i\u00e7in kendisine de ula\u015f\u0131l\u0131p fikrin anlat\u0131ld\u0131\u011f\u0131n\u0131 aktaran G\u00fcney, &#8220;Bural\u0131 oldu\u011fumuz i\u00e7in bizimle ileti\u015fime ge\u00e7tiler. B\u00fct\u00fcn her\u015fey sosyal medya \u00fczerinden geli\u015fti. 6 saat boyunca konu\u015ftuk. Ayn\u0131 gece Facebook&#8217;tan &#8216;Kalekol de\u011fil k\u00fct\u00fcphane Medeni Y\u0131ld\u0131r\u0131m Halk K\u00fct\u00fcphanesi&#8217; ismiyle grup kurup ve Twitter&#8217;dan hesap a\u00e7t\u0131k. Sabah kalkt\u0131\u011f\u0131m\u0131zda binlerce takip\u00e7i olmu\u015ftu&#8221; diye anlatt\u0131.\u00a0<\/span><\/p>\n<p style=\"text-align: justify;\"><strong>Lice Belediyesi k\u00fct\u00fcphane i\u00e7in arazi verdi<\/strong><\/p>\n<p style=\"text-align: justify;\"><span>K\u00fct\u00fcphanenin olu\u015fturulabilmesi i\u00e7in Lice ve Diyarbak\u0131r&#8217;da bir\u00e7ok kurumla g\u00f6r\u00fc\u015ft\u00fcklerini ve kimsenin kendilerini \u00e7evirmedi\u011fini aktaran G\u00fcney, &#8220;G\u00f6r\u00fc\u015ft\u00fc\u011f\u00fcm\u00fcz ki\u015fi ve kurumlara, maddi beklentimiz olmad\u0131\u011f\u0131n\u0131 dile getirdik zaten. Kimseden para talebimiz yok. BDP Lice \u0130l\u00e7e Ba\u015fkan\u0131 ve Belediye Ba\u015fkan\u0131yla g\u00f6r\u00fc\u015fmeler yapt\u0131k. Yakla\u015f\u0131k \u00fc\u00e7 g\u00fcnd\u00fcr Medeni&#8217;nin ailesiyle birlikteyiz. Onlara ters gelen bir durumu yapmak istemeyiz, \u00e7\u00fcnk\u00fc birazda olsa onlar\u0131n ac\u0131s\u0131n\u0131 hafifletmek istiyoruz. Lice Belediyesi k\u00fct\u00fcphanenin yap\u0131lmas\u0131 i\u00e7in bize bir arazi tahsis etti. \u0130n\u015faat malzemelerini de buradan g\u00f6n\u00fcll\u00fc insanlar sundu&#8221; dedi. \u0130nternette kampanyan\u0131n b\u00fcy\u00fck ilgi g\u00f6rd\u00fc\u011f\u00fcn\u00fc ancak insanlar\u0131n bu kampanyay\u0131 i\u00e7selle\u015ftirmek amac\u0131yla Lice&#8217;ye gelmesi gerekti\u011fini belirten G\u00fcney, \u015funlar\u0131 ifade etti: &#8220;\u0130nsanlar\u0131n durumu i\u00e7selle\u015ftirmesi i\u00e7in gelip birebir \u00e7al\u0131\u015fmas\u0131 gerekiyor. \u0130nternetten \u00e7ok \u015feyler yaz\u0131labilinir nitekim y\u0131llard\u0131r yaz\u0131l\u0131yor da ama uygulama zemininde bir\u015fey olmas\u0131 laz\u0131m. Duyarl\u0131 olan bu insanlar\u0131n tepkisini g\u00f6stermesi i\u00e7in buraya gelmesi gerekiyor. Bunun \u00fczerinden bir\u015fey yapmak gerekiyor. Temeli atmak i\u00e7in yola \u00e7\u0131kt\u0131\u011f\u0131m\u0131zda \u00e7ad\u0131rlar\u0131m\u0131z\u0131 al\u0131p in\u015faat alan\u0131na gidece\u011fiz. Kalabal\u0131k bir \u015fekilde gidece\u011fiz alana. Kolektif bir \u00e7al\u0131\u015fma yapaca\u011f\u0131z, bu s\u00fcre\u00e7te. \u0130n\u015faattan anlayan uzman ki\u015filer gelerek bize nas\u0131l \u00e7al\u0131\u015fmam\u0131z gerekti\u011fini anlatacak.&#8221;<\/span><\/p>\n<p style=\"text-align: justify;\"><strong>&#8216;Anadil i\u00e7in kitaplar\u0131n yar\u0131s\u0131 K\u00fcrt\u00e7e olacak&#8217;<\/strong><\/p>\n<p style=\"text-align: justify;\"><span>K\u00fct\u00fcphanenin olu\u015fturulmas\u0131 i\u00e7in herkesten kitap talebinde de bulunduklar\u0131n\u0131 ifade eden G\u00fcney, &#8220;Kitaplar\u0131n k\u00fct\u00fcphaneye ula\u015fmas\u0131 i\u00e7in kargo paras\u0131 \u00e7ok \u00f6nemli bir yerde duruyor. \u00d6zellikle b\u00fcy\u00fck \u015fehirlerde ya\u015fayan \u00f6\u011frenciler i\u00e7in ciddi bir k\u00fclfet. Her ilde bir kurum belirleyerek, kitaplar\u0131 o kurumlara b\u0131rakmalar\u0131n\u0131 sa\u011flayaca\u011f\u0131z&#8221; dedi. Anadilde e\u011fitim sorununa dikkat \u00e7ekmek i\u00e7in k\u00fct\u00fcphanedeki kitaplar\u0131n yar\u0131s\u0131n\u0131n K\u00fcrt\u00e7e olaca\u011f\u0131n\u0131 belirten G\u00fcney, \u015funlar\u0131 dile getirdi: &#8220;K\u00fct\u00fcphanenin y\u00fczde 50&#8217;si K\u00fcrt\u00e7e \u00e7ocuk \u00f6yk\u00fcleri ve K\u00fcrt edebiyat\u0131 \u00fczerine olacak anadilde e\u011fitim sorunundan kaynakl\u0131. Kalan yar\u0131s\u0131 da genel kitaplar ve YGS ve LYS&#8217;ye haz\u0131rl\u0131k kitaplar\u0131 olacak. \u00c7\u00fcnk\u00fc, Medeni daha s\u0131nav sonucunu \u00f6\u011frenemeden \u00f6ld\u00fc. \u0130nsanlar\u0131n oray\u0131 kullanabilmesi i\u00e7in haftan\u0131n bir g\u00fcn\u00fc film g\u00f6sterimi yapaca\u011f\u0131z. Elinde film DVD&#8217;leri olan arkada\u015flar bu filmleri oraya ba\u011f\u0131\u015flayacak ve sinavizyonla film g\u00f6sterimi yapaca\u011f\u0131z. Bu sayede oras\u0131 k\u00fclt\u00fcrel faaliyet alan\u0131 olacak.&#8221;\u00a0<\/span><\/p>\n<p style=\"text-align: justify;\"><strong>&#8216;Kampanya Devrimci Gen\u00e7lik K\u00f6pr\u00fcs\u00fc&#8217;n\u00fc an\u0131msat\u0131yor&#8217;<\/strong><\/p>\n<p style=\"text-align: justify;\"><span>Medeni Y\u0131ld\u0131r\u0131m&#8217;\u0131n \u00f6l\u00fcm\u00fcn\u00fcn ard\u0131ndan b\u00f6yle bir kampanya ba\u015flad\u0131\u011f\u0131n\u0131 ve slogan\u0131n ilgisini \u00e7ekmesi nedeniyle s\u00fcrece dahil oldu\u011funu ifade eden Mehmet Soylu ise, bu kampanyada sadece K\u00fcrt gen\u00e7lerinin de\u011fil T\u00fcrk gen\u00e7lerinin de yer alaca\u011f\u0131n\u0131 s\u00f6yledi. T\u00fcrkiye b\u00f6lgenin b\u00f6ylesi dayan\u0131\u015fmalara yabanc\u0131 olmad\u0131\u011f\u0131n\u0131 hat\u0131rlatan Soylu, &#8220;68 ku\u015fa\u011f\u0131 \u00f6\u011frencilerinin Zap suyu \u00fcst\u00fcnde yapt\u0131\u011f\u0131 Devrimci Gen\u00e7lik K\u00f6pr\u00fcs\u00fc vard\u0131. Bu k\u00f6pr\u00fcn\u00fcn 90&#8217;l\u0131 y\u0131llarda tahrip olmas\u0131n\u0131n akabinde birka\u00e7 y\u0131l \u00f6nce gen\u00e7ler taraf\u0131ndan yeniden yap\u0131ld\u0131. Bu fikir T\u00fcrk gen\u00e7leri taraf\u0131ndan ortaya at\u0131ld\u0131\u011f\u0131 i\u00e7in k\u00f6pr\u00fc kampanyas\u0131n\u0131 an\u0131msat\u0131yor. Bu organizasyon iyi kullan\u0131labilirse iyi bir yer edinilebilir ve hatta K\u00fcrdistan&#8217;da in\u015faat\u0131 devam eden karakollara kar\u015f\u0131n bir k\u00fct\u00fcphane mant\u0131\u011f\u0131na d\u00f6n\u00fc\u015ft\u00fcr\u00fclebilirse iyi olur&#8221; de\u011ferlendirmesinde bulundu.<\/span><\/p>\n<p style=\"text-align: justify;\">Kaynak: http:\/\/www.yuksekovahaber.com<\/p>\n","protected":false},"excerpt":{"rendered":"<p>Sosyal medya \u00fczerinde \u00f6rg\u00fctlenen bir grup gen\u00e7, karakol yap\u0131m\u0131na kar\u015f\u0131 yap\u0131lan eylemde askerin a\u00e7t\u0131\u011f\u0131 ate\u015f sonucu ya\u015fam\u0131n\u0131 yitiren Medeni Y\u0131ld\u0131r\u0131m ad\u0131na k\u00fct\u00fcphane kuruyor.\u00a0 Diyarbak\u0131r&#8217;\u0131n Lice il\u00e7esinin Kayac\u0131k k\u00f6y\u00fcnde 28 Haziran&#8217;da karakol yap\u0131lmas\u0131n\u0131 protesto eden halka askerler taraf\u0131ndan ate\u015f a\u00e7\u0131lmas\u0131 sonucu Medeni Y\u0131ld\u0131r\u0131m isimli gen\u00e7 ya\u015fam\u0131n\u0131 yitirmi\u015f, 8 yurtta\u015f da yaralanm\u0131\u015ft\u0131. Medeni Y\u0131ld\u0131r\u0131m&#8217;\u0131n ya\u015fam\u0131n\u0131 yitirmesi \u00fczerine [&hellip;]<\/p>\n","protected":false},"author":1,"featured_media":0,"comment_status":"open","ping_status":"open","sticky":false,"template":"","format":"standard","meta":{"footnotes":""},"categories":[1],"tags":[],"class_list":["post-11482","post","type-post","status-publish","format-standard","hentry","category-genel"],"_links":{"self":[{"href":"https:\/\/www.bbyhaber.com\/bby\/wp-json\/wp\/v2\/posts\/11482"}],"collection":[{"href":"https:\/\/www.bbyhaber.com\/bby\/wp-json\/wp\/v2\/posts"}],"about":[{"href":"https:\/\/www.bbyhaber.com\/bby\/wp-json\/wp\/v2\/types\/post"}],"author":[{"embeddable":true,"href":"https:\/\/www.bbyhaber.com\/bby\/wp-json\/wp\/v2\/users\/1"}],"replies":[{"embeddable":true,"href":"https:\/\/www.bbyhaber.com\/bby\/wp-json\/wp\/v2\/comments?post=11482"}],"version-history":[{"count":0,"href":"https:\/\/www.bbyhaber.com\/bby\/wp-json\/wp\/v2\/posts\/11482\/revisions"}],"wp:attachment":[{"href":"https:\/\/www.bbyhaber.com\/bby\/wp-json\/wp\/v2\/media?parent=11482"}],"wp:term":[{"taxonomy":"category","embeddable":true,"href":"https:\/\/www.bbyhaber.com\/bby\/wp-json\/wp\/v2\/categories?post=11482"},{"taxonomy":"post_tag","embeddable":true,"href":"https:\/\/www.bbyhaber.com\/bby\/wp-json\/wp\/v2\/tags?post=11482"}],"curies":[{"name":"wp","href":"https:\/\/api.w.org\/{rel}","templated":true}]}}