{"id":11473,"date":"2013-07-08T20:58:19","date_gmt":"2013-07-08T17:58:19","guid":{"rendered":"http:\/\/www.bbyhaber.com\/bby\/?p=11473"},"modified":"2014-06-24T16:12:11","modified_gmt":"2014-06-24T13:12:11","slug":"22-ataturk-cocuklari-kutuphanesi-acildi-ordu","status":"publish","type":"post","link":"https:\/\/www.bbyhaber.com\/bby\/2013\/07\/08\/22-ataturk-cocuklari-kutuphanesi-acildi-ordu","title":{"rendered":"22. Atat\u00fcrk \u00c7ocuklar\u0131 K\u00fct\u00fcphanesi A\u00e7\u0131ld\u0131-Ordu"},"content":{"rendered":"<p style=\"text-align: justify;\"><a href=\"http:\/\/www.bbyhaber.com\/bby\/wp-content\/uploads\/2011\/11\/61.jpg\"><img loading=\"lazy\" decoding=\"async\" class=\"alignleft\" src=\"http:\/\/www.bbyhaber.com\/bby\/wp-content\/uploads\/2011\/11\/61.jpg\" alt=\"\" width=\"179\" height=\"70\" \/><\/a>Mesut T\u0130M- 05 temmuz 2013 g\u00fcn\u00fc 22. ATAT\u00dcRK \u00c7OCUKLARI K\u00dcT\u00dcPHANES\u0130&#8217;ni Ordu, G\u00fclyal\u0131 \u0130l\u00e7esi, Turnasuyu K\u00f6y\u00fc&#8217;nde \u015eefika &#8211; Mahmut Birkiye onuruna a\u00e7t\u0131k.\u00a0&#8220;B\u00fcy\u00fck i\u015fler, \u00f6nemli at\u0131l\u0131mlar ancak birlikte \u00e7al\u0131\u015fma ile elde edilebilir. Kendiniz i\u00e7in de\u011fil Ulusumuz i\u00e7in elbirli\u011fi ile \u00e7al\u0131\u015f\u0131n\u0131z. \u00c7al\u0131\u015fmalar\u0131n en de\u011ferlisi budur.&#8221; Mustafa Kemal Atat\u00fcrk. Ve b\u00fcy\u00fck i\u015fler, \u00f6nemli at\u0131l\u0131mlar yapmak i\u00e7in de ya\u015f\u0131m ge\u00e7ti demeyeceksiniz&#8230; <!--more-->Y\u0131lmayacaks\u0131n\u0131z, hi\u00e7bir \u015feyden, hi\u00e7bir kimseden \u00e7ekinmeyeceksiniz, korkmayacaks\u0131n\u0131z&#8230; Yapt\u0131\u011f\u0131n\u0131z do\u011fru ise sonuna kadar m\u00fccadelenize devam edeceksiniz&#8230;<\/p>\n<p style=\"text-align: justify;\">Yukar\u0131daki s\u00f6z\u00fcn alt\u0131ndaki iki kad\u0131n\u0131 g\u00f6r\u00fcyorsunuz&#8230; \u0130kisi de emekli olamayan \u00f6\u011fretmenlerden. Soldaki \u015eefika Birkiye&#8230; Hen\u00fcz 88 ya\u015f\u0131nda&#8230; Ve bu ya\u015fta da\u011f bay\u0131r g\u00f6rd\u00fc\u011f\u00fcn\u00fcz o tepeleri kimsenin deste\u011fi olmadan gezebiliyor&#8230; Ve hala toplum i\u00e7in, insanlar i\u00e7in bir\u015feyler \u00fcretiyor, payla\u015f\u0131yor. Hemen sa\u011f\u0131ndaki ise hepinizin bildi\u011fi bir isim&#8230; \u00d6\u011fretmen Benisa&#8230; Huriye Sara\u00e7&#8230; O da daha 84&#8217;\u00fcnde&#8230; Hayat\u0131n\u0131n bahar\u0131 yani&#8230; Kendisi Manisa, Salihli&#8217;de oturur&#8230; Derne\u011fimizin bir \u00fcyesi&#8230; Ne mi derne\u011fimiz&#8230; K\u00f6ylere ATAT\u00dcRK \u00c7OCUKLARI K\u00dcT\u00dcPHANES\u0130 ad\u0131 alt\u0131nda K\u00d6Y K\u00dcT\u00dcPHANELER\u0130 kuran bir dernek&#8230; Ve kendisi hala aktif olarak k\u00fct\u00fcphane kurma \u00e7al\u0131\u015fmalar\u0131n\u0131n i\u00e7inde&#8230; Yaln\u0131z manevi olarak de\u011fil fiziki olarak da&#8230; Tekrar hat\u0131rlat\u0131r\u0131m&#8230; Ya\u015f\u0131 84&#8230; Ama emekli olamam\u0131\u015f bir \u00f6\u011fretmen o&#8230; Aynen \u015eefika han\u0131m gibi&#8230;<\/p>\n<p style=\"text-align: justify;\">\u00dcstteki foto\u011fraf\u0131n sol taraf\u0131nda g\u00f6rd\u00fc\u011f\u00fcn\u00fczde ise \u00fcste bir k\u00fct\u00fcphane tabelas\u0131 var&#8230; Ordu ili, G\u00fclyal\u0131 \u0130l\u00e7esi, TURNASUYU K\u00f6y\u00fc diye yazan. Bu ne mi? \u015eefika Birkiye ve Huriye Sara\u00e7&#8217;\u0131n yani emekli olamam\u0131\u015f \u00f6\u011fretmenlerin elbirli\u011fi ile bu memleketin insanlar\u0131n\u0131 ayd\u0131nlatma yolunda en g\u00fczel yat\u0131r\u0131mlardan biri olan bir k\u00fct\u00fcphane olu\u015fturmu\u015flar. Yakla\u015f\u0131k 4.500 kitapla. Ve bu k\u00fct\u00fcphanenin ad\u0131 da ATAT\u00dcRK \u00c7OCUKLARI K\u00dcT\u00dcPHANES\u0130&#8230; Bencillik etmi\u015fler, kendilerine mal etmi\u015fler diyece\u011fim k\u00fct\u00fcphaneyi amma, eminim sizler de bu k\u00fct\u00fcphanenin hepimize ait oldu\u011funu biliyorsunuz&#8230;<\/p>\n<p style=\"text-align: justify;\"><a href=\"http:\/\/www.bbyhaber.com\/bby\/wp-content\/uploads\/2013\/07\/Turnasuyu-ataturkcocuklarikutuphanesi1.jpg\"><img loading=\"lazy\" decoding=\"async\" class=\"size-thumbnail wp-image-11474 alignnone\" title=\"Turnasuyu-ataturkcocuklarikutuphanesi1.jpg\" src=\"http:\/\/www.bbyhaber.com\/bby\/wp-content\/uploads\/2013\/07\/Turnasuyu-ataturkcocuklarikutuphanesi1.jpg\" alt=\"\" width=\"150\" height=\"150\" \/><\/a>\u00a0<a href=\"http:\/\/www.bbyhaber.com\/bby\/wp-content\/uploads\/2013\/07\/Turnasuyu-ataturkcocuklarikutuphanesi2.jpg\"><img loading=\"lazy\" decoding=\"async\" class=\"size-thumbnail wp-image-11474 alignnone\" title=\"Turnasuyu-ataturkcocuklarikutuphanesi2.jpg\" src=\"http:\/\/www.bbyhaber.com\/bby\/wp-content\/uploads\/2013\/07\/Turnasuyu-ataturkcocuklarikutuphanesi2.jpg\" alt=\"\" width=\"150\" height=\"150\" \/><\/a>\u00a0<a href=\"http:\/\/www.bbyhaber.com\/bby\/wp-content\/uploads\/2013\/07\/Turnasuyu-ataturkcocuklarikutuphanesi3.jpg\"><img loading=\"lazy\" decoding=\"async\" class=\"size-thumbnail wp-image-11474 alignnone\" title=\"Turnasuyu-ataturkcocuklarikutuphanesi3.jpg\" src=\"http:\/\/www.bbyhaber.com\/bby\/wp-content\/uploads\/2013\/07\/Turnasuyu-ataturkcocuklarikutuphanesi3.jpg\" alt=\"\" width=\"150\" height=\"150\" \/><\/a><\/p>\n<p>\u00a0<a href=\"http:\/\/www.bbyhaber.com\/bby\/wp-content\/uploads\/2013\/07\/Turnasuyu-ataturkcocuklarikutuphanesi4.jpg\"><img loading=\"lazy\" decoding=\"async\" class=\"size-thumbnail wp-image-11474 alignnone\" title=\"Turnasuyu-ataturkcocuklarikutuphanesi4.jpg\" src=\"http:\/\/www.bbyhaber.com\/bby\/wp-content\/uploads\/2013\/07\/Turnasuyu-ataturkcocuklarikutuphanesi4.jpg\" alt=\"\" width=\"150\" height=\"150\" \/><\/a>\u00a0\u00a0<a href=\"http:\/\/www.bbyhaber.com\/bby\/wp-content\/uploads\/2013\/07\/Turnasuyu-ataturkcocuklarikutuphanesi5.jpg\"><img loading=\"lazy\" decoding=\"async\" class=\"size-thumbnail wp-image-11474 alignnone\" title=\"Turnasuyu-ataturkcocuklarikutuphanesi5.jpg\" src=\"http:\/\/www.bbyhaber.com\/bby\/wp-content\/uploads\/2013\/07\/Turnasuyu-ataturkcocuklarikutuphanesi5.jpg\" alt=\"\" width=\"150\" height=\"150\" \/><\/a>\u00a0\u00a0<a href=\"http:\/\/www.bbyhaber.com\/bby\/wp-content\/uploads\/2013\/07\/Turnasuyu-ataturkcocuklarikutuphanesi6.jpg\"><img loading=\"lazy\" decoding=\"async\" class=\"size-thumbnail wp-image-11474 alignnone\" title=\"Turnasuyu-ataturkcocuklarikutuphanesi6.jpg\" src=\"http:\/\/www.bbyhaber.com\/bby\/wp-content\/uploads\/2013\/07\/Turnasuyu-ataturkcocuklarikutuphanesi6.jpg\" alt=\"\" width=\"150\" height=\"150\" \/><\/a><br \/>\n<a href=\"http:\/\/www.bbyhaber.com\/bby\/wp-content\/uploads\/2013\/07\/Turnasuyu-ataturkcocuklarikutuphanesi7.jpg\"><img loading=\"lazy\" decoding=\"async\" class=\"size-thumbnail wp-image-11474 alignnone\" title=\"Turnasuyu-ataturkcocuklarikutuphanesi7.jpg\" src=\"http:\/\/www.bbyhaber.com\/bby\/wp-content\/uploads\/2013\/07\/Turnasuyu-ataturkcocuklarikutuphanesi7.jpg\" alt=\"\" width=\"150\" height=\"150\" \/><\/a> <a href=\"http:\/\/www.bbyhaber.com\/bby\/wp-content\/uploads\/2013\/07\/Turnasuyu-ataturkcocuklarikutuphanesi8.jpg\"><img loading=\"lazy\" decoding=\"async\" class=\"size-thumbnail wp-image-11474 alignnone\" title=\"Turnasuyu-ataturkcocuklarikutuphanesi8.jpg\" src=\"http:\/\/www.bbyhaber.com\/bby\/wp-content\/uploads\/2013\/07\/Turnasuyu-ataturkcocuklarikutuphanesi8.jpg\" alt=\"\" width=\"150\" height=\"150\" \/><\/a> <a href=\"http:\/\/www.bbyhaber.com\/bby\/wp-content\/uploads\/2013\/07\/Turnasuyu-ataturkcocuklarikutuphanesi9.jpg\"><img loading=\"lazy\" decoding=\"async\" class=\"size-thumbnail wp-image-11474 alignnone\" title=\"Turnasuyu-ataturkcocuklarikutuphanesi9.jpg\" src=\"http:\/\/www.bbyhaber.com\/bby\/wp-content\/uploads\/2013\/07\/Turnasuyu-ataturkcocuklarikutuphanesi9.jpg\" alt=\"\" width=\"150\" height=\"150\" \/><\/a><\/p>\n<p style=\"text-align: justify;\">Teker teker tasnif edilen, etiketlenen kitaplar\u0131n hepsinde bu iki emekli olamayan, elleri \u00f6p\u00fclesi iki de\u011ferli \u00f6\u011fretmenimin eme\u011fi var&#8230; Ben defalarca ellerini \u00f6pmek istemem ra\u011fmen \u00f6pt\u00fcrmediler, hi\u00e7 olmazsa bu yaz\u0131n\u0131n i\u00e7inde ellerinden sayg\u0131yla, sevgiyle \u00f6pm\u00fc\u015f olay\u0131m&#8230;<\/p>\n<p style=\"text-align: justify;\">Bu \u00fclkenin insanlar\u0131na hizmet etmek i\u00e7in bir yerlere gelmi\u015f olan baz\u0131 insanlar ne yaz\u0131k ki biri 88, di\u011feri 84 ya\u015f\u0131nda olan bu iki insan kadar bile faydal\u0131 olam\u0131yor bu \u00fclkenin insanlar\u0131na. Onlardan utan\u0131yorum desek bile azd\u0131r san\u0131r\u0131m, \u00f6yle de\u011fil mi? Bu foto\u011frafa bak\u0131p, bu yapt\u0131klar\u0131n\u0131 okuyup binlerce, milyonlarca kez yerin dibine girmeleri gerekirken nas\u0131l da hala aram\u0131zda olabiliyorlar, inanam\u0131yorum&#8230;<br \/>\nYaz\u0131n\u0131n ba\u015f\u0131ndaki Mustafa Kemal Atat\u00fcrk&#8217;e ait olan s\u00f6z\u00fc bir kez daha okuman\u0131z\u0131 ve bu \u00fclke i\u00e7in, bu \u00fclkenin insanlar\u0131 i\u00e7in hangi ya\u015fta olursan\u0131z olun elbirli\u011fi ile, imece ile bir\u015feyler yapmaya ba\u015flay\u0131n l\u00fctfen&#8230; Yoksa sizleri de y\u00fczlerce kez, binlerce kez utand\u0131racak bu iki sevimli k\u0131z, hala emekli olamayan bu iki g\u00fczel \u00f6\u011fretmenim&#8230;<br \/>\nSevgiyle..<\/p>\n<p style=\"text-align: justify;\">Kaynak: <a href=\"http:\/\/www.haberhurriyeti.com\/index.php\/gundem1\/item\/4694-hala-emekli-olamadlar\" target=\"_blank\">Mesut Tim<\/a><\/p>\n<table width=\"455\" border=\"1\">\n<tbody>\n<tr>\n<td colspan=\"3\">\n<div align=\"center\"><span style=\"color: #000080;\"><strong><span class=\"stil8\">K\u00f6y \u00c7ocuklar\u0131 K\u00fct\u00fcphaneleri Olu\u015fturma<br \/>\nK\u00fclt\u00fcr-Sanat ve Dayan\u0131\u015fma Derne\u011finin<br \/>\nA\u00e7t\u0131\u011f\u0131 K\u00fct\u00fcphaneler<\/span><\/strong><\/span><\/div>\n<\/td>\n<\/tr>\n<tr>\n<td width=\"44\">\n<div align=\"center\"><span style=\"color: #ff0000;\"><strong><span class=\"stil4\">No<\/span><\/strong><\/span><\/div>\n<\/td>\n<td width=\"123\">\n<div class=\"stil4\" align=\"center\">\n<div align=\"center\"><span style=\"color: #ff0000;\"><strong>A\u00e7\u0131ld\u0131\u011f\u0131 Tarih<\/strong><\/span><\/div>\n<\/div>\n<\/td>\n<td width=\"266\">\n<div class=\"stil4\" align=\"center\">\n<div align=\"center\"><span style=\"color: #ff0000;\"><strong>Yer<\/strong><\/span><\/div>\n<\/div>\n<\/td>\n<\/tr>\n<tr>\n<td>\n<div class=\"stil11\" align=\"center\">1<\/div>\n<\/td>\n<td>\n<div align=\"center\"><strong>11 Ekim 2006<\/strong><\/div>\n<\/td>\n<td>\n<div class=\"stil15\" align=\"center\">\n<div align=\"center\">\u0130zmir\/Urla-Uzunkuyu K\u00f6y\u00fc<\/div>\n<\/div>\n<\/td>\n<\/tr>\n<tr>\n<td>\n<div class=\"stil11\" align=\"center\">2<\/div>\n<\/td>\n<td>\n<div align=\"center\"><strong>25 Mart 2007<\/strong><\/div>\n<\/td>\n<td>\n<div class=\"stil15\" align=\"center\">\n<div align=\"center\">\u0130zmir\/Bay\u0131nd\u0131r-Sar\u0131yurt K\u00f6y\u00fc<\/div>\n<\/div>\n<\/td>\n<\/tr>\n<tr>\n<td>\n<div class=\"stil11\" align=\"center\">3<\/div>\n<\/td>\n<td>\n<div align=\"center\"><strong>08 Ekim 2007<\/strong><\/div>\n<\/td>\n<td>\n<div class=\"stil15\" align=\"center\">\n<div align=\"center\">Rize\/F\u0131nd\u0131kl\u0131-\u00c7a\u011flayan K\u00f6y\u00fc<\/div>\n<\/div>\n<\/td>\n<\/tr>\n<tr>\n<td>\n<div class=\"stil11\" align=\"center\">4<\/div>\n<\/td>\n<td>\n<div align=\"center\"><strong>10 Haziran 2008<\/strong><\/div>\n<\/td>\n<td>\n<div class=\"stil15\" align=\"center\">\n<div align=\"center\">\u0130zmir\/Kiraz-Suludere K\u00f6y\u00fc<\/div>\n<\/div>\n<\/td>\n<\/tr>\n<tr>\n<td>\n<div class=\"stil11\" align=\"center\">5<\/div>\n<\/td>\n<td>\n<div align=\"center\"><strong>28 \u015eubat 2009<\/strong><\/div>\n<\/td>\n<td>\n<div class=\"stil15\" align=\"center\">\n<div align=\"center\">\u0130zmir\/Karaba\u011flar-Kavac\u0131k K\u00f6y\u00fc<\/div>\n<\/div>\n<\/td>\n<\/tr>\n<tr>\n<td>\n<div class=\"stil11\" align=\"center\">6<\/div>\n<\/td>\n<td>\n<div align=\"center\"><strong>04 Nisan 2009<\/strong><\/div>\n<\/td>\n<td>\n<div class=\"stil15\" align=\"center\">\n<div align=\"center\">\u0130zmir\/\u00d6demi\u015f-Hamam K\u00f6y\u00fc<\/div>\n<\/div>\n<\/td>\n<\/tr>\n<tr>\n<td>\n<div class=\"stil11\" align=\"center\">7<\/div>\n<\/td>\n<td>\n<div align=\"center\"><strong>20 Temmuz 2009<\/strong><\/div>\n<\/td>\n<td>\n<div class=\"stil15\" align=\"center\">\n<div align=\"center\">Afyon\/Emirda\u011f-Ekizce K\u00f6y\u00fc<\/div>\n<\/div>\n<\/td>\n<\/tr>\n<tr>\n<td>\n<div class=\"stil11\" align=\"center\">8<\/div>\n<\/td>\n<td>\n<div align=\"center\"><strong>23 Ekim 2009<\/strong><\/div>\n<\/td>\n<td>\n<div class=\"stil15\" align=\"center\">\n<div align=\"center\">\u0130zmir\/\u00c7i\u011fli-Kakl\u0131\u00e7 K\u00f6y\u00fc<\/div>\n<\/div>\n<\/td>\n<\/tr>\n<tr>\n<td>\n<div class=\"stil11\" align=\"center\">9<\/div>\n<\/td>\n<td>\n<div align=\"center\"><strong>26 Aral\u0131k 2009<\/strong><\/div>\n<\/td>\n<td>\n<div class=\"stil15\" align=\"center\">\n<div align=\"center\">\u0130zmir\/Bay\u0131nd\u0131r-\u00c7\u0131rp\u0131 K\u00f6y\u00fc<\/div>\n<\/div>\n<\/td>\n<\/tr>\n<tr>\n<td>\n<div class=\"stil11\" align=\"center\">10<\/div>\n<\/td>\n<td>\n<div align=\"center\"><strong>03 Nisan 2010<\/strong><\/div>\n<\/td>\n<td>\n<div class=\"stil15\" align=\"center\">\n<div align=\"center\">\u0130zmir\/Seferihisar-Orhanl\u0131 K\u00f6y\u00fc<\/div>\n<\/div>\n<\/td>\n<\/tr>\n<tr>\n<td>\n<div class=\"stil11\" align=\"center\">11<\/div>\n<\/td>\n<td>\n<div align=\"center\"><strong>16 Haziran 2010<\/strong><\/div>\n<\/td>\n<td>\n<div class=\"stil15\" align=\"center\">\n<div align=\"center\">\u0130zmir\/Torbal\u0131- Korucuk K\u00f6y\u00fc<\/div>\n<\/div>\n<\/td>\n<\/tr>\n<tr>\n<td>\n<div class=\"stil11\" align=\"center\">\n<div align=\"center\">12<\/div>\n<\/div>\n<\/td>\n<td>\n<div align=\"center\"><strong>9 Ekim 2010<\/strong><\/div>\n<\/td>\n<td>\n<div class=\"stil15\" align=\"center\">\n<div align=\"center\">\u0130zmir\/Seferihisar \u0130l\u00e7esi<\/div>\n<\/div>\n<\/td>\n<\/tr>\n<tr>\n<td>\n<div class=\"stil11\" align=\"center\">\n<div align=\"center\">13<\/div>\n<\/div>\n<\/td>\n<td>\n<div align=\"center\"><strong>25 Aral\u0131k 2010<\/strong><\/div>\n<\/td>\n<td>\n<div class=\"stil15\" align=\"center\">\n<div align=\"center\">Manisa\/Salihli-G\u00f6key\u00fcp Beldesi<\/div>\n<\/div>\n<\/td>\n<\/tr>\n<tr>\n<td>\n<div class=\"stil11\" align=\"center\">14<\/div>\n<\/td>\n<td>\n<div align=\"center\">\u200e<strong>14 Nisan 2011<\/strong><\/div>\n<\/td>\n<td>\n<div class=\"stil16\" align=\"center\">\n<div align=\"center\">\u0130zmir\/Seferihisar-G\u00f6dence K\u00f6y\u00fc<\/div>\n<\/div>\n<\/td>\n<\/tr>\n<tr>\n<td>\n<div class=\"stil11\" align=\"center\">15<\/div>\n<\/td>\n<td>\n<div align=\"center\">\u200e<strong><span class=\"stil18\">29 May\u0131s 2011<\/span><\/strong><\/div>\n<\/td>\n<td>\n<div class=\"stil16\" align=\"center\">\n<div class=\"stil15\" align=\"center\">\u0130zmir\/Tire-K\u0131rtepe K\u00f6y\u00fc<\/div>\n<\/div>\n<\/td>\n<\/tr>\n<tr>\n<td>\n<div class=\"stil19\" align=\"center\">\n<div class=\"stil11\" align=\"center\">16<\/div>\n<\/div>\n<\/td>\n<td>\n<div class=\"stil19\" align=\"center\">\n<div align=\"center\">\u200e<strong><span class=\"stil18\">25 Eyl\u00fcl 2011<\/span><\/strong><\/div>\n<\/div>\n<\/td>\n<td>\n<div class=\"stil19\" align=\"center\">\n<div align=\"center\">\n<div class=\"stil16\" align=\"center\">\u0130zmir\/\u00d6demi\u015f-B\u0131\u00e7ak\u00e7\u0131 K\u00f6y\u00fc<\/div>\n<\/div>\n<\/div>\n<\/td>\n<\/tr>\n<tr>\n<td>\n<div class=\"stil19\" align=\"center\">\n<div class=\"stil11\" align=\"center\">17<\/div>\n<\/div>\n<\/td>\n<td>\n<div align=\"center\">\n<div align=\"center\">\u200e<strong>29 Ekim 2011<\/strong><\/div>\n<\/div>\n<\/td>\n<td>\n<div align=\"center\">\n<div align=\"center\">\n<div class=\"stil16\" align=\"center\">\u0130zmir\/Bay\u0131nd\u0131r-Zeytinova Beldesi<\/div>\n<\/div>\n<\/div>\n<\/td>\n<\/tr>\n<tr>\n<td>\n<div class=\"stil19\" align=\"center\">\n<div class=\"stil11\" align=\"center\">18<\/div>\n<\/div>\n<\/td>\n<td>\n<div align=\"center\">\n<div align=\"center\">\u200e<strong>10 Mart 2012<\/strong><\/div>\n<\/div>\n<\/td>\n<td>\n<div align=\"center\">\n<div align=\"center\">\n<div class=\"stil16\" align=\"center\">\u0130zmir\/Emiralem-Alani\u00e7i K\u00f6y\u00fc<\/div>\n<\/div>\n<\/div>\n<\/td>\n<\/tr>\n<tr>\n<td>\n<div class=\"stil19\" align=\"center\">\n<div class=\"stil11\" align=\"center\"><span style=\"color: #000000;\">19<\/span><\/div>\n<\/div>\n<\/td>\n<td>\n<div align=\"center\">\n<div align=\"center\">\u200e<strong><span style=\"color: #000000;\">29 May\u0131s 2012<\/span><\/strong><\/div>\n<\/div>\n<\/td>\n<td>\n<div align=\"center\">\n<div align=\"center\">\n<div class=\"stil16\" align=\"center\"><span style=\"color: #000000;\">\u0130zmir\/\u00d6demi\u015f-Mescitli K\u00f6y\u00fc<\/span><\/div>\n<\/div>\n<\/div>\n<\/td>\n<\/tr>\n<tr>\n<td>\n<div class=\"stil19\" align=\"center\">\n<div class=\"stil11\" align=\"center\"><span style=\"color: #000000;\">20<\/span><\/div>\n<\/div>\n<\/td>\n<td>\n<div align=\"center\">\n<div align=\"center\">\u200e<span style=\"color: #000000;\"><strong>10 Kas\u0131m 2012<\/strong><\/span><\/div>\n<\/div>\n<\/td>\n<td>\n<div align=\"center\">\n<div align=\"center\">\n<div class=\"stil16\" align=\"center\"><span style=\"color: #000000;\">\u0130zmir\/Menemen-S\u00fcleymanl\u0131 K\u00f6y\u00fc<\/span><\/div>\n<\/div>\n<\/div>\n<\/td>\n<\/tr>\n<tr>\n<td>\n<div class=\"stil19\" align=\"center\">\n<div class=\"stil11\" align=\"center\"><span style=\"color: #000000;\">21<\/span><\/div>\n<\/div>\n<\/td>\n<td>\n<div align=\"center\">\n<div align=\"center\">\u200e<span style=\"color: #000000;\"><strong>21 Mart 2013<\/strong><\/span><\/div>\n<\/div>\n<\/td>\n<td>\n<div align=\"center\">\n<div align=\"center\">\n<div class=\"stil16\" align=\"center\"><span style=\"color: #000000;\">\u0130zmir\/\u00d6demi\u015f-Bozda\u011f<\/span><\/div>\n<\/div>\n<\/div>\n<\/td>\n<\/tr>\n<tr>\n<td>\n<div class=\"stil19\" align=\"center\">\n<div class=\"stil11\" align=\"center\"><span style=\"color: #000000;\">22<\/span><\/div>\n<\/div>\n<\/td>\n<td>\n<div align=\"center\">\n<div align=\"center\">\u200e<span style=\"color: #000000;\"><strong>5 Temmuz 2013<\/strong><\/span><\/div>\n<\/div>\n<\/td>\n<td>\n<div align=\"center\">\n<div align=\"center\">\n<div class=\"stil16\" align=\"center\"><span style=\"color: #000000;\">Ordu\/G\u00fclyal\u0131 \u0130l\u00e7esi-Turnasuyu K\u00f6y\u00fc<\/span><\/div>\n<\/div>\n<\/div>\n<\/td>\n<\/tr>\n<\/tbody>\n<\/table>\n","protected":false},"excerpt":{"rendered":"<p>Mesut T\u0130M- 05 temmuz 2013 g\u00fcn\u00fc 22. ATAT\u00dcRK \u00c7OCUKLARI K\u00dcT\u00dcPHANES\u0130&#8217;ni Ordu, G\u00fclyal\u0131 \u0130l\u00e7esi, Turnasuyu K\u00f6y\u00fc&#8217;nde \u015eefika &#8211; Mahmut Birkiye onuruna a\u00e7t\u0131k.\u00a0&#8220;B\u00fcy\u00fck i\u015fler, \u00f6nemli at\u0131l\u0131mlar ancak birlikte \u00e7al\u0131\u015fma ile elde edilebilir. Kendiniz i\u00e7in de\u011fil Ulusumuz i\u00e7in elbirli\u011fi ile \u00e7al\u0131\u015f\u0131n\u0131z. \u00c7al\u0131\u015fmalar\u0131n en de\u011ferlisi budur.&#8221; Mustafa Kemal Atat\u00fcrk. Ve b\u00fcy\u00fck i\u015fler, \u00f6nemli at\u0131l\u0131mlar yapmak i\u00e7in de ya\u015f\u0131m ge\u00e7ti [&hellip;]<\/p>\n","protected":false},"author":1,"featured_media":0,"comment_status":"open","ping_status":"open","sticky":false,"template":"","format":"standard","meta":{"footnotes":""},"categories":[1539,1],"tags":[],"class_list":["post-11473","post","type-post","status-publish","format-standard","hentry","category-ataturk-cocuklari-kutuphanesi","category-genel"],"_links":{"self":[{"href":"https:\/\/www.bbyhaber.com\/bby\/wp-json\/wp\/v2\/posts\/11473"}],"collection":[{"href":"https:\/\/www.bbyhaber.com\/bby\/wp-json\/wp\/v2\/posts"}],"about":[{"href":"https:\/\/www.bbyhaber.com\/bby\/wp-json\/wp\/v2\/types\/post"}],"author":[{"embeddable":true,"href":"https:\/\/www.bbyhaber.com\/bby\/wp-json\/wp\/v2\/users\/1"}],"replies":[{"embeddable":true,"href":"https:\/\/www.bbyhaber.com\/bby\/wp-json\/wp\/v2\/comments?post=11473"}],"version-history":[{"count":0,"href":"https:\/\/www.bbyhaber.com\/bby\/wp-json\/wp\/v2\/posts\/11473\/revisions"}],"wp:attachment":[{"href":"https:\/\/www.bbyhaber.com\/bby\/wp-json\/wp\/v2\/media?parent=11473"}],"wp:term":[{"taxonomy":"category","embeddable":true,"href":"https:\/\/www.bbyhaber.com\/bby\/wp-json\/wp\/v2\/categories?post=11473"},{"taxonomy":"post_tag","embeddable":true,"href":"https:\/\/www.bbyhaber.com\/bby\/wp-json\/wp\/v2\/tags?post=11473"}],"curies":[{"name":"wp","href":"https:\/\/api.w.org\/{rel}","templated":true}]}}