{"id":1146,"date":"2010-12-12T17:22:31","date_gmt":"2010-12-12T17:22:31","guid":{"rendered":"http:\/\/www.bbyhaber.com\/bby\/?p=1146"},"modified":"2013-03-11T09:56:24","modified_gmt":"2013-03-11T07:56:24","slug":"avrupa-kutuphaneleri-bir-tusun-ucunda","status":"publish","type":"post","link":"https:\/\/www.bbyhaber.com\/bby\/2010\/12\/12\/avrupa-kutuphaneleri-bir-tusun-ucunda","title":{"rendered":"Avrupa k\u00fct\u00fcphaneleri bir tu\u015fun ucunda"},"content":{"rendered":"<p style=\"text-align: justify;\">AA muhabirinin sorular\u0131n\u0131 yan\u0131tlayan Milli K\u00fct\u00fcphane Genel M\u00fcd\u00fcr\u00fc Tuncel Acar, 2008 y\u0131l\u0131nda Avrupa&#8217;daki t\u00fcm k\u00fct\u00fcphanelerin veri taban\u0131n\u0131 ortak bir programla birle\u015ftirme karar\u0131 ald\u0131klar\u0131n\u0131 ve 2009 y\u0131l\u0131nda ise uygulamay\u0131 hayata ge\u00e7irdiklerini s\u00f6yledi. Bu projenin eserlerin dijital ortama aktar\u0131lmas\u0131ndan farkl\u0131 bir i\u00e7eri\u011fe sahip oldu\u011funu belirten Acar, \u015funlar\u0131 kaydetti:<!--more--><\/p>\n<p style=\"text-align: justify;\" align=\"justify\">&#8221;Ara\u015ft\u0131rmac\u0131, Avrupa k\u00fct\u00fcphanesi ortam\u0131nda sadece kitaplar\u0131n k\u00fcnyesi hakk\u0131nda bilgi edinebilecek. Telif hakk\u0131 sorunu nedeniyle kitab\u0131n tamam\u0131 dijital ortama aktar\u0131lam\u0131yor. Biz e\u011fer t\u00fcm kitaplar\u0131 dijital ortama aktar\u0131rsak kitab\u0131n yazar\u0131 kitab\u0131n\u0131 satamaz. Bu adil bir\u015fey de\u011fil. Ancak kitab\u0131n yazar\u0131 m\u00fcsaade ederse, kitab\u0131n tamam\u0131 dijital ortama aktar\u0131labilir. Yani, Avrupa k\u00fct\u00fcphanesi dijital bir k\u00fct\u00fcphane de\u011fil. Avrupa k\u00fct\u00fcphanesi, t\u00fcm kitaplar\u0131n k\u00fcnyesini yay\u0131mlayan bir k\u00fct\u00fcphane. Bu sayede herkese kendi dilinde ara\u015ft\u0131rma yapma olana\u011f\u0131 sunuluyor.&#8221;<\/p>\n<p style=\"text-align: justify;\" align=\"justify\">-&#8221;\u0130STEN\u0130LEN K\u0130TABI GET\u0130RT\u0130YORUZ YA DA SATIN ALIYORUZ&#8221;-<\/p>\n<p style=\"text-align: justify;\" align=\"justify\">Ara\u015ft\u0131rmac\u0131lar i\u00e7in olanaklar\u0131n bununla s\u0131n\u0131rl\u0131 olmad\u0131\u011f\u0131n\u0131 anlatan Acar, &#8221;Siz bir ara\u015ft\u0131rmac\u0131 olarak dersiniz ki &#8216;Ben ileti\u015fim konusunda \u0130ngiltere&#8217;de yay\u0131mlanm\u0131\u015f bir kitab\u0131 istiyorum&#8217; Biz burada devreye giriyoruz. &#8216;K\u00fct\u00fcphaneler aras\u0131 \u00f6d\u00fcn\u00e7 kitap verme servisi&#8217; diye bir servis var. Biz, sizin ad\u0131n\u0131za, o kitab\u0131 \u0130ngiltere&#8217;den getirtiyoruz, siz kullan\u0131yorsunuz ve sonra biz \u0130ngiltere&#8217;ye iade ediyoruz. Ya da ara\u015ft\u0131rmac\u0131ya o kitab\u0131n belli bir k\u0131sm\u0131n\u0131n fotokopisini getirtiyoruz. Ara\u015ft\u0131rmac\u0131 da ara\u015ft\u0131rmas\u0131n\u0131n kaynak\u00e7as\u0131nda o kitab\u0131 kulland\u0131\u011f\u0131n\u0131 g\u00f6steriyor&#8221; diye konu\u015ftu.<\/p>\n<p style=\"text-align: justify;\" align=\"justify\">Acar, istenilen kitap ya da ara\u015ft\u0131rman\u0131n 3 g\u00fcn ile bir hafta i\u00e7erisinde yurtd\u0131\u015f\u0131ndan geldi\u011fini ve o \u00fclkenin belirtti\u011fi s\u00fcre kadar ya da en k\u0131sa s\u00fcrede iade talebinde bulunuldu\u011funu kaydetti. Milli K\u00fct\u00fcphane olarak kendilerinin de yurtd\u0131\u015f\u0131ndan gelen talepleri kar\u015f\u0131lad\u0131\u011f\u0131n\u0131n alt\u0131n\u0131 \u00e7izen Acar, &#8221;Biz prensip olarak fotokopi g\u00f6ndermeyi tercih ediyoruz&#8221; \u015feklinde konu\u015ftu.<\/p>\n<p style=\"text-align: justify;\" align=\"justify\">Ara\u015ft\u0131rmac\u0131n\u0131n uygulamay\u0131 nas\u0131l yapaca\u011f\u0131 hakk\u0131nda da bilgi veren Tuncel Acar, \u015f\u00f6yle devam etti:<\/p>\n<p style=\"text-align: justify;\" align=\"justify\">&#8221;\u00d6ncelikle internet ortam\u0131nda Avrupa k\u00fct\u00fcphanesi sayfas\u0131na girip &#8211; mesela &#8211; Orhan Pamuk&#8217;u ara\u015ft\u0131r diyoruz. Avrupa K\u00fct\u00fcphanesi sitesi a\u00e7\u0131ld\u0131\u011f\u0131nda, size Avrupa&#8217;n\u0131n t\u00fcm milli k\u00fct\u00fcphanelerindeki Orhan Pamuk ile ilgili ne varsa k\u00fcnyesini \u00e7\u0131kar\u0131yor. \u00d6rne\u011fin, Bel\u00e7ika&#8217;da 2, K\u0131br\u0131s&#8217;ta 11, Danimarka&#8217;da 80 tane&#8230; Danimarka&#8217;y\u0131 t\u0131klad\u0131\u011f\u0131m\u0131zda ise o \u00fclkedeki hangi k\u00fct\u00fcphanelerde hangi eserlerin bulundu\u011fu, o eserlerin adlar\u0131, ka\u00e7 sayfa olduklar\u0131, \u00f6zellikleri tek tek kar\u015f\u0131m\u0131za \u00e7\u0131k\u0131yor. Ve o eserlerden herhangi biri sizin i\u00e7in laz\u0131msa, biz sizin ad\u0131n\u0131za kitab\u0131 o \u00fclkeden isteyebiliyoruz. E\u011fer bir eser birden \u00e7ok ara\u015ft\u0131rmac\u0131 taraf\u0131ndan isteniyorsa o halde Milli K\u00fct\u00fcphane olarak o kitab\u0131 sat\u0131n alma yoluna gidiyoruz.&#8221;<\/p>\n<p style=\"text-align: justify;\" align=\"justify\">-T\u00dcRK\u0130YE&#8217;DEK\u0130 K\u00dcT\u00dcPHANELER \u0130\u00c7\u0130N <a>TOPLU KATALOG<\/a>&#8211;<\/p>\n<p style=\"text-align: justify;\" align=\"justify\">Bunun gibi bir sistemi T\u00fcrkiye i\u00e7in de &#8221;toplu katalog&#8221;da uygulad\u0131klar\u0131n\u0131 ifade eden Acar, ara\u015ft\u0131r\u0131lan herhangi bir yazar\u0131n T\u00fcrkiye&#8217;de hangi \u015fehirdeki hangi k\u00fct\u00fcphanede oldu\u011funun g\u00f6sterildi\u011fini ve b\u00f6ylece ara\u015ft\u0131rmac\u0131 i\u00e7in hangi k\u00fct\u00fcphane yak\u0131nsa, ara\u015ft\u0131rmac\u0131y\u0131 o k\u00fct\u00fcphaneye y\u00f6nlendirerek ki\u015filere ciddi bir zaman tasarrufu sa\u011flad\u0131\u011f\u0131n\u0131 s\u00f6zlerine ekledi.<strong><br \/>\n<\/strong><\/p>\n<p style=\"text-align: justify;\">Kaynak: <a href=\"http:\/\/www.zaman.com.tr\/\" target=\"_blank\">http:\/\/www.zaman.com.tr\/<\/a><\/p>\n","protected":false},"excerpt":{"rendered":"<p>AA muhabirinin sorular\u0131n\u0131 yan\u0131tlayan Milli K\u00fct\u00fcphane Genel M\u00fcd\u00fcr\u00fc Tuncel Acar, 2008 y\u0131l\u0131nda Avrupa&#8217;daki t\u00fcm k\u00fct\u00fcphanelerin veri taban\u0131n\u0131 ortak bir programla birle\u015ftirme karar\u0131 ald\u0131klar\u0131n\u0131 ve 2009 y\u0131l\u0131nda ise uygulamay\u0131 hayata ge\u00e7irdiklerini s\u00f6yledi. Bu projenin eserlerin dijital ortama aktar\u0131lmas\u0131ndan farkl\u0131 bir i\u00e7eri\u011fe sahip oldu\u011funu belirten Acar, \u015funlar\u0131 kaydetti:<\/p>\n","protected":false},"author":1,"featured_media":0,"comment_status":"open","ping_status":"open","sticky":false,"template":"","format":"standard","meta":{"footnotes":""},"categories":[1545,1],"tags":[151],"class_list":["post-1146","post","type-post","status-publish","format-standard","hentry","category-avrupa-kutuphaneleri","category-genel","tag-europeana-library"],"_links":{"self":[{"href":"https:\/\/www.bbyhaber.com\/bby\/wp-json\/wp\/v2\/posts\/1146"}],"collection":[{"href":"https:\/\/www.bbyhaber.com\/bby\/wp-json\/wp\/v2\/posts"}],"about":[{"href":"https:\/\/www.bbyhaber.com\/bby\/wp-json\/wp\/v2\/types\/post"}],"author":[{"embeddable":true,"href":"https:\/\/www.bbyhaber.com\/bby\/wp-json\/wp\/v2\/users\/1"}],"replies":[{"embeddable":true,"href":"https:\/\/www.bbyhaber.com\/bby\/wp-json\/wp\/v2\/comments?post=1146"}],"version-history":[{"count":0,"href":"https:\/\/www.bbyhaber.com\/bby\/wp-json\/wp\/v2\/posts\/1146\/revisions"}],"wp:attachment":[{"href":"https:\/\/www.bbyhaber.com\/bby\/wp-json\/wp\/v2\/media?parent=1146"}],"wp:term":[{"taxonomy":"category","embeddable":true,"href":"https:\/\/www.bbyhaber.com\/bby\/wp-json\/wp\/v2\/categories?post=1146"},{"taxonomy":"post_tag","embeddable":true,"href":"https:\/\/www.bbyhaber.com\/bby\/wp-json\/wp\/v2\/tags?post=1146"}],"curies":[{"name":"wp","href":"https:\/\/api.w.org\/{rel}","templated":true}]}}