{"id":11459,"date":"2013-07-07T18:12:16","date_gmt":"2013-07-07T15:12:16","guid":{"rendered":"http:\/\/www.bbyhaber.com\/bby\/?p=11459"},"modified":"2016-01-15T19:50:18","modified_gmt":"2016-01-15T17:50:18","slug":"milli-kutuphaneyi-bitirme-girisimleri","status":"publish","type":"post","link":"https:\/\/www.bbyhaber.com\/bby\/2013\/07\/07\/milli-kutuphaneyi-bitirme-girisimleri","title":{"rendered":"Milli K\u00fct\u00fcphaneyi bitirme giri\u015fimleri"},"content":{"rendered":"<p style=\"text-align: justify;\">T\u00fcrk K\u00fct\u00fcphaneciler Derne\u011fi Genel Ba\u015fkan\u0131 Ali Fuat Kartal, K\u00fclt\u00fcr Bakan\u0131n\u0131n \u00f6nce Milli K\u00fct\u00fcphane Ba\u015fkan\u0131n\u0131, ard\u0131ndan Ba\u015fkan Yard\u0131mc\u0131s\u0131 ve Daire Ba\u015fkan\u0131n\u0131 g\u00f6revden ald\u0131\u011f\u0131na dikkat \u00e7ekerek, \u201cMilli K\u00fct\u00fcphaneyi bitirmek i\u00e7in bunlar yeterli gelmedi ki \u015fimdi de 6 \u015eube M\u00fcd\u00fcr\u00fcn\u00fc g\u00f6revden ald\u0131\u201d dedi. Kartal, k\u00fct\u00fcphanede mesleki e\u011fitim alm\u0131\u015f kimsenin kalmad\u0131\u011f\u0131na dikkat \u00e7ekti.\u00a0\u201cMilli Haf\u0131za Durdu!\u201d ba\u015fl\u0131\u011f\u0131 ile g\u00f6revden almalara tepki g\u00f6steren Kartal, Milli K\u00fct\u00fcphanelerin amac\u0131n\u0131n, \u201cBir \u00fclkede, yaz\u0131l\u0131, bas\u0131l\u0131 ve elektronik olarak \u00fcretilen her \u015feyin gelecek nesiller i\u00e7in toplanmas\u0131, saklanmas\u0131 ve bilgi \u00fcretimi i\u00e7in hizmete sunulmas\u0131\u201d oldu\u011funu hat\u0131rlatt\u0131.<!--more--><\/p>\n<p style=\"text-align: justify;\">Mesleki e\u011fitimli y\u00f6netici kalmad\u0131<\/p>\n<p style=\"text-align: justify;\">K\u00fclt\u00fcr ve Turizm Bakanl\u0131\u011f\u0131na \u00d6mer \u00c7elik\u2019in atanmas\u0131ndan sonra ya\u015fanan g\u00f6revden almalara dikkat \u00e7eken Kartal, \u00f6nce Milli K\u00fct\u00fcphane Ba\u015fkan\u0131n\u0131n, ard\u0131ndan Ba\u015fkan Yard\u0131mc\u0131s\u0131 ve daire ba\u015fkanlar\u0131n\u0131n g\u00f6revden al\u0131nd\u0131\u011f\u0131n\u0131 hat\u0131rlatt\u0131. Kartal, \u201cSan\u0131r\u0131m Milli K\u00fct\u00fcphaneyi bitirmek i\u00e7in bunlar yeterli gelmedi ki \u015fimdi de 6 \u015eube M\u00fcd\u00fcr\u00fc g\u00f6revden al\u0131nd\u0131. G\u00f6revden al\u0131nanlar\u0131n K\u00fclt\u00fcr ve Turizm Bakanl\u0131\u011f\u0131, Strateji Geli\u015ftirme Ba\u015fkanl\u0131\u011f\u0131nda g\u00f6revlendirilmesiyle, y\u00f6netici olarak g\u00f6rev yapan mesleki e\u011fitim alm\u0131\u015f ki\u015fi kalmad\u0131\u201d dedi.\u00a0Kartal Bakan \u00c7elik\u2019e de seslenerek, \u201cSay\u0131n Bakan k\u00fct\u00fcphaneciler, sizden Milli K\u00fct\u00fcphanenin siyasi etki alan\u0131ndan \u00e7\u0131kart\u0131lmas\u0131n\u0131, koleksiyonun zenginle\u015ftirilmesi ve \u00f6zerk bir yap\u0131ya kavu\u015fmas\u0131n\u0131 beklerken bu yap\u0131lanlar\u0131 anlayam\u0131yoruz\u201d dedi.<\/p>\n<p style=\"text-align: justify;\">Kaynak:http:\/\/www.evrensel.net<\/p>\n","protected":false},"excerpt":{"rendered":"<p>T\u00fcrk K\u00fct\u00fcphaneciler Derne\u011fi Genel Ba\u015fkan\u0131 Ali Fuat Kartal, K\u00fclt\u00fcr Bakan\u0131n\u0131n \u00f6nce Milli K\u00fct\u00fcphane Ba\u015fkan\u0131n\u0131, ard\u0131ndan Ba\u015fkan Yard\u0131mc\u0131s\u0131 ve Daire Ba\u015fkan\u0131n\u0131 g\u00f6revden ald\u0131\u011f\u0131na dikkat \u00e7ekerek, \u201cMilli K\u00fct\u00fcphaneyi bitirmek i\u00e7in bunlar yeterli gelmedi ki \u015fimdi de 6 \u015eube M\u00fcd\u00fcr\u00fcn\u00fc g\u00f6revden ald\u0131\u201d dedi. Kartal, k\u00fct\u00fcphanede mesleki e\u011fitim alm\u0131\u015f kimsenin kalmad\u0131\u011f\u0131na dikkat \u00e7ekti.\u00a0\u201cMilli Haf\u0131za Durdu!\u201d ba\u015fl\u0131\u011f\u0131 ile g\u00f6revden almalara [&hellip;]<\/p>\n","protected":false},"author":1,"featured_media":0,"comment_status":"closed","ping_status":"open","sticky":false,"template":"","format":"standard","meta":{"footnotes":""},"categories":[1475,1],"tags":[],"class_list":["post-11459","post","type-post","status-publish","format-standard","hentry","category-ankara-milli-kutuphane","category-genel"],"_links":{"self":[{"href":"https:\/\/www.bbyhaber.com\/bby\/wp-json\/wp\/v2\/posts\/11459"}],"collection":[{"href":"https:\/\/www.bbyhaber.com\/bby\/wp-json\/wp\/v2\/posts"}],"about":[{"href":"https:\/\/www.bbyhaber.com\/bby\/wp-json\/wp\/v2\/types\/post"}],"author":[{"embeddable":true,"href":"https:\/\/www.bbyhaber.com\/bby\/wp-json\/wp\/v2\/users\/1"}],"replies":[{"embeddable":true,"href":"https:\/\/www.bbyhaber.com\/bby\/wp-json\/wp\/v2\/comments?post=11459"}],"version-history":[{"count":0,"href":"https:\/\/www.bbyhaber.com\/bby\/wp-json\/wp\/v2\/posts\/11459\/revisions"}],"wp:attachment":[{"href":"https:\/\/www.bbyhaber.com\/bby\/wp-json\/wp\/v2\/media?parent=11459"}],"wp:term":[{"taxonomy":"category","embeddable":true,"href":"https:\/\/www.bbyhaber.com\/bby\/wp-json\/wp\/v2\/categories?post=11459"},{"taxonomy":"post_tag","embeddable":true,"href":"https:\/\/www.bbyhaber.com\/bby\/wp-json\/wp\/v2\/tags?post=11459"}],"curies":[{"name":"wp","href":"https:\/\/api.w.org\/{rel}","templated":true}]}}