{"id":1144,"date":"2010-12-14T17:21:18","date_gmt":"2010-12-14T17:21:18","guid":{"rendered":"http:\/\/www.bbyhaber.com\/bby\/?p=1144"},"modified":"2013-03-06T12:02:32","modified_gmt":"2013-03-06T10:02:32","slug":"ths-olunca-ne-degisti","status":"publish","type":"post","link":"https:\/\/www.bbyhaber.com\/bby\/2010\/12\/14\/ths-olunca-ne-degisti","title":{"rendered":"THS olunca ne de\u011fi\u015fti?"},"content":{"rendered":"<p style=\"text-align: justify;\" align=\"justify\">\u201cFolklor ara\u015ft\u0131rmac\u0131s\u0131, k\u00fct\u00fcphaneci, ar\u015fivci, kitap patologu ve sosyolog unvanlar\u0131n\u0131n 657 say\u0131l\u0131 Devlet Memurlar\u0131 Kanununun 36 nc\u0131 maddesinin birinci f\u0131kras\u0131n\u0131n Teknik Hizmetler S\u0131n\u0131f\u0131 ba\u015fl\u0131kl\u0131 II numaral\u0131 bendi kapsam\u0131na al\u0131nmas\u0131; Maliye ve Milli E\u011fitim Bakanl\u0131klar\u0131 ile Devlet Personel Ba\u015fkanl\u0131\u011f\u0131n\u0131n g\u00f6r\u00fc\u015flerine dayanan Adalet Bakanl\u0131\u011f\u0131 ile K\u00fclt\u00fcr ve Turizm Bakanl\u0131\u011f\u0131n\u0131n teklifleri \u00fczerine, ad\u0131 ge\u00e7en Kanunun 36 nc\u0131 maddesinin Ortak H\u00fck\u00fcmler b\u00f6l\u00fcm\u00fcn\u00fcn (G) bendine g\u00f6re, Bakanlar Kurulu\u2019nca 27\/9\/2010 tarihinde kararla\u015ft\u0131r\u0131lm\u0131\u015ft\u0131r.\u201dYap\u0131lan de\u011fi\u015fiklikle, 5 unvan\u0131n Teknik Hizmetler S\u0131n\u0131f\u0131nda oldu\u011funa karar verilmi\u015ftir.<!--more--><br \/>\nTHS \u0130\u00c7\u0130N 2. DE\u011e\u0130\u015e\u0130KL\u0130K GEREKL\u0130<\/p>\n<p style=\"text-align: justify;\" align=\"justify\">Her ne kadar Bakanlar Kurulunun bu karar\u0131yla, 5 unvan\u0131n THS\u2019de oldu\u011funa karar verilmi\u015f ise de, bu unvanlar\u0131n ayr\u0131ca dolu kadro de\u011fi\u015fikli\u011fi denilen bir i\u015flemle, G\u0130H\u2019ten THS\u2019ye ge\u00e7irilmesi gerekmektedir. Bunun i\u00e7in Maliye Bakanl\u0131\u011f\u0131, Devlet Personel Ba\u015fkanl\u0131\u011f\u0131, 5 unvandan herhangi birini istihdam eden kamu kurumu temsilcinin ortak bir karar almas\u0131 ve bu karar\u0131n, Bakanlar Kurulu Karar\u0131na d\u00f6n\u00fc\u015fmesi gerekmektedir. Dolu kadro de\u011fi\u015fikli\u011finin nas\u0131l yap\u0131laca\u011f\u0131n\u0131 d\u00fczenleyen y\u00f6netmeli\u011fi g\u00f6rmek i\u00e7in t\u0131klay\u0131n\u0131z.<\/p>\n<p style=\"text-align: justify;\" align=\"justify\">B\u0130R DERECE<\/p>\n<p style=\"text-align: justify;\" align=\"justify\">657 say\u0131l\u0131 Kanunun 36-A\/4\u2032\u00fcnde, Teknik Hizmetler S\u0131n\u0131f\u0131nda say\u0131lan baz\u0131 unvanlara bir derece verilece\u011fi belirtilmi\u015ftir. Folklor ara\u015ft\u0131rmac\u0131s\u0131, k\u00fct\u00fcphaneci, ar\u015fivci, kitap patologu ve Sosyologlar her ne kadar THS kapsam\u0131na al\u0131nm\u0131\u015f olsa da, bu maddede ismen ge\u00e7medi\u011fi i\u00e7in 1 derece almayacakt\u0131r. Bunun i\u00e7in ayr\u0131ca yasal d\u00fczenleme yap\u0131lmas\u0131 gerekmektedir.<\/p>\n<p style=\"text-align: justify;\" align=\"justify\">\u00d6ZEL H\u0130ZMET TAZM\u0130NATI<\/p>\n<p style=\"text-align: justify;\" align=\"justify\">G\u00f6reve yeni ba\u015flayan bir \u201cFolklor ara\u015ft\u0131rmac\u0131s\u0131, k\u00fct\u00fcphaneci, ar\u015fivci, kitap patologu ve sosyologun\u201d \u00f6zel hizmet tazminat\u0131 oran\u0131 y\u00fczde 48 \u00fczerinden hesaplanmaktad\u0131r. Folklor ara\u015ft\u0131rmac\u0131s\u0131, k\u00fct\u00fcphaneci, ar\u015fivci, kitap patologu ve Sosyologlar, Bakanlar Kurulu Karar\u0131 ile THS\u2019de de\u011ferlendirildi\u011fi i\u00e7in \u00f6zel hizmet tazminatlar\u0131 art\u0131k 1-4 derece aras\u0131 i\u00e7in 100, di\u011fer derecelerdeki personel i\u00e7in ise y\u00fczde 93 \u00fczerinden hesaplanacakt\u0131r. Ba\u015fka bir oran \u00fczerinden \u00f6zel hizmet tazminat\u0131 verilebilmesi i\u00e7in yan \u00f6deme kararnamesinde Bakanlar Kurulu Karar\u0131yla de\u011fi\u015fiklik yap\u0131lmas\u0131 gerekmeketdir. Ancak, \u00f6zel hizmet tazminatlar\u0131n\u0131 d\u00fczenleyen yan \u00f6deme kararnamesinde \u201cKadrolar\u0131 teknik hizmetler s\u0131n\u0131f\u0131nda bulunan ve fiilen g\u00f6rev yapan\u201d kayd\u0131 bulunmaktad\u0131r. Kadrolar hen\u00fcz resmi anlamda, THS\u2019de de\u011fildir. Dolu kadro de\u011fi\u015fikli\u011fi yoluyla kadrolar\u0131n de\u011fi\u015ftirilmesi gerekmektedir.<\/p>\n<p style=\"text-align: justify;\" align=\"justify\">EK G\u00d6STERGE<\/p>\n<p style=\"text-align: justify;\" align=\"justify\">Folklor ara\u015ft\u0131rmac\u0131s\u0131, k\u00fct\u00fcphaneci, ar\u015fivci, kitap patologu ve Sosyologlar a\u00e7\u0131s\u0131ndan, eski d\u00fczenlemede ek g\u00f6sterge 1-4 derece i\u00e7in 2200-800 aras\u0131nda d\u00fczenlenmi\u015fti. Yeni d\u00fczenlemede THS cetvelinin (c) s\u0131ras\u0131na g\u00f6re 1-4 derece i\u00e7in 2200-1100 olarak uygulanacakt\u0131r. 657\u2032ye ekli ek g\u00f6sterge cetvelinin Teknik Hizmetler B\u00f6l\u00fcm\u00fcn\u00fcn a veya b s\u0131ralar\u0131ndan ek g\u00f6sterge al\u0131nabilmesi i\u00e7in yasal d\u00fczenleme gerekmektedir.<strong><\/strong><\/p>\n<p style=\"text-align: justify;\">Kaynak: <a href=\"http:\/\/www.memurlar.net\/\" target=\"_blank\">http:\/\/www.memurlar.net<\/a><\/p>\n","protected":false},"excerpt":{"rendered":"<p>\u201cFolklor ara\u015ft\u0131rmac\u0131s\u0131, k\u00fct\u00fcphaneci, ar\u015fivci, kitap patologu ve sosyolog unvanlar\u0131n\u0131n 657 say\u0131l\u0131 Devlet Memurlar\u0131 Kanununun 36 nc\u0131 maddesinin birinci f\u0131kras\u0131n\u0131n Teknik Hizmetler S\u0131n\u0131f\u0131 ba\u015fl\u0131kl\u0131 II numaral\u0131 bendi kapsam\u0131na al\u0131nmas\u0131; Maliye ve Milli E\u011fitim Bakanl\u0131klar\u0131 ile Devlet Personel Ba\u015fkanl\u0131\u011f\u0131n\u0131n g\u00f6r\u00fc\u015flerine dayanan Adalet Bakanl\u0131\u011f\u0131 ile K\u00fclt\u00fcr ve Turizm Bakanl\u0131\u011f\u0131n\u0131n teklifleri \u00fczerine, ad\u0131 ge\u00e7en Kanunun 36 nc\u0131 maddesinin Ortak [&hellip;]<\/p>\n","protected":false},"author":1,"featured_media":0,"comment_status":"open","ping_status":"open","sticky":false,"template":"","format":"standard","meta":{"footnotes":""},"categories":[1505],"tags":[1398,51,50],"class_list":["post-1144","post","type-post","status-publish","format-standard","hentry","category-teknik-kadro","tag-bby-ozluk-haklari","tag-teknik-kadro-kutuphaneci","tag-ths-kutuphaneci"],"_links":{"self":[{"href":"https:\/\/www.bbyhaber.com\/bby\/wp-json\/wp\/v2\/posts\/1144"}],"collection":[{"href":"https:\/\/www.bbyhaber.com\/bby\/wp-json\/wp\/v2\/posts"}],"about":[{"href":"https:\/\/www.bbyhaber.com\/bby\/wp-json\/wp\/v2\/types\/post"}],"author":[{"embeddable":true,"href":"https:\/\/www.bbyhaber.com\/bby\/wp-json\/wp\/v2\/users\/1"}],"replies":[{"embeddable":true,"href":"https:\/\/www.bbyhaber.com\/bby\/wp-json\/wp\/v2\/comments?post=1144"}],"version-history":[{"count":0,"href":"https:\/\/www.bbyhaber.com\/bby\/wp-json\/wp\/v2\/posts\/1144\/revisions"}],"wp:attachment":[{"href":"https:\/\/www.bbyhaber.com\/bby\/wp-json\/wp\/v2\/media?parent=1144"}],"wp:term":[{"taxonomy":"category","embeddable":true,"href":"https:\/\/www.bbyhaber.com\/bby\/wp-json\/wp\/v2\/categories?post=1144"},{"taxonomy":"post_tag","embeddable":true,"href":"https:\/\/www.bbyhaber.com\/bby\/wp-json\/wp\/v2\/tags?post=1144"}],"curies":[{"name":"wp","href":"https:\/\/api.w.org\/{rel}","templated":true}]}}