{"id":1142,"date":"2010-11-15T17:20:09","date_gmt":"2010-11-15T17:20:09","guid":{"rendered":"http:\/\/www.bbyhaber.com\/bby\/?p=1142"},"modified":"2015-04-29T10:19:04","modified_gmt":"2015-04-29T07:19:04","slug":"europeananin-gozu-turk-yazma-eserlerde","status":"publish","type":"post","link":"https:\/\/www.bbyhaber.com\/bby\/2010\/11\/15\/europeananin-gozu-turk-yazma-eserlerde","title":{"rendered":"Europeana&#8217;n\u0131n g\u00f6z\u00fc T\u00fcrk yazma eserlerde"},"content":{"rendered":"<p style=\"text-align: justify;\" align=\"justify\">Avrupa Birli\u011fi&#8217;nin dijital k\u00fct\u00fcphanesi &#8221;Europeana&#8221;, T\u00fcrk yazma eserlerin tamam\u0131n\u0131 internet ortam\u0131na aktararak kullan\u0131c\u0131lar\u0131na \u00fccretsiz sunmak istiyor.Avrupa&#8217;n\u0131n en b\u00fcy\u00fck dijital k\u00fct\u00fcphanesi olmay\u0131 hedefleyen &#8221;Europeana&#8221;n\u0131n T\u00fcrkiye aya\u011f\u0131n\u0131 Hacettepe \u00dcniversitesi organize ederken, K\u00fclt\u00fcr Bakanl\u0131\u011f\u0131 ve Milli K\u00fct\u00fcphane de bu projeye destek veriyor.<!--more--><\/p>\n<p style=\"text-align: justify;\" align=\"justify\">Konuyla ilgili AA muhabirine bilgi veren yetkililer, &#8221;Europeana&#8221;ya \u015fimdiye kadar T\u00fcrkiye&#8217;den 10 yazma eser verildi\u011fini belirtti. Sitede her \u00fclkenin g\u00f6rsel eserleri, de\u011ferli kitaplar\u0131 ve tarihi yay\u0131nlar\u0131n\u0131n bulundu\u011funu belirten yetkililer, Europeana&#8217;n\u0131n \u00f6zellikle tarihi yay\u0131nlar ve el yazmalar\u0131yla ilgilendi\u011fini ve zaten T\u00fcrkiye&#8217;de sadece yazma eserlerde telif hakk\u0131 sorunu olmad\u0131\u011f\u0131n\u0131 kaydetti.<\/p>\n<p style=\"text-align: justify;\" align=\"justify\">&#8216;B\u0130Z DE SICAK BAKIYORUZ&#8217;<\/p>\n<p style=\"text-align: justify;\" align=\"justify\">Milli K\u00fct\u00fcphane Genel Ba\u015fkan\u0131 Tuncel Acar, konuyla ilgili olarak, Europeana&#8217;n\u0131n kendilerinden t\u00fcm yazma eserleri istedi\u011fini belirterek, &#8221;\u015eimdilik 10 eserimizi verdik. Ama t\u00fcm yazma eserlerimizi vermeye biz de s\u0131cak bak\u0131yoruz&#8221; dedi.<\/p>\n<p style=\"text-align: justify;\" align=\"justify\">Acar, kendileri i\u00e7in \u00f6nemli olan \u015feyin, T\u00fcrk eserlerinin ve tarihinin t\u00fcm d\u00fcnya taraf\u0131ndan g\u00f6r\u00fclmesi oldu\u011funu ve T\u00fcrkiye&#8217;nin &#8221;Europeana&#8217;ya katk\u0131 sa\u011flayan \u00fclkeler aras\u0131nda yer almak i\u00e7in, bu konudaki \u00e7al\u0131\u015fmalar\u0131na devam edeceklerini a\u00e7\u0131klad\u0131.<\/p>\n<p style=\"text-align: justify;\" align=\"justify\">EUROPEANA NED\u0130R?<\/p>\n<p style=\"text-align: justify;\" align=\"justify\">Avrupa&#8217;n\u0131n m\u00fcze, k\u00fct\u00fcphane, ar\u015fiv ve sesli-g\u00f6rsel koleksiyonlar\u0131n\u0131 dijital ortamda ke\u015ffetmeye olanak sa\u011flayan &#8221;Europeana&#8221;, kullan\u0131c\u0131lar\u0131na ilgilendi\u011fi konu ya da materyalleri orjinal kayna\u011f\u0131ndan ula\u015ft\u0131r\u0131yor. Sitede \u00e7ok \u00f6nemli bir \u00e7al\u0131\u015fmay\u0131 bulabilece\u011finiz gibi, \u00e7ok az bilinen bir objeye de rastlaman\u0131z m\u00fcmk\u00fcn.<\/p>\n<p style=\"text-align: justify;\" align=\"justify\">Europeana 2 milyona yak\u0131n eser i\u00e7eri\u011fiyle kullan\u0131c\u0131lara Avrupa&#8217;n\u0131n zengin k\u00fclt\u00fcrel ve bilimsel miras\u0131ndan yararlanma olana\u011f\u0131 sunuyor. Sitede g\u00f6rsel imajlardan tablolara, haritalardan objelere, ses kay\u0131tlar\u0131ndan gazetelere kadar bir\u00e7ok i\u00e7erik var. Leonardo da Vinci&#8217;nin \u00e7izimleri, Johannes Vermeer&#8217;in \u00fcnl\u00fc &#8221;\u0130nci K\u00fcpeli K\u0131z&#8221; tablosu, Berlin Duvar\u0131&#8217;n\u0131n y\u0131k\u0131l\u0131\u015f\u0131n\u0131n g\u00f6r\u00fcnt\u00fcleri, Dante&#8217;nin &#8221;\u0130lahi Komedya&#8221;s\u0131 bunlardan sadece birka\u00e7\u0131. Siteye &#8221;<a href=\"http:\/\/www.europeana.eu\/\" target=\"_blank\">www.europeana.eu<\/a>&#8221; adresinden ula\u015f\u0131labilir.<\/p>\n<p style=\"text-align: justify;\" align=\"justify\">Kaynak: <a href=\"http:\/\/www.zaman.com.tr\/\" target=\"_blank\">http:\/\/www.za<\/a>m<a href=\"http:\/\/www.zaman.com.tr\/\" target=\"_blank\">an.com.tr<\/a><\/p>\n","protected":false},"excerpt":{"rendered":"<p>Avrupa Birli\u011fi&#8217;nin dijital k\u00fct\u00fcphanesi &#8221;Europeana&#8221;, T\u00fcrk yazma eserlerin tamam\u0131n\u0131 internet ortam\u0131na aktararak kullan\u0131c\u0131lar\u0131na \u00fccretsiz sunmak istiyor.Avrupa&#8217;n\u0131n en b\u00fcy\u00fck dijital k\u00fct\u00fcphanesi olmay\u0131 hedefleyen &#8221;Europeana&#8221;n\u0131n T\u00fcrkiye aya\u011f\u0131n\u0131 Hacettepe \u00dcniversitesi organize ederken, K\u00fclt\u00fcr Bakanl\u0131\u011f\u0131 ve Milli K\u00fct\u00fcphane de bu projeye destek veriyor.<\/p>\n","protected":false},"author":1,"featured_media":0,"comment_status":"open","ping_status":"open","sticky":false,"template":"","format":"standard","meta":{"footnotes":""},"categories":[727,1500,1509],"tags":[1096,438,151,1441],"class_list":["post-1142","post","type-post","status-publish","format-standard","hentry","category-kulturel-miras-2","category-nadir-eserler","category-yazma-eserler","tag-arsivcilik","tag-el-yazmalari","tag-europeana-library","tag-yazma-eser-kutuphaneleri"],"_links":{"self":[{"href":"https:\/\/www.bbyhaber.com\/bby\/wp-json\/wp\/v2\/posts\/1142"}],"collection":[{"href":"https:\/\/www.bbyhaber.com\/bby\/wp-json\/wp\/v2\/posts"}],"about":[{"href":"https:\/\/www.bbyhaber.com\/bby\/wp-json\/wp\/v2\/types\/post"}],"author":[{"embeddable":true,"href":"https:\/\/www.bbyhaber.com\/bby\/wp-json\/wp\/v2\/users\/1"}],"replies":[{"embeddable":true,"href":"https:\/\/www.bbyhaber.com\/bby\/wp-json\/wp\/v2\/comments?post=1142"}],"version-history":[{"count":0,"href":"https:\/\/www.bbyhaber.com\/bby\/wp-json\/wp\/v2\/posts\/1142\/revisions"}],"wp:attachment":[{"href":"https:\/\/www.bbyhaber.com\/bby\/wp-json\/wp\/v2\/media?parent=1142"}],"wp:term":[{"taxonomy":"category","embeddable":true,"href":"https:\/\/www.bbyhaber.com\/bby\/wp-json\/wp\/v2\/categories?post=1142"},{"taxonomy":"post_tag","embeddable":true,"href":"https:\/\/www.bbyhaber.com\/bby\/wp-json\/wp\/v2\/tags?post=1142"}],"curies":[{"name":"wp","href":"https:\/\/api.w.org\/{rel}","templated":true}]}}