{"id":11368,"date":"2013-07-02T08:48:55","date_gmt":"2013-07-02T05:48:55","guid":{"rendered":"http:\/\/www.bbyhaber.com\/bby\/?p=11368"},"modified":"2016-05-20T13:21:55","modified_gmt":"2016-05-20T10:21:55","slug":"bayraklida-23-mahalleye-23-kutuphane","status":"publish","type":"post","link":"https:\/\/www.bbyhaber.com\/bby\/2013\/07\/02\/bayraklida-23-mahalleye-23-kutuphane","title":{"rendered":"Bayrakl\u0131&#8217;da 23 mahalleye 23 k\u00fct\u00fcphane"},"content":{"rendered":"<p style=\"text-align: justify;\"><a href=\"http:\/\/www.memurlar.net\/common\/news\/images\/384062\/headline.jpg\"><img loading=\"lazy\" decoding=\"async\" class=\"alignleft\" src=\"http:\/\/www.memurlar.net\/common\/news\/images\/384062\/headline.jpg\" alt=\"\" width=\"257\" height=\"149\" \/><\/a>Bayrakl\u0131 Belediye Ba\u015fkan\u0131 Hasan Karaba\u011f, e\u011fitime ve \u00f6\u011frencilere verdi\u011fi \u00f6nemi bir kez daha hat\u0131rlatarak, 23 mahalleye 23 k\u00fct\u00fcphane kurmay\u0131 hedeflediklerini s\u00f6yledi. Bu kapsamda ge\u00e7ti\u011fimiz haftalarda Bayrakl\u0131&#8217;ya merkez k\u00fct\u00fcphanesi a\u00e7an Karaba\u011f, bin \u00f6\u011frenciye karne hediyesi olarak Atat\u00fcrk foto\u011fraflar\u0131 dizisi kitab\u0131 da\u011f\u0131tt\u0131rd\u0131 ve yak\u0131nda 8&#8217;inci k\u00fct\u00fcphaneyi a\u00e7acaklar\u0131 m\u00fcjdesini verdi.Bayrakl\u0131 Belediyesi bin \u00f6\u011frenciye karne hediyesi olarak <strong>&#8220;<\/strong>Atat\u00fcrk foto\u011fraflar\u0131 dizisi<strong>&#8220;<\/strong> kitab\u0131 da\u011f\u0131tt\u0131.<!--more--> E\u011fitim-\u00f6\u011fretim sezonunu te\u015fek\u00fcr veya takdir ile bitiren ba\u015far\u0131l\u0131 \u00f6\u011frencilere belgelerini getirmeleri halinde verilen kitaplar, \u00f6\u011frencileri sevindirdi. Bayrakl\u0131&#8217;da bulunan 7 k\u00fct\u00fcphanedeki yerli, yabanc\u0131 yakla\u015f\u0131k 15 bin kitap ar\u015fivinden de \u00fccretsiz olarak yararlanabilen \u00f6\u011frenciler karne hediyesi olarak ald\u0131klar\u0131 kitaplarla mutlu oldu. \u00c7ocuklara kitap okuma sevgisini a\u015f\u0131lamay\u0131 ve onlar\u0131 kitap okumaya \u00f6zendirmeyi ama\u00e7 edinen Bayrakl\u0131 Belediyesi bu kapsamda da \u00e7al\u0131\u015fmalar\u0131n\u0131 h\u0131zla s\u00fcrd\u00fcr\u00fcrken, kitap ar\u015fivinin b\u00fcy\u00fcmesi i\u00e7in ba\u011f\u0131\u015flarla ve kitap al\u0131mlar\u0131yla \u00f6\u011frencilerin geli\u015fimlerine katk\u0131 sa\u011fl\u0131yor.<\/p>\n<p><iframe loading=\"lazy\" src=\"\/\/www.youtube.com\/embed\/QQ0P3WvGw98\" frameborder=\"0\" width=\"420\" height=\"315\"><\/iframe><\/p>\n<p style=\"text-align: justify;\">8&#8217;inci k\u00fct\u00fcphane m\u00fcjdesi<\/p>\n<p style=\"text-align: justify;\">Bayrakl\u0131&#8217;n\u0131n en \u00f6nemli eksikliklerinden birinin belediye kurulmadan \u00f6nceki y\u0131llarda \u00e7ocuklara y\u00f6nelik hizmetler oldu\u011funu vurgulayan Bayrakl\u0131 Belediye Ba\u015fkan\u0131 Hasan Karaba\u011f, <strong>&#8221; <\/strong>\u0130l\u00e7emizin merkezinde k\u00fct\u00fcphanemiz yoktu ama art\u0131k var. Bilgisayar donan\u0131mlar\u0131n\u0131 da art\u0131rac\u011f\u0131z. \u00c7ocuklar\u0131m\u0131z\u0131n daha iyi yeti\u015fmesi i\u00e7in \u00f6nemli eserleri bulunduraca\u011f\u0131z. Onlar\u0131n g\u00fczel yeti\u015fmesini sa\u011flayaca\u011f\u0131z. Bayrakl\u0131 her\u015feye lay\u0131k. Spordan sa\u011fl\u0131\u011fa, e\u011fitimden k\u00fclt\u00fcre ve k\u00fct\u00fcphane hizmetlerimizle sizlerin hizmetindeyiz<strong>&#8220;<\/strong> dedi. Karaba\u011f, il\u00e7ede her mahalleye bir k\u00fct\u00fcphane kurmak isediklerini de dile getirerek, bu kapsamda 8&#8217;inci k\u00fct\u00fcphanenin \u00f6n\u00fcm\u00fczdeki g\u00fcnlerde Muhittin Erener Mahallesi&#8217;nde hizmete girece\u011fini duyurdu.<\/p>\n<p style=\"text-align: justify;\">Kaynak:<a href=\"http:\/\/www.memurlar.net\/\" target=\"_blank\">http:\/\/www.memurlar.net<\/a><\/p>\n","protected":false},"excerpt":{"rendered":"<p>Bayrakl\u0131 Belediye Ba\u015fkan\u0131 Hasan Karaba\u011f, e\u011fitime ve \u00f6\u011frencilere verdi\u011fi \u00f6nemi bir kez daha hat\u0131rlatarak, 23 mahalleye 23 k\u00fct\u00fcphane kurmay\u0131 hedeflediklerini s\u00f6yledi. Bu kapsamda ge\u00e7ti\u011fimiz haftalarda Bayrakl\u0131&#8217;ya merkez k\u00fct\u00fcphanesi a\u00e7an Karaba\u011f, bin \u00f6\u011frenciye karne hediyesi olarak Atat\u00fcrk foto\u011fraflar\u0131 dizisi kitab\u0131 da\u011f\u0131tt\u0131rd\u0131 ve yak\u0131nda 8&#8217;inci k\u00fct\u00fcphaneyi a\u00e7acaklar\u0131 m\u00fcjdesini verdi.Bayrakl\u0131 Belediyesi bin \u00f6\u011frenciye karne hediyesi olarak &#8220;Atat\u00fcrk foto\u011fraflar\u0131 [&hellip;]<\/p>\n","protected":false},"author":1,"featured_media":0,"comment_status":"open","ping_status":"open","sticky":false,"template":"","format":"standard","meta":{"footnotes":""},"categories":[1],"tags":[],"class_list":["post-11368","post","type-post","status-publish","format-standard","hentry","category-genel"],"_links":{"self":[{"href":"https:\/\/www.bbyhaber.com\/bby\/wp-json\/wp\/v2\/posts\/11368"}],"collection":[{"href":"https:\/\/www.bbyhaber.com\/bby\/wp-json\/wp\/v2\/posts"}],"about":[{"href":"https:\/\/www.bbyhaber.com\/bby\/wp-json\/wp\/v2\/types\/post"}],"author":[{"embeddable":true,"href":"https:\/\/www.bbyhaber.com\/bby\/wp-json\/wp\/v2\/users\/1"}],"replies":[{"embeddable":true,"href":"https:\/\/www.bbyhaber.com\/bby\/wp-json\/wp\/v2\/comments?post=11368"}],"version-history":[{"count":0,"href":"https:\/\/www.bbyhaber.com\/bby\/wp-json\/wp\/v2\/posts\/11368\/revisions"}],"wp:attachment":[{"href":"https:\/\/www.bbyhaber.com\/bby\/wp-json\/wp\/v2\/media?parent=11368"}],"wp:term":[{"taxonomy":"category","embeddable":true,"href":"https:\/\/www.bbyhaber.com\/bby\/wp-json\/wp\/v2\/categories?post=11368"},{"taxonomy":"post_tag","embeddable":true,"href":"https:\/\/www.bbyhaber.com\/bby\/wp-json\/wp\/v2\/tags?post=11368"}],"curies":[{"name":"wp","href":"https:\/\/api.w.org\/{rel}","templated":true}]}}