{"id":1136,"date":"2010-12-16T17:17:43","date_gmt":"2010-12-16T17:17:43","guid":{"rendered":"http:\/\/www.bbyhaber.com\/bby\/?p=1136"},"modified":"2012-06-27T18:29:16","modified_gmt":"2012-06-27T18:29:16","slug":"kultur-ve-turizm-bakani-gunay-edebiyat-muze-kutuphaneleri-kuracagiz","status":"publish","type":"post","link":"https:\/\/www.bbyhaber.com\/bby\/2010\/12\/16\/kultur-ve-turizm-bakani-gunay-edebiyat-muze-kutuphaneleri-kuracagiz","title":{"rendered":"K\u00fclt\u00fcr ve Turizm Bakan\u0131 G\u00fcnay: Edebiyat M\u00fcze K\u00fct\u00fcphaneleri Kuraca\u011f\u0131z"},"content":{"rendered":"<p style=\"text-align: justify;\" align=\"justify\">K\u00fclt\u00fcr ve Turizm Bakan\u0131 Ertu\u011frul G\u00fcnay, edebiyat m\u00fcze k\u00fct\u00fcphaneleri a\u00e7acaklar\u0131n\u0131 s\u00f6yledi. Bu \u00e7er\u00e7evede Ankara&#8217;da Mehmet Akif K\u00fct\u00fcphanesi, Erzurum&#8217;da Erzurumlu Emrah k\u00fct\u00fcphanesi, Diyarbak\u0131r&#8217;da Ahmet Arif K\u00fct\u00fcphanesi kurulaca\u011f\u0131n\u0131 belirten G\u00fcnay, Adana&#8217;da kurulacak k\u00fct\u00fcphanesinin isminin ise Ya\u015far Kemal ya da Karacao\u011flan olaca\u011f\u0131n\u0131 kaydetti.<!--more--><\/p>\n<p style=\"text-align: justify;\" align=\"justify\">K\u00fclt\u00fcr ve Turizm Bakan\u0131 Ertu\u011frul G\u00fcnay, \u00c7a\u011fda\u015f Sanatlar Merkezi&#8217;nde ger\u00e7ekle\u015ftirilen Diyarbak\u0131r Sempozyumu&#8217;nun a\u00e7\u0131l\u0131\u015f\u0131nda konu\u015ftu. Yeni bir k\u00fct\u00fcphane konseptini hayata ge\u00e7ireceklerini ifade eden G\u00fcnay, &#8220;Edebiyat k\u00fct\u00fcphaneleri a\u00e7ma niyetindeyiz. Do\u011frudan do\u011fruya i\u00e7inde bir b\u00f6lgenin edebiyat\u0131n\u0131n en \u00f6ne \u00e7\u0131kt\u0131\u011f\u0131 bir edebiyat m\u00fcze k\u00fct\u00fcphanesi&#8230;&#8221; diye konu\u015ftu. G\u00fcnay bu kapsamda, \u0130stanbul&#8217;da Ahmet Hamdi Tanp\u0131nar k\u00fct\u00fcphanesi, Ankara&#8217;da bir Mehmet Akif k\u00fct\u00fcphanesi, Erzurum&#8217;da Erzurumlu Emrah k\u00fct\u00fcphanesi kurmaya \u00e7al\u0131\u015ft\u0131klar\u0131n\u0131 aktard\u0131.<\/p>\n<p style=\"text-align: justify;\" align=\"justify\">G\u00fcnay, &#8220;Adana&#8217;da bir Ya\u015far Kemal k\u00fct\u00fcphanesi, ama Ya\u015far Kemal beni telefonla arad\u0131. &#8216;Karacao\u011flan varken Ya\u015far Kemal&#8217;in ismi mi olur, sen delirdin mi \u00e7ocuk?&#8217; dedi. Ya\u015far Kemal ile Karacao\u011flan aras\u0131nda\u2026 Karar\u0131 Ya\u015far Kemal verecek. Diyarbak\u0131r&#8217;da da Ahmet Arif k\u00fct\u00fcphanesi olacak.&#8221; dedi. Diyarbak\u0131r&#8217;\u0131n turizm alan\u0131nda potansiyele sahip bir \u015fehir oldu\u011funa dikkat \u00e7eken G\u00fcnay, \u015funlar\u0131 s\u00f6yledi: &#8220;O zaman onu \u015fark\u0131 ve \u015fiirlerle sevmekle kalmamal\u0131, ona kar\u015f\u0131 g\u00f6revimizi yapmal\u0131y\u0131z.&#8221;<\/p>\n<p style=\"text-align: justify;\" align=\"justify\">Birka\u00e7 y\u0131ld\u0131r Diyarbak\u0131r&#8217;a \u00f6zel bir ilgi g\u00f6stererek baz\u0131 hizmetleri tamamlamaya \u00e7al\u0131\u015ft\u0131\u011f\u0131n\u0131 ifade eden G\u00fcnay, bu kapsamda Diyarbak\u0131r k\u00fclt\u00fcr merkezinin en ge\u00e7 2011 y\u0131l\u0131n\u0131n Mart ay\u0131nda hizmete a\u00e7\u0131laca\u011f\u0131 m\u00fcjdesini verdi. Yakla\u015f\u0131k 14 bin metrekare kapal\u0131 alan sahip merkezin i\u00e7inde bir k\u00fct\u00fcphane ve 3 farkl\u0131 salon bulunaca\u011f\u0131n\u0131 kaydeden G\u00fcnay, &#8220;\u0130\u00e7erisinde \u00e7e\u015fitli etkinliklerin yap\u0131laca\u011f\u0131 farkl\u0131 mekanlar var. Diyarbak\u0131r&#8217;daki k\u00fclt\u00fcr ve sanat merakl\u0131lar\u0131 yeni bir k\u00fclt\u00fcr havzas\u0131na kavu\u015facak.&#8221; \u015feklinde konu\u015ftu. G\u00fcnay, merkez i\u00e7in bug\u00fcne kadar 10 milyon TL harcand\u0131\u011f\u0131 bilgisini verdi.<\/p>\n<p style=\"text-align: justify;\" align=\"justify\">Diyarbak\u0131r \u0130\u00e7 Kale Restorasyonu \u00e7al\u0131\u015fmalar\u0131n\u0131n da kendisini heyecanland\u0131rd\u0131\u011f\u0131n\u0131 kaydeden G\u00fcnay, &#8220;\u0130\u00e7 Kale, T\u00fcrkiye&#8217;de m\u00fcze konsepti ad\u0131 alt\u0131na yapt\u0131\u011f\u0131m\u0131z en b\u00fcy\u00fck proje. \u0130\u00e7inde killeseler, m\u00fczeler, k\u00fct\u00fcphaneler var.&#8221; diye belirtti.<\/p>\n<p style=\"text-align: justify;\" align=\"justify\">\u0130\u00e7 kaleye, &#8217;12 Eyl\u00fcl&#8217;\u00fcn karanl\u0131k g\u00fcnlerine, do\u011fu illerinde bir milletvekili arkada\u015f\u0131n\u0131n dosyas\u0131n\u0131 okumak i\u00e7in avukat s\u0131fat\u0131yla gitti\u011fini&#8217; s\u00f6yleyen G\u00fcnay, &#8220;Girerken \u00e7\u0131karken ayaklar\u0131m\u0131z titriyordu. O zindanlar\u0131, nezarethaneleri, tutukevlerini \u015fimdi k\u00fclt\u00fcr ve sanat merkezi yapma i\u00e7in gayret sarf ediyoruz.&#8221; diye konu\u015ftu.<\/p>\n<p style=\"text-align: justify;\" align=\"justify\">&#8220;12. B\u0130N YIL \u00d6NCES\u0130NE A\u0130T BALTA A\u011eZI DEPODA&#8221;<\/p>\n<p style=\"text-align: justify;\" align=\"justify\">G\u00fcnay, Diyarbak\u0131r Arkeoloji M\u00fczesi&#8217;nin eski bir yap\u0131 oldu\u011funu, ama k\u00f6t\u00fc bir mimari \u00f6zelli\u011fe sahip oldu\u011funu kaydetti. Bu kapsamda iyi olan tek \u015feyin deponun \u00fcst kata yap\u0131lm\u0131\u015f olmas\u0131 oldu\u011funu ifade eden G\u00fcnay, bu depoda Milattan 12. bin y\u0131l \u00f6ncesine ait bir balta a\u011fz\u0131 bulundu\u011funu belirtti. G\u00fcnay, &#8220;Bu Diyarbak\u0131r M\u00fczesi&#8217;nin deposunda. \u0130n\u015fallah \u0130\u00e7 Kale&#8217;de yapt\u0131\u011f\u0131m\u0131z m\u00fczede t\u00fcm bunlar\u0131 d\u00fcnyaya sergileyece\u011fiz.&#8221; dedi. G\u00fcnay, Gaziantep&#8217;te de d\u00fcnyan\u0131n en b\u00fcy\u00fck mozaik m\u00fczesini yapacaklar\u0131n\u0131 aktard\u0131.<\/p>\n<p style=\"text-align: justify;\" align=\"justify\">GELECEK YIL 30 M\u0130LYON TUR\u0130ST BEKL\u0130YORUZ<\/p>\n<p style=\"text-align: justify;\" align=\"justify\">T\u00fcrkiye&#8217;de ekonomik krize ra\u011fmen, turizmde d\u00fcnya ortalamas\u0131n\u0131n \u00fczerinde bir art\u0131\u015f ya\u015fand\u0131\u011f\u0131na dikkat \u00e7eken G\u00fcnay, \u015f\u00f6yle devam etti: &#8220;Bu y\u0131l sonunda 28.5 milyon insan\u0131 \u00fclkemizde a\u011f\u0131rlad\u0131k. Gelecek y\u0131l 30 milyon. Ama istiyoruz ki bu potansiyel sadece Antalya&#8217;da, \u0130stanbul&#8217;da, Ege&#8217;de kalmas\u0131n. Turizmin a\u00e7t\u0131\u011f\u0131 nimet, bereket kap\u0131lar\u0131n\u0131 Anadolu ile tan\u0131\u015ft\u0131ral\u0131m. Bunun i\u00e7in bar\u0131\u015fa ihtiyac\u0131m\u0131z var. Alt yap\u0131y\u0131 yapar\u0131z, devletin milletin g\u00fcc\u00fc buna yetiyor. Bizim karde\u015fli\u011fe, bar\u0131\u015fa ihtiyac\u0131m\u0131z var. Kaynaklar\u0131m\u0131z\u0131 \u00e7at\u0131\u015fmaya, didi\u015fmeye, silahlanmaya de\u011fil, yat\u0131r\u0131ma, bollu\u011fu yat\u0131rmam\u0131z gerekiyor.&#8221;<\/p>\n<p style=\"text-align: justify;\" align=\"justify\">\u0130nsanlar\u0131n inan\u00e7 ve etnik k\u00f6kenini do\u011farken se\u00e7emedi\u011fini s\u00f6yleyen G\u00fcnay, &#8220;Bu yaradan taraf\u0131ndan bize verilen bir \u015fey. Ama T\u00fcrkiye Cumhuriyeti s\u0131n\u0131rlar\u0131 i\u00e7inde ya\u015f\u0131yorsak bunlar bizim tesad\u00fcfen ald\u0131\u011f\u0131m\u0131z adlard\u0131r, ama hepimizin ortak bir soyad\u0131 var. Hepimiz, T\u00fcrkiye Cumhuriyeti yurtta\u015f\u0131y\u0131z.&#8221; ifadelerini kulland\u0131. G\u00fcnay, hi\u00e7bir yerel dil ve k\u00fclt\u00fcr\u00fcn yok olmas\u0131n\u0131 istemediklerinin alt\u0131n\u0131 \u00e7izdi.\u00a0<strong><\/strong><\/p>\n<p style=\"text-align: justify;\">Kaynak: <a href=\"http:\/\/www.haberler.com\/\" target=\"_blank\">http:\/\/www.haberler.com\/<\/a><\/p>\n","protected":false},"excerpt":{"rendered":"<p>K\u00fclt\u00fcr ve Turizm Bakan\u0131 Ertu\u011frul G\u00fcnay, edebiyat m\u00fcze k\u00fct\u00fcphaneleri a\u00e7acaklar\u0131n\u0131 s\u00f6yledi. Bu \u00e7er\u00e7evede Ankara&#8217;da Mehmet Akif K\u00fct\u00fcphanesi, Erzurum&#8217;da Erzurumlu Emrah k\u00fct\u00fcphanesi, Diyarbak\u0131r&#8217;da Ahmet Arif K\u00fct\u00fcphanesi kurulaca\u011f\u0131n\u0131 belirten G\u00fcnay, Adana&#8217;da kurulacak k\u00fct\u00fcphanesinin isminin ise Ya\u015far Kemal ya da Karacao\u011flan olaca\u011f\u0131n\u0131 kaydetti.<\/p>\n","protected":false},"author":1,"featured_media":0,"comment_status":"open","ping_status":"open","sticky":false,"template":"","format":"standard","meta":{"footnotes":""},"categories":[71,1572],"tags":[],"class_list":["post-1136","post","type-post","status-publish","format-standard","hentry","category-muze-kutuphaneleri-2","category-edebiyat-ve-muze-kutuphaneleri"],"_links":{"self":[{"href":"https:\/\/www.bbyhaber.com\/bby\/wp-json\/wp\/v2\/posts\/1136"}],"collection":[{"href":"https:\/\/www.bbyhaber.com\/bby\/wp-json\/wp\/v2\/posts"}],"about":[{"href":"https:\/\/www.bbyhaber.com\/bby\/wp-json\/wp\/v2\/types\/post"}],"author":[{"embeddable":true,"href":"https:\/\/www.bbyhaber.com\/bby\/wp-json\/wp\/v2\/users\/1"}],"replies":[{"embeddable":true,"href":"https:\/\/www.bbyhaber.com\/bby\/wp-json\/wp\/v2\/comments?post=1136"}],"version-history":[{"count":0,"href":"https:\/\/www.bbyhaber.com\/bby\/wp-json\/wp\/v2\/posts\/1136\/revisions"}],"wp:attachment":[{"href":"https:\/\/www.bbyhaber.com\/bby\/wp-json\/wp\/v2\/media?parent=1136"}],"wp:term":[{"taxonomy":"category","embeddable":true,"href":"https:\/\/www.bbyhaber.com\/bby\/wp-json\/wp\/v2\/categories?post=1136"},{"taxonomy":"post_tag","embeddable":true,"href":"https:\/\/www.bbyhaber.com\/bby\/wp-json\/wp\/v2\/tags?post=1136"}],"curies":[{"name":"wp","href":"https:\/\/api.w.org\/{rel}","templated":true}]}}