{"id":11270,"date":"2013-06-21T00:17:34","date_gmt":"2013-06-20T21:17:34","guid":{"rendered":"http:\/\/www.bbyhaber.com\/bby\/?p=11270"},"modified":"2014-12-07T20:20:16","modified_gmt":"2014-12-07T18:20:16","slug":"tkd-kampus-yonetim-kurulu-secim-sonuclari","status":"publish","type":"post","link":"https:\/\/www.bbyhaber.com\/bby\/2013\/06\/21\/tkd-kampus-yonetim-kurulu-secim-sonuclari","title":{"rendered":"TKD Kamp\u00fcs Y\u00f6netim Kurulu Se\u00e7im Sonu\u00e7lar\u0131"},"content":{"rendered":"<p style=\"text-align: justify;\"><img loading=\"lazy\" decoding=\"async\" class=\"alignleft\" src=\"http:\/\/www.bbyhaber.com\/bby\/wp-content\/uploads\/bby-forum-logolar\/tkdkampus.jpg\" alt=\"\" width=\"124\" height=\"93\" \/>3 y\u0131l \u00f6nce faaliyete ge\u00e7mi\u015f olan TKD Kamp\u00fcs Y\u00f6netim Kurulu se\u00e7imleri yap\u0131lm\u0131\u015f ve Y\u00f6netim Kurulu olu\u015fturulmu\u015ftur. TKD Kamp\u00fcs yeni y\u00f6netim kurulunda yer alan t\u00fcm arkada\u015flar\u0131 tebrik eder, ba\u015far\u0131lar dileriz. <!--more--><\/p>\n<p style=\"text-align: justify;\">TKD Kamp\u00fcs ileti\u015fim bilgileri:<\/p>\n<p><strong>e-posta:<\/strong> TKDKampus@gmail.com<br \/>\n<strong>Facebook:\u00a0<\/strong><a href=\"http:\/\/www.facebook.com\/TKDKampus\" rel=\"nofollow\" target=\"_blank\">www.Facebook.com\/TKDKampus<\/a><br \/>\n<strong>Twitter:<\/strong>\u00a0<a href=\"http:\/\/www.facebook.com\/l.php?u=http%3A%2F%2Fwww.Twitter.com%2FTKDKampus&amp;h=UAQGGJQsLAQGYvfGg8mdmaxc-nCyzFJtZnSwnI6CBEQl-lQ&amp;s=1\" rel=\"nofollow nofollow\" target=\"_blank\">www.Twitter.com\/TKDKampus<\/a><br \/>\n<strong>Web Sayfas\u0131:<\/strong> <a href=\"http:\/\/tkdkampus.kutuphaneci.org.tr\/\" target=\"_blank\">http:\/\/tkdkampus.kutuphaneci.org.tr\/<\/a><\/p>\n<p><span style=\"color: #0000ff;\"><strong>TKD Kamp\u00fcs 3. D\u00f6nem Y\u00f6netim Kurulu:<\/strong><\/span><\/p>\n<p>Ba\u015fkan : \u0130smail Karaca<\/p>\n<p>Ba\u015fkan Yard\u0131mc\u0131s\u0131: Mustafa I\u015f\u0131k<\/p>\n<p>Yazman: Tu\u011fba \u015eim\u015fek<\/p>\n<p>B\u00fct\u00e7e ve Sponsorluk : Bedirhan Baytemur<\/p>\n<p>Etkinlik Sorumlusu: Fatih Ahmet Korkmaz<\/p>\n<p>\u0130leti\u015fim Sorumlusu: Sinan \u0130slamo\u011flu<\/p>\n<p>Sosyal Medya Sorumlusu: Yavuz Pulcuo\u011flu<\/p>\n<p style=\"text-align: justify;\"><a href=\"http:\/\/www.bbyhaber.com\/bby\/wp-content\/uploads\/2013\/06\/tkdkampus-yonetim-semasi.jpg\"><img loading=\"lazy\" decoding=\"async\" class=\"alignnone\" src=\"http:\/\/www.bbyhaber.com\/bby\/wp-content\/uploads\/2013\/06\/tkdkampus-yonetim-semasi.jpg\" alt=\"\" width=\"304\" height=\"251\" \/><\/a><\/p>\n<p style=\"text-align: justify;\">Kaynak: <a href=\"https:\/\/www.facebook.com\/groups\/tkdkampus\" target=\"_blank\">https:\/\/www.facebook.com\/groups\/tkdkampus<\/a><\/p>\n","protected":false},"excerpt":{"rendered":"<p>3 y\u0131l \u00f6nce faaliyete ge\u00e7mi\u015f olan TKD Kamp\u00fcs Y\u00f6netim Kurulu se\u00e7imleri yap\u0131lm\u0131\u015f ve Y\u00f6netim Kurulu olu\u015fturulmu\u015ftur. TKD Kamp\u00fcs yeni y\u00f6netim kurulunda yer alan t\u00fcm arkada\u015flar\u0131 tebrik eder, ba\u015far\u0131lar dileriz.<\/p>\n","protected":false},"author":1,"featured_media":0,"comment_status":"open","ping_status":"open","sticky":false,"template":"","format":"standard","meta":{"footnotes":""},"categories":[1],"tags":[851],"class_list":["post-11270","post","type-post","status-publish","format-standard","hentry","category-genel","tag-tkd-kampus"],"_links":{"self":[{"href":"https:\/\/www.bbyhaber.com\/bby\/wp-json\/wp\/v2\/posts\/11270"}],"collection":[{"href":"https:\/\/www.bbyhaber.com\/bby\/wp-json\/wp\/v2\/posts"}],"about":[{"href":"https:\/\/www.bbyhaber.com\/bby\/wp-json\/wp\/v2\/types\/post"}],"author":[{"embeddable":true,"href":"https:\/\/www.bbyhaber.com\/bby\/wp-json\/wp\/v2\/users\/1"}],"replies":[{"embeddable":true,"href":"https:\/\/www.bbyhaber.com\/bby\/wp-json\/wp\/v2\/comments?post=11270"}],"version-history":[{"count":0,"href":"https:\/\/www.bbyhaber.com\/bby\/wp-json\/wp\/v2\/posts\/11270\/revisions"}],"wp:attachment":[{"href":"https:\/\/www.bbyhaber.com\/bby\/wp-json\/wp\/v2\/media?parent=11270"}],"wp:term":[{"taxonomy":"category","embeddable":true,"href":"https:\/\/www.bbyhaber.com\/bby\/wp-json\/wp\/v2\/categories?post=11270"},{"taxonomy":"post_tag","embeddable":true,"href":"https:\/\/www.bbyhaber.com\/bby\/wp-json\/wp\/v2\/tags?post=11270"}],"curies":[{"name":"wp","href":"https:\/\/api.w.org\/{rel}","templated":true}]}}