{"id":1125,"date":"2010-12-16T17:06:20","date_gmt":"2010-12-16T17:06:20","guid":{"rendered":"http:\/\/www.bbyhaber.com\/bby\/?p=1125"},"modified":"2018-10-15T12:56:21","modified_gmt":"2018-10-15T09:56:21","slug":"hacettepe-universitesi-bilgi-ve-belge-yonetimi-bolumu-2010-2011-ogretim-yili-konferanspanel-programi-i","status":"publish","type":"post","link":"https:\/\/www.bbyhaber.com\/bby\/2010\/12\/16\/hacettepe-universitesi-bilgi-ve-belge-yonetimi-bolumu-2010-2011-ogretim-yili-konferanspanel-programi-i","title":{"rendered":"Hacettepe \u00dcniversitesi Bilgi ve Belge Y\u00f6netimi B\u00f6l\u00fcm\u00fc 2010-2011 \u00d6\u011fretim Y\u0131l\u0131 Konferans\/Panel Program\u0131-I"},"content":{"rendered":"<p style=\"text-align: justify;\">Hacettepe \u00dcniversitesi Bilgi ve Belge Y\u00f6netimi B\u00f6l\u00fcm\u00fc ve H.\u00dc. BBY Bilgi Toplulu\u011fu ile i\u015fbirli\u011fi i\u00e7inde 2010-2011 \u00d6\u011fretim Y\u0131l\u0131ndan itibaren &#8220;\u00c7ar\u015famba Toplant\u0131lar\u0131&#8221; ad\u0131 ve toplam 10 konu ba\u015fl\u0131\u011f\u0131 ile bir dizi konferans ve panel ger\u00e7ekle\u015ftirilmektedir. \u00c7e\u015fitli konularda d\u00fczenlenen bu konferans ve panellerle, \u00f6ncelikle, \u00f6\u011frencilerin mesle\u011fe ili\u015fkin bak\u0131\u015f a\u00e7\u0131lar\u0131n\u0131 geni\u015fletmeyi, mesleki geli\u015fme ve de\u011fi\u015fmeleri farkl\u0131 boyutlar\u0131yla, farkl\u0131 meslekta\u015flar\u0131ndan \u00f6\u011frenmelerini, mesleki camiay\u0131 daha iyi tan\u0131malar\u0131n\u0131 ve mesleki &#8220;atmosferi&#8221; daha iyi alg\u0131lamalar\u0131n\u0131 hedef alan bu etkinlik 11 May\u0131s 2011 \u00c7ar\u015famba g\u00fcn\u00fcne kadar t\u00fcm meslekta\u015f ve \u00f6\u011frencilerin kat\u0131l\u0131m\u0131yla devam edecektir.<!--more--><\/p>\n<p style=\"text-align: center;\"><strong>Yap\u0131lan Etkinlikler<\/strong><\/p>\n<table width=\"480\" border=\"1\" align=\"center\">\n<tbody>\n<tr>\n<td width=\"199\"><span class=\"stil1\">Konu<\/span><\/td>\n<td width=\"480\"><span class=\"style1\">Yaz\u0131l\u0131m D\u00fcnyas\u0131nda Yeni A\u00e7\u0131l\u0131mlar <\/span><\/td>\n<\/tr>\n<tr>\n<td><span class=\"stil1\">Konu\u015fmac\u0131lar\u00a0<\/span><\/td>\n<td>Dr. Cemal Akyel, (Microsoft T\u00fcrkiye Genel Md. Yard\u0131mc\u0131s\u0131)<\/td>\n<\/tr>\n<tr>\n<td><span class=\"stil1\">Tarih ve Saat<\/span><\/td>\n<td>20 Ekim 2010 \u00c7ar\u015famba Saat 15.00<\/td>\n<\/tr>\n<tr>\n<td><span class=\"stil1\">Yer<\/span><\/td>\n<td>Bedrettin C\u00f6mert Konferans Salonu, Edebiyat Fak\u00fcltesi<\/td>\n<\/tr>\n<tr>\n<td><span class=\"stil1\">Not<\/span><\/td>\n<td>Konferans\/panel sonras\u0131nda kokteyl d\u00fczenlenecektir.<\/td>\n<\/tr>\n<\/tbody>\n<\/table>\n<table width=\"480\" border=\"1\" align=\"center\">\n<tbody>\n<tr>\n<td width=\"195\"><span class=\"stil1\">Konu<\/span><\/td>\n<td width=\"480\"><span class=\"style1\">T\u00fcrkiye\u2019de BBY Alan\u0131ndaki Meslek Dernekleri<\/span><\/td>\n<\/tr>\n<tr>\n<td><span class=\"stil1\">Konu\u015fmac\u0131lar\u00a0<\/span><\/td>\n<td>Ali Fuat Kartal (T\u00fcrk K\u00fct\u00fcphaneciler Derne\u011fi), Haldun \u015eahin (T\u00fcrk Ar\u015fivciler Derne\u011fi), Ayta\u00e7 Y\u0131ld\u0131zeli (\u00dcNAK)<\/td>\n<\/tr>\n<tr>\n<td><span class=\"stil1\">Tarih ve Saat<\/span><\/td>\n<td>27 Ekim 2010 \u00c7ar\u015famba Saat 15.00<\/td>\n<\/tr>\n<tr>\n<td><span class=\"stil1\">Yer<\/span><\/td>\n<td>Prof. Dr. Tu\u011frul \u0130nal Tiyatro ve Konferans Salonu, Edebiyat Fak\u00fcltesi<\/td>\n<\/tr>\n<tr>\n<td><span class=\"stil1\">Not<\/span><\/td>\n<td>Konferans\/panel sonras\u0131nda kokteyl d\u00fczenlenecektir.<\/td>\n<\/tr>\n<\/tbody>\n<\/table>\n<table width=\"480\" border=\"1\" align=\"center\">\n<tbody>\n<tr>\n<td width=\"195\"><span class=\"stil1\">Konu<\/span><\/td>\n<td width=\"480\"><span class=\"style1\">21. Y\u00fczy\u0131l \u0130\u00e7in \u0130stenen\/Gerekli K\u00fct\u00fcphaneci Becerileri ve Kariyer Planlamas\u0131 <\/span><\/td>\n<\/tr>\n<tr>\n<td><span class=\"stil1\">Konu\u015fmac\u0131lar\u00a0<\/span><\/td>\n<td>G\u00fcl\u00e7in Cribb (\u00d6zye\u011fin \u00dcniversitesi) [<a href=\"http:\/\/eresearch.ozyegin.edu.tr\/xmlui\/bitstream\/handle\/10679\/125\/21%20Y%c3%bczy%c4%b1l%20%c4%b0%c3%a7in%20%c4%b0stenen%20Gerekli%20K%c3%bct%c3%bcphaneci%20Becerileri.pdf?sequence=6\" target=\"_blank\">Sunum Tam Metin<\/a>]<\/td>\n<\/tr>\n<tr>\n<td><span class=\"stil1\">Tarih ve Saat<\/span><\/td>\n<td>10 Kas\u0131m 2010 \u00c7ar\u015famba Saat 15.00<\/td>\n<\/tr>\n<tr>\n<td><span class=\"stil1\">Yer<\/span><\/td>\n<td>Edebiyat Fak\u00fcltesi Tiyatro ve Konferans Salonu<\/td>\n<\/tr>\n<tr>\n<td><span class=\"stil1\">Not<\/span><\/td>\n<td>Konferans\/panel sonras\u0131nda kokteyl d\u00fczenlenecektir.<\/td>\n<\/tr>\n<\/tbody>\n<\/table>\n<table width=\"480\" border=\"1\" align=\"center\">\n<tbody>\n<tr>\n<td width=\"195\"><span class=\"stil1\">Konu<\/span><\/td>\n<td width=\"480\"><span class=\"style1\">Ara\u015ft\u0131rma ve \u00dcniversite K\u00fct\u00fcphanecili\u011fi <\/span><\/td>\n<\/tr>\n<tr>\n<td><span class=\"stil1\">Konu\u015fmac\u0131lar\u00a0<\/span><\/td>\n<td>Tuncel Acar (Milli K\u00fct\u00fcphane), Selma Aslan (TOBB \u00dcniversitesi K\u00fct\u00fcphanesi), Dr. Elif Aytek G\u00fcrses (ULAKB\u0130M &#8211; Cahit Arf Bilgi Merkezi), Ay\u015fen K\u00fcy\u00fck (Hacettepe \u00dcniversitesi K\u00fct\u00fcphanesi)<\/td>\n<\/tr>\n<tr>\n<td><span class=\"stil1\">Tarih ve Saat<\/span><\/td>\n<td>1 Aral\u0131k 2010 \u00c7ar\u015famba Saat 15.00<\/td>\n<\/tr>\n<tr>\n<td><span class=\"stil1\">Yer<\/span><\/td>\n<td>Prof. Dr. Tu\u011frul \u0130nal Tiyatro ve Konferans Salonu, Edebiyat Fak\u00fcltesi<\/td>\n<\/tr>\n<tr>\n<td><span class=\"stil1\">Not<\/span><\/td>\n<td>Konferans\/panel sonras\u0131nda kokteyl d\u00fczenlenecektir.<\/td>\n<\/tr>\n<\/tbody>\n<\/table>\n<table width=\"480\" border=\"1\" align=\"center\">\n<tbody>\n<tr>\n<td width=\"195\"><span class=\"stil1\">Konu<\/span><\/td>\n<td width=\"480\"><span class=\"style1\">T\u00fcrkiye\u2019de Halk K\u00fct\u00fcphanelerinden \u0130yi Uygulama \u00d6rnekleri <\/span><\/td>\n<\/tr>\n<tr>\n<td><span class=\"stil1\">Konu\u015fmac\u0131lar\u00a0<\/span><\/td>\n<td>\u0130smail Akman (Bart\u0131n \u0130l K\u00fclt\u00fcr ve Turizm M\u00fcd\u00fcrl\u00fc\u011f\u00fc), Suna Gercik (Ankara Adnan \u00d6t\u00fcken \u0130l Halk K\u00fct\u00fcphanesi), Vuslat G\u00fcler (Hacettepe BBY), Levent Polat \u0130stanbul \u015eemsipa\u015fa \u0130l\u00e7e Halk K\u00fct\u00fcphanesi)<\/td>\n<\/tr>\n<tr>\n<td><span class=\"stil1\">Tarih ve Saat<\/span><\/td>\n<td>15 Aral\u0131k 2010 \u00c7ar\u015famba Saat 15.00<\/td>\n<\/tr>\n<tr>\n<td><span class=\"stil1\">Yer<\/span><\/td>\n<td>Prof. Dr. Tu\u011frul \u0130nal Tiyatro ve Konferans Salonu, Edebiyat Fak\u00fcltesi<\/td>\n<\/tr>\n<tr>\n<td><span class=\"stil1\">Not<\/span><\/td>\n<td>Konferans\/panel sonras\u0131nda kokteyl d\u00fczenlenecektir.<\/td>\n<\/tr>\n<\/tbody>\n<\/table>\n<table width=\"480\" border=\"1\" align=\"center\">\n<tbody>\n<tr>\n<td width=\"195\"><span class=\"stil1\">Konu<\/span><\/td>\n<td width=\"480\"><span class=\"style1\">Kamu Kurum K\u00fct\u00fcphanecili\u011fi <\/span><\/td>\n<\/tr>\n<tr>\n<td><span class=\"stil1\">Konu\u015fmac\u0131lar\u00a0<\/span><\/td>\n<td>Dr. Tayfun G\u00fclle (\u0130GEME K\u00fct\u00fcphanesi), Dr. Nesrin \u0130nce (T.C. Merkez Bankas K\u00fct\u00fcphanesi), Zafer K\u0131z\u0131lkan (Rekabet Kurumu K\u00fct\u00fcphanesi)<\/td>\n<\/tr>\n<tr>\n<td><span class=\"stil1\">Tarih ve Saat<\/span><\/td>\n<td>5 Ocak 2011 \u00c7ar\u015famba Saat 15.00<\/td>\n<\/tr>\n<tr>\n<td><span class=\"stil1\">Yer<\/span><\/td>\n<td>Prof. Dr. Tu\u011frul \u0130nal Tiyatro ve Konferans Salonu, Edebiyat Fak\u00fcltesi<\/td>\n<\/tr>\n<tr>\n<td><span class=\"stil1\">Not<\/span><\/td>\n<td>Konferans\/panel sonras\u0131nda kokteyl d\u00fczenlenecektir.<\/td>\n<\/tr>\n<\/tbody>\n<\/table>\n<table width=\"480\" border=\"1\" align=\"center\">\n<tbody>\n<tr>\n<td width=\"195\"><span class=\"stil1\">Konu<\/span><\/td>\n<td width=\"480\"><span class=\"style1\">T\u00fcrkiye\u2019de \u00c7ocuk Edebiyat\u0131 ve Yay\u0131nc\u0131l\u0131\u011f\u0131 <\/span><\/td>\n<\/tr>\n<tr>\n<td><span class=\"stil1\">Konu\u015fmac\u0131lar\u00a0<\/span><\/td>\n<td>Prof. Dr. Sedat Sever (Ankara \u00dcniversitesi), Mine Soysal (G\u00fcn\u0131\u015f\u0131\u011f\u0131 Kitapl\u0131\u011f\u0131)<\/td>\n<\/tr>\n<tr>\n<td><span class=\"stil1\">Tarih ve Saat<\/span><\/td>\n<td>2 Mart 2011 \u00c7ar\u015famba Saat 15.00<\/td>\n<\/tr>\n<tr>\n<td><span class=\"stil1\">Yer<\/span><\/td>\n<td>Prof. Dr. Tu\u011frul \u0130nal Tiyatro ve Konferans Salonu, Edebiyat Fak\u00fcltesi<\/td>\n<\/tr>\n<tr>\n<td><span class=\"stil1\">Not<\/span><\/td>\n<td>Konferans\/panel sonras\u0131nda kokteyl d\u00fczenlenecektir.<\/td>\n<\/tr>\n<tr>\n<td><span class=\"stil1\">\u0130lgili Video<\/span><\/td>\n<td><a href=\"http:\/\/www.bbyhaber.com\/bbyblog\/2011\/02\/23\/cocuk-edebiyati-ve-kutuphaneler\/\" target=\"_blank\">\u00c7ocuk Edebiyat\u0131 ve K\u00fct\u00fcphaneler<\/a><\/td>\n<\/tr>\n<\/tbody>\n<\/table>\n<table width=\"480\" border=\"1\" align=\"center\">\n<tbody>\n<tr>\n<td width=\"195\"><span class=\"stil1\">Konu<\/span><\/td>\n<td width=\"480\"><span class=\"style1\">S\u00fcreli Yay\u0131n Al\u0131m ve Y\u00f6netim Teknikleri <\/span><\/td>\n<\/tr>\n<tr>\n<td><span class=\"stil1\">Konu\u015fmac\u0131lar\u00a0<\/span><\/td>\n<td>Nil\u00fcfer Saros, (EBSCO Information Services)<\/td>\n<\/tr>\n<tr>\n<td><span class=\"stil1\">Tarih ve Saat<\/span><\/td>\n<td>23 Mart 2011 \u00c7ar\u015famba Saat 15.00<\/td>\n<\/tr>\n<tr>\n<td><span class=\"stil1\">Yer<\/span><\/td>\n<td>Prof. Dr. Tu\u011frul \u0130nal Tiyatro ve Konferans Salonu, Edebiyat Fak\u00fcltesi<\/td>\n<\/tr>\n<tr>\n<td><span class=\"stil1\">Not<\/span><\/td>\n<td>Konferans\/panel sonras\u0131nda kokteyl d\u00fczenlenecektir.<\/td>\n<\/tr>\n<\/tbody>\n<\/table>\n<table width=\"480\" border=\"1\" align=\"center\">\n<tbody>\n<tr>\n<td width=\"195\"><span class=\"stil1\">Konu<\/span><\/td>\n<td width=\"480\"><span class=\"style1\">Her Y\u00f6n\u00fcyle ANKOS (Anadolu \u00dcniversite K\u00fct\u00fcphaneleri Konsorsiyumu) <\/span><\/td>\n<\/tr>\n<tr>\n<td><span class=\"stil1\">Konu\u015fmac\u0131lar\u00a0<\/span><\/td>\n<td>G\u00fcltekin G\u00fcrdal (ANKOS D\u00f6nem Ba\u015fkan\u0131)<\/td>\n<\/tr>\n<tr>\n<td><span class=\"stil1\">Tarih ve Saat<\/span><\/td>\n<td>20 Nisan 2011 \u00c7ar\u015famba Saat 15.00<\/td>\n<\/tr>\n<tr>\n<td><span class=\"stil1\">Yer<\/span><\/td>\n<td>Prof. Dr. Tu\u011frul \u0130nal Tiyatro ve Konferans Salonu, Edebiyat Fak\u00fcltesi<\/td>\n<\/tr>\n<tr>\n<td><span class=\"stil1\">Not<\/span><\/td>\n<td>Konferans\/panel sonras\u0131nda kokteyl d\u00fczenlenecektir.<\/td>\n<\/tr>\n<\/tbody>\n<\/table>\n<table width=\"480\" border=\"1\" align=\"center\">\n<tbody>\n<tr>\n<td width=\"195\"><span class=\"stil1\">Konu<\/span><\/td>\n<td width=\"480\"><span class=\"style1\">Bilgi Hizmetlerinde Veri Tabanlar\u0131 <\/span><\/td>\n<\/tr>\n<tr>\n<td><span class=\"stil1\">Konu\u015fmac\u0131lar\u00a0<\/span><\/td>\n<td>S\u0131tk\u0131 Akta\u015f (Springer), Tayfun Ba\u015fal (Elsevier), K\u0131van\u00e7 \u00c7\u0131nar (InformaScope), Erol G\u00f6kduman (EBSCO), Mehmet Haseki (Mikro Bilgi Kay\u0131t ve Da\u011f\u0131t\u0131m A.\u015e)<\/td>\n<\/tr>\n<tr>\n<td><span class=\"stil1\">Tarih ve Saat<\/span><\/td>\n<td>11 May\u0131s 2011 \u00c7ar\u015famba Saat 15.00<\/td>\n<\/tr>\n<tr>\n<td><span class=\"stil1\">Yer<\/span><\/td>\n<td>Prof. Dr. Tu\u011frul \u0130nal Tiyatro ve Konferans Salonu, Edebiyat Fak\u00fcltesi<\/td>\n<\/tr>\n<tr>\n<td><span class=\"stil1\">Not<\/span><\/td>\n<td>Konferans\/panel sonras\u0131nda kokteyl d\u00fczenlenecektir.<\/td>\n<\/tr>\n<\/tbody>\n<\/table>\n<p align=\"left\"><strong>Kaynak:\u00a0<\/strong> <a href=\"http:\/\/www.facebook.com\/pages\/H%C3%BCbil-Hacettepe-%C3%9Cniversitesi-Bilgi-Toplulu%C4%9Fu\/155808291126240?ref=ts\" target=\"_blank\">H\u00dcB\u0130L (Hacettepe \u00dcniversitesi Bilgi Toplulu\u011fu) Facebook Grubundan<\/a> ula\u015f\u0131lm\u0131\u015ft\u0131r<\/p>\n","protected":false},"excerpt":{"rendered":"<p>Hacettepe \u00dcniversitesi Bilgi ve Belge Y\u00f6netimi B\u00f6l\u00fcm\u00fc ve H.\u00dc. BBY Bilgi Toplulu\u011fu ile i\u015fbirli\u011fi i\u00e7inde 2010-2011 \u00d6\u011fretim Y\u0131l\u0131ndan itibaren &#8220;\u00c7ar\u015famba Toplant\u0131lar\u0131&#8221; ad\u0131 ve toplam 10 konu ba\u015fl\u0131\u011f\u0131 ile bir dizi konferans ve panel ger\u00e7ekle\u015ftirilmektedir. \u00c7e\u015fitli konularda d\u00fczenlenen bu konferans ve panellerle, \u00f6ncelikle, \u00f6\u011frencilerin mesle\u011fe ili\u015fkin bak\u0131\u015f a\u00e7\u0131lar\u0131n\u0131 geni\u015fletmeyi, mesleki geli\u015fme ve de\u011fi\u015fmeleri farkl\u0131 boyutlar\u0131yla, farkl\u0131 [&hellip;]<\/p>\n","protected":false},"author":1,"featured_media":0,"comment_status":"open","ping_status":"open","sticky":false,"template":"","format":"standard","meta":{"footnotes":""},"categories":[1489],"tags":[1413,1395,1088],"class_list":["post-1125","post","type-post","status-publish","format-standard","hentry","category-hacettepe-universitesi-bby-bilgi-toplulugu","tag-bby-bilgi-toplulugu-gruplari","tag-bby-mesleki-etkinlikler-arsivi","tag-gultekin-gurdal"],"_links":{"self":[{"href":"https:\/\/www.bbyhaber.com\/bby\/wp-json\/wp\/v2\/posts\/1125"}],"collection":[{"href":"https:\/\/www.bbyhaber.com\/bby\/wp-json\/wp\/v2\/posts"}],"about":[{"href":"https:\/\/www.bbyhaber.com\/bby\/wp-json\/wp\/v2\/types\/post"}],"author":[{"embeddable":true,"href":"https:\/\/www.bbyhaber.com\/bby\/wp-json\/wp\/v2\/users\/1"}],"replies":[{"embeddable":true,"href":"https:\/\/www.bbyhaber.com\/bby\/wp-json\/wp\/v2\/comments?post=1125"}],"version-history":[{"count":1,"href":"https:\/\/www.bbyhaber.com\/bby\/wp-json\/wp\/v2\/posts\/1125\/revisions"}],"predecessor-version":[{"id":25283,"href":"https:\/\/www.bbyhaber.com\/bby\/wp-json\/wp\/v2\/posts\/1125\/revisions\/25283"}],"wp:attachment":[{"href":"https:\/\/www.bbyhaber.com\/bby\/wp-json\/wp\/v2\/media?parent=1125"}],"wp:term":[{"taxonomy":"category","embeddable":true,"href":"https:\/\/www.bbyhaber.com\/bby\/wp-json\/wp\/v2\/categories?post=1125"},{"taxonomy":"post_tag","embeddable":true,"href":"https:\/\/www.bbyhaber.com\/bby\/wp-json\/wp\/v2\/tags?post=1125"}],"curies":[{"name":"wp","href":"https:\/\/api.w.org\/{rel}","templated":true}]}}