{"id":11235,"date":"2013-06-14T10:33:22","date_gmt":"2013-06-14T07:33:22","guid":{"rendered":"http:\/\/www.bbyhaber.com\/bby\/?p=11235"},"modified":"2013-06-14T10:33:49","modified_gmt":"2013-06-14T07:33:49","slug":"gezi-parki%e2%80%99nin-arkasinda-dijitallesme","status":"publish","type":"post","link":"https:\/\/www.bbyhaber.com\/bby\/2013\/06\/14\/gezi-parki%e2%80%99nin-arkasinda-dijitallesme","title":{"rendered":"Gezi Park\u0131\u2019n\u0131n arkas\u0131nda dijitalle\u015fme"},"content":{"rendered":"<p style=\"text-align: justify;\"><img loading=\"lazy\" decoding=\"async\" class=\"alignleft\" src=\"http:\/\/www.edebiyathaber.net\/wp-content\/uploads\/2013\/06\/ataturkkitapligi-300x208.jpg\" alt=\"\" width=\"240\" height=\"155\" \/>Taksim\u2019deki Atat\u00fcrk Kitapl\u0131\u011f\u0131 2014\u2019te tamamlanmas\u0131 hedeflenen dijitalle\u015fme at\u0131l\u0131m\u0131yla Osmanl\u0131ca kitaplar\u0131 internet ortam\u0131na ta\u015f\u0131yor. Bu projeyle Abdullah Cevdet\u2019ten Fuat K\u00f6pr\u00fcl\u00fc\u2019ye, Fatma Aliye Han\u0131m\u2019dan Mehmet Akif Ersoy\u2019a bir\u00e7ok yazar\u0131n eski dildeki eserlerine internet \u00fczerinden ula\u015fmak m\u00fcmk\u00fcn olacak. T\u00fcrkiye\u2019nin g\u00fcndemine oturan Gezi Park\u0131\u2019n\u0131n hemen arkas\u0131nda bulunan Atat\u00fcrk Kitapl\u0131\u011f\u0131\u2019nda son g\u00fcnlerde hummal\u0131 bir \u00e7al\u0131\u015fma y\u00fcr\u00fct\u00fcl\u00fcyor. Bu kapsamda Osmanl\u0131ca eserler dijital ortama ta\u015f\u0131n\u0131yor. 2014\u2019te tamamlanmas\u0131 \u00f6ng\u00f6r\u00fclen projeyle kitapl\u0131\u011f\u0131n internet sitesi \u00fczerinden; <!--more-->Osmanl\u0131ca dergi, kitap, gazete, el yazmas\u0131, bilim, k\u00fclt\u00fcr-sanat ve daha pek \u00e7ok alandaki eserlere d\u00fcnyan\u0131n her yerinden ula\u015fmak m\u00fcmk\u00fcn olacak. Atat\u00fcrk Kitapl\u0131\u011f\u0131\u2019n\u0131n ba\u011fl\u0131 oldu\u011fu K\u00fct\u00fcphaneler ve M\u00fczeler M\u00fcd\u00fcr\u00fc Ramazan Minder ve dijitalle\u015fme projesinin ba\u015f\u0131ndaki Sel\u00e7uk Ayd\u0131n, Atat\u00fcrk Kitapl\u0131\u011f\u0131 ve kitapl\u0131kta s\u00fcren \u201cdijital devrim\u201d niteli\u011findeki projeyi ilk kez Ak\u015fam gazetesine anlatt\u0131.<\/p>\n<p style=\"text-align: justify;\"><strong>650 bin kitap<\/strong><br \/>\nAtat\u00fcrk Kitapl\u0131\u011f\u0131 ile birlikte \u015fubelerimizde toplam 650 bin civar\u0131nda kitab\u0131m\u0131z var. Son y\u0131llarda \u0130stanbul B\u00fcy\u00fck\u015fehir Belediyesi\u2019ne ba\u011fl\u0131 M\u00fczeler ve K\u00fct\u00fcphaneler M\u00fcd\u00fcrl\u00fc\u011f\u00fc olarak k\u00fct\u00fcphane say\u0131s\u0131n\u0131 art\u0131rmaya ba\u015flad\u0131k. Her a\u00e7t\u0131\u011f\u0131m\u0131z yeni k\u00fct\u00fcphane okuyucuyla bulu\u015ftu. Hi\u00e7bir k\u00fct\u00fcphanemizde okuyucu s\u0131k\u0131nt\u0131m\u0131z yok. Her k\u00fct\u00fcphanemizin ortalama 5 bin \u00fcyesi var.<\/p>\n<p style=\"text-align: justify;\"><strong>Restorahane<\/strong><br \/>\nKitapl\u0131\u011f\u0131m\u0131zda restorasyon at\u00f6lyemiz var. Biz bu at\u00f6lyede bozulmu\u015f, rutubetlenmi\u015f gazete ve el yazmas\u0131 eserlerimizi itinayla restore ediyoruz. Ayn\u0131 zamanda uluslararas\u0131 standartlarda \u00f6zel bir kitap deposuna sahibiz. Gazl\u0131 yang\u0131n s\u00f6nd\u00fcrme sisteminden tutun da iklimlendirme sistemine kadar pek \u00e7ok detay d\u00fc\u015f\u00fcn\u00fcld\u00fc ve ona g\u00f6re tasarland\u0131.<\/p>\n<p style=\"text-align: justify;\"><strong>M\u00fcdavimler<\/strong><br \/>\nKitapl\u0131\u011f\u0131m\u0131zdan faydalanan isimler aras\u0131nda; Do\u011fan H\u0131zlan, F\u0131rat Bali, Turgut Kut ve daha pek \u00e7ok isim var. Taha Akyol da \u201cRumeliye Elveda Belgeseli\u201dni haz\u0131rlarken kaynaklar\u0131m\u0131zdan faydaland\u0131.<\/p>\n<p style=\"text-align: justify;\"><strong>\u0130bni Sina\u2019n\u0131n kitab\u0131 bir t\u0131k uzakta<\/strong><br \/>\nDijitalle\u015fme s\u00fcrecinin koordinat\u00f6rl\u00fc\u011f\u00fcn\u00fc \u00fcstlenen Sel\u00e7uk Ayd\u0131n, proje kapsam\u0131nda Avrupa\u2019da bas\u0131lm\u0131\u015f ilk Osmanl\u0131ca kitaplardan olan 1593 tarihli \u0130bni Sina\u2019n\u0131n \u201cel-Kanun fi\u2019t-T\u0131b\u201d kitab\u0131 ile Nas\u0131r\u00fcddin et-Tusi\u2019nin 1594 tarihinde Roma\u2019da bas\u0131lm\u0131\u015f olan eseri \u201cKitab Tahrir Usul li-Oklides\u201din say\u0131sal ortama aktar\u0131laca\u011f\u0131n\u0131 s\u00f6yl\u00fcyor. Bunlar\u0131n yan\u0131 s\u0131ra Abdullah Cevdet, Ahmet Mithat, Ali Suat, Fuat K\u00f6pr\u00fcl\u00fc, Hasan Ali Y\u00fccel, Mehmet Akif Ersoy, Osman Nuri Ergin, Ru\u015fen E\u015fref, Fatma Aliye Han\u0131m ve Fahrettin Kerim G\u00f6kay gibi Osmanl\u0131 bas\u0131n ve yaz\u0131n hayat\u0131n\u0131n \u00f6nemli isimlerinin eserleri de dijital ortama aktar\u0131larak bilim ve ara\u015ft\u0131rma d\u00fcnyas\u0131n\u0131n hizmetine sunulacak.<\/p>\n<p style=\"text-align: justify;\"><strong>Melling\u2019in grav\u00fcrleri<\/strong><br \/>\nKitapl\u0131\u011f\u0131n nadide eserlerinden biri de \u00fcnl\u00fc mimar Anton Ignaz Melling\u2019e ait. Melling\u2019in \u00e7izdi\u011fi grav\u00fcrlerin pek \u00e7o\u011fu bu kitaptan kopyalanm\u0131\u015f. II. Mahmut D\u00f6nemi\u2019nde \u0130stanbul\u2019da bulunan ve peyzaj ve mimari \u00e7al\u0131\u015fmalar yapan Melling, Latin alfabesiyle I. Selim\u2019in k\u0131z\u0131 Hatice Sultan\u2019la mektupla\u015fm\u0131\u015ft\u0131.<\/p>\n<p style=\"text-align: justify;\"><strong>Osmanl\u0131\u2019daki ilk gazete<\/strong><br \/>\nKurum 90\u2019\u0131nc\u0131 kurulu\u015f y\u0131ld\u00f6n\u00fcm\u00fcnde \u00f6zel bir kitap yay\u0131mlayacak. Bu kitap 90 y\u0131ll\u0131k tarihi bir belgesel niteli\u011finde olacak. Kitapl\u0131\u011f\u0131n envanterinde Osmanl\u0131\u2019da yay\u0131mlanan ilk gazete olan Takvim-i Vekayi\u2019nin orijinal n\u00fcshalar\u0131 da bulunuyor.<\/p>\n<p style=\"text-align: justify;\">Kaynak: http:\/\/www.edebiyathaber.net<\/p>\n","protected":false},"excerpt":{"rendered":"<p>Taksim\u2019deki Atat\u00fcrk Kitapl\u0131\u011f\u0131 2014\u2019te tamamlanmas\u0131 hedeflenen dijitalle\u015fme at\u0131l\u0131m\u0131yla Osmanl\u0131ca kitaplar\u0131 internet ortam\u0131na ta\u015f\u0131yor. Bu projeyle Abdullah Cevdet\u2019ten Fuat K\u00f6pr\u00fcl\u00fc\u2019ye, Fatma Aliye Han\u0131m\u2019dan Mehmet Akif Ersoy\u2019a bir\u00e7ok yazar\u0131n eski dildeki eserlerine internet \u00fczerinden ula\u015fmak m\u00fcmk\u00fcn olacak. T\u00fcrkiye\u2019nin g\u00fcndemine oturan Gezi Park\u0131\u2019n\u0131n hemen arkas\u0131nda bulunan Atat\u00fcrk Kitapl\u0131\u011f\u0131\u2019nda son g\u00fcnlerde hummal\u0131 bir \u00e7al\u0131\u015fma y\u00fcr\u00fct\u00fcl\u00fcyor. Bu kapsamda Osmanl\u0131ca eserler [&hellip;]<\/p>\n","protected":false},"author":1,"featured_media":0,"comment_status":"open","ping_status":"open","sticky":false,"template":"","format":"standard","meta":{"footnotes":""},"categories":[1558,1479,1],"tags":[],"class_list":["post-11235","post","type-post","status-publish","format-standard","hentry","category-dijital-arsivleme","category-dijital-kopyalama","category-genel"],"_links":{"self":[{"href":"https:\/\/www.bbyhaber.com\/bby\/wp-json\/wp\/v2\/posts\/11235"}],"collection":[{"href":"https:\/\/www.bbyhaber.com\/bby\/wp-json\/wp\/v2\/posts"}],"about":[{"href":"https:\/\/www.bbyhaber.com\/bby\/wp-json\/wp\/v2\/types\/post"}],"author":[{"embeddable":true,"href":"https:\/\/www.bbyhaber.com\/bby\/wp-json\/wp\/v2\/users\/1"}],"replies":[{"embeddable":true,"href":"https:\/\/www.bbyhaber.com\/bby\/wp-json\/wp\/v2\/comments?post=11235"}],"version-history":[{"count":0,"href":"https:\/\/www.bbyhaber.com\/bby\/wp-json\/wp\/v2\/posts\/11235\/revisions"}],"wp:attachment":[{"href":"https:\/\/www.bbyhaber.com\/bby\/wp-json\/wp\/v2\/media?parent=11235"}],"wp:term":[{"taxonomy":"category","embeddable":true,"href":"https:\/\/www.bbyhaber.com\/bby\/wp-json\/wp\/v2\/categories?post=11235"},{"taxonomy":"post_tag","embeddable":true,"href":"https:\/\/www.bbyhaber.com\/bby\/wp-json\/wp\/v2\/tags?post=11235"}],"curies":[{"name":"wp","href":"https:\/\/api.w.org\/{rel}","templated":true}]}}