{"id":11231,"date":"2013-06-14T08:55:06","date_gmt":"2013-06-14T05:55:06","guid":{"rendered":"http:\/\/www.bbyhaber.com\/bby\/?p=11231"},"modified":"2013-06-14T08:58:55","modified_gmt":"2013-06-14T05:58:55","slug":"bakan-simsekten-kutuphane-acilisi-batman","status":"publish","type":"post","link":"https:\/\/www.bbyhaber.com\/bby\/2013\/06\/14\/bakan-simsekten-kutuphane-acilisi-batman","title":{"rendered":"Bakan \u015eim\u015fek&#8217;ten K\u00fct\u00fcphane A\u00e7\u0131l\u0131\u015f\u0131-Batman"},"content":{"rendered":"<p style=\"text-align: justify;\">Bir dizi incelemelerde bulunmak amac\u0131yla Batman&#8217;a gelen Maliye Bakan\u0131 Mehmet \u015eim\u015fek, kendi ad\u0131n\u0131 ta\u015f\u0131yan Mehmet \u015eim\u015fek Anadolu \u0130mam Hatip Lisesinin k\u00fct\u00fcphanesinin a\u00e7\u0131l\u0131\u015f\u0131n\u0131 yapt\u0131.A\u00e7\u0131l\u0131\u015fa Vali Y\u0131lmaz Arslan, \u0130l Milli E\u011fitim M\u00fcd\u00fcr\u00fc \u015eerif Akbo\u011fa, \u0130l Emniyet M\u00fcd\u00fcr\u00fc Hasan Ali Okan, yetkililer kat\u0131ld\u0131.K\u00fct\u00fcphane a\u00e7\u0131\u015f\u0131ndaki kurdeleyi Bakan \u015eim\u015fek, Vali Arslan, Milli e\u011fitim M\u00fcd\u00fcr\u00fc Akbo\u011fa ve beraberindeki \u00f6\u011frenciler kesti.<!--more--><\/p>\n<p style=\"text-align: justify;\">K\u00fct\u00fcphanenin \u00f6\u011frenciler i\u00e7in hay\u0131rl\u0131 olmas\u0131n\u0131 dileyen \u015eim\u015fek, &#8220;Son geli\u015fimde bir k\u00fct\u00fcphane projesi vard\u0131 ve tamamlanm\u0131\u015f. \u0130n\u015fallah bu k\u00fct\u00fcphane hay\u0131rlara vesile olur. Tabi ki, kitap hakikaten \u00e7ok \u00f6nemlidir. Ben de kitap toplamay\u0131 ve okumay\u0131 \u00e7ok severim. Art\u0131k neredeyse evde kitap koyacak yer kalmad\u0131. \u0130n\u015fallah bir dahaki d\u00f6n\u00fc\u015f\u00fcmde buraya kitap ba\u011f\u0131\u015f\u0131nda bulunaca\u011f\u0131m. Ger\u00e7ekten g\u00fczel bir hizmet ve son geli\u015fimden bu yana okulda da bir tak\u0131m iyile\u015fmeler g\u00f6z\u00fcme \u00e7arpt\u0131&#8221; dedi. \u015eim\u015fek ve beraberindekiler, k\u00fct\u00fcphaneyi gezerek kitaplar\u0131 inceledi.<\/p>\n<p style=\"text-align: justify;\">Kaynak:http:\/\/www.batmangazetesi.com<\/p>\n","protected":false},"excerpt":{"rendered":"<p>Bir dizi incelemelerde bulunmak amac\u0131yla Batman&#8217;a gelen Maliye Bakan\u0131 Mehmet \u015eim\u015fek, kendi ad\u0131n\u0131 ta\u015f\u0131yan Mehmet \u015eim\u015fek Anadolu \u0130mam Hatip Lisesinin k\u00fct\u00fcphanesinin a\u00e7\u0131l\u0131\u015f\u0131n\u0131 yapt\u0131.A\u00e7\u0131l\u0131\u015fa Vali Y\u0131lmaz Arslan, \u0130l Milli E\u011fitim M\u00fcd\u00fcr\u00fc \u015eerif Akbo\u011fa, \u0130l Emniyet M\u00fcd\u00fcr\u00fc Hasan Ali Okan, yetkililer kat\u0131ld\u0131.K\u00fct\u00fcphane a\u00e7\u0131\u015f\u0131ndaki kurdeleyi Bakan \u015eim\u015fek, Vali Arslan, Milli e\u011fitim M\u00fcd\u00fcr\u00fc Akbo\u011fa ve beraberindeki \u00f6\u011frenciler kesti.<\/p>\n","protected":false},"author":1,"featured_media":0,"comment_status":"open","ping_status":"open","sticky":false,"template":"","format":"standard","meta":{"footnotes":""},"categories":[1],"tags":[845],"class_list":["post-11231","post","type-post","status-publish","format-standard","hentry","category-genel","tag-okul-kutuphaneleri"],"_links":{"self":[{"href":"https:\/\/www.bbyhaber.com\/bby\/wp-json\/wp\/v2\/posts\/11231"}],"collection":[{"href":"https:\/\/www.bbyhaber.com\/bby\/wp-json\/wp\/v2\/posts"}],"about":[{"href":"https:\/\/www.bbyhaber.com\/bby\/wp-json\/wp\/v2\/types\/post"}],"author":[{"embeddable":true,"href":"https:\/\/www.bbyhaber.com\/bby\/wp-json\/wp\/v2\/users\/1"}],"replies":[{"embeddable":true,"href":"https:\/\/www.bbyhaber.com\/bby\/wp-json\/wp\/v2\/comments?post=11231"}],"version-history":[{"count":0,"href":"https:\/\/www.bbyhaber.com\/bby\/wp-json\/wp\/v2\/posts\/11231\/revisions"}],"wp:attachment":[{"href":"https:\/\/www.bbyhaber.com\/bby\/wp-json\/wp\/v2\/media?parent=11231"}],"wp:term":[{"taxonomy":"category","embeddable":true,"href":"https:\/\/www.bbyhaber.com\/bby\/wp-json\/wp\/v2\/categories?post=11231"},{"taxonomy":"post_tag","embeddable":true,"href":"https:\/\/www.bbyhaber.com\/bby\/wp-json\/wp\/v2\/tags?post=11231"}],"curies":[{"name":"wp","href":"https:\/\/api.w.org\/{rel}","templated":true}]}}