{"id":11224,"date":"2013-07-19T09:47:16","date_gmt":"2013-07-19T06:47:16","guid":{"rendered":"http:\/\/www.bbyhaber.com\/bby\/?p=11224"},"modified":"2013-11-27T17:23:55","modified_gmt":"2013-11-27T15:23:55","slug":"turk-kutuphaneciligi-cilt-27-sayi-1-ve-sayi-2-2013","status":"publish","type":"post","link":"https:\/\/www.bbyhaber.com\/bby\/2013\/07\/19\/turk-kutuphaneciligi-cilt-27-sayi-1-ve-sayi-2-2013","title":{"rendered":"T\u00fcrk K\u00fct\u00fcphanecili\u011fi: Cilt 27, Say\u0131 1 ve Say\u0131 2 (2013)"},"content":{"rendered":"<p style=\"text-align: justify;\"><a href=\"http:\/\/www.bbyhaber.com\/bby\/wp-content\/uploads\/bby-dernek-logolar\/turk-kutuphaneciligi-dergi-kapagi.jpg\"><img loading=\"lazy\" decoding=\"async\" class=\"alignleft size-thumbnail wp-image-5238\" title=\"turk-kutuphaneciligi-dergi-kapagi\" src=\"http:\/\/www.bbyhaber.com\/bby\/wp-content\/uploads\/bby-dernek-logolar\/turk-kutuphaneciligi-dergi-kapagi.jpg\" alt=\"\" width=\"150\" height=\"107\" \/><\/a>T\u00fcrk K\u00fct\u00fcphanecili\u011fi dergisinin <span style=\"color: #0000ff;\"><strong>2013<\/strong><\/span> y\u0131l\u0131 <span style=\"color: #0000ff;\"><strong>birinci<\/strong><\/span> ve <span style=\"color: #0000ff;\"><strong>ikinci say\u0131lar\u0131<\/strong><\/span> yay\u0131mlanm\u0131\u015ft\u0131r. Dergi i\u00e7erisindeki makalelere eri\u015fmek i\u00e7in l\u00fctfen <a href=\"http:\/\/www.tk.org.tr\/index.php\/TK\" target=\"_blank\">t\u0131klay\u0131n\u0131z.<\/a><!--more--><\/p>\n","protected":false},"excerpt":{"rendered":"<p>T\u00fcrk K\u00fct\u00fcphanecili\u011fi dergisinin 2013 y\u0131l\u0131 birinci ve ikinci say\u0131lar\u0131 yay\u0131mlanm\u0131\u015ft\u0131r. Dergi i\u00e7erisindeki makalelere eri\u015fmek i\u00e7in l\u00fctfen t\u0131klay\u0131n\u0131z.<\/p>\n","protected":false},"author":1,"featured_media":0,"comment_status":"open","ping_status":"open","sticky":false,"template":"","format":"standard","meta":{"footnotes":""},"categories":[],"tags":[1416],"class_list":["post-11224","post","type-post","status-publish","format-standard","hentry","tag-turk-kutuphaneciligi"],"_links":{"self":[{"href":"https:\/\/www.bbyhaber.com\/bby\/wp-json\/wp\/v2\/posts\/11224"}],"collection":[{"href":"https:\/\/www.bbyhaber.com\/bby\/wp-json\/wp\/v2\/posts"}],"about":[{"href":"https:\/\/www.bbyhaber.com\/bby\/wp-json\/wp\/v2\/types\/post"}],"author":[{"embeddable":true,"href":"https:\/\/www.bbyhaber.com\/bby\/wp-json\/wp\/v2\/users\/1"}],"replies":[{"embeddable":true,"href":"https:\/\/www.bbyhaber.com\/bby\/wp-json\/wp\/v2\/comments?post=11224"}],"version-history":[{"count":0,"href":"https:\/\/www.bbyhaber.com\/bby\/wp-json\/wp\/v2\/posts\/11224\/revisions"}],"wp:attachment":[{"href":"https:\/\/www.bbyhaber.com\/bby\/wp-json\/wp\/v2\/media?parent=11224"}],"wp:term":[{"taxonomy":"category","embeddable":true,"href":"https:\/\/www.bbyhaber.com\/bby\/wp-json\/wp\/v2\/categories?post=11224"},{"taxonomy":"post_tag","embeddable":true,"href":"https:\/\/www.bbyhaber.com\/bby\/wp-json\/wp\/v2\/tags?post=11224"}],"curies":[{"name":"wp","href":"https:\/\/api.w.org\/{rel}","templated":true}]}}