{"id":11221,"date":"2013-06-12T17:58:32","date_gmt":"2013-06-12T14:58:32","guid":{"rendered":"http:\/\/www.bbyhaber.com\/bby\/?p=11221"},"modified":"2013-06-12T17:58:58","modified_gmt":"2013-06-12T14:58:58","slug":"marmara-universitesi-ogrencileri-igdirda-kutuphane-acti","status":"publish","type":"post","link":"https:\/\/www.bbyhaber.com\/bby\/2013\/06\/12\/marmara-universitesi-ogrencileri-igdirda-kutuphane-acti","title":{"rendered":"Marmara \u00dcniversitesi \u00d6\u011frencileri I\u011fd\u0131r&#8217;da K\u00fct\u00fcphane A\u00e7t\u0131"},"content":{"rendered":"<p style=\"text-align: justify;\">Marmara \u00dcniversitesi Marmara Gen\u00e7 Vizyon Kul\u00fcb\u00fc \u00f6\u011frencileri taraf\u0131ndan haz\u0131rlanan &#8220;Bir Kitap Bin Umuttur&#8221; Projesi kapsam\u0131nda, I\u011fd\u0131r&#8217;\u0131n Karakuyu K\u00f6y\u00fc \u0130lk\u00f6\u011fretim Okuluna k\u00fct\u00fcphane a\u00e7\u0131ld\u0131. K\u00fct\u00fcphanenin a\u00e7\u0131l\u0131\u015f\u0131 nedeniyle k\u00f6yde d\u00fczenlenen t\u00f6rene, Vali Ahmet Pek, Jandarma Komutan\u0131 Jandarma Albay Erdem Y\u0131lmaz, Emniyet M\u00fcd\u00fcr\u00fc \u0130brahim Karada\u011f, \u0130l Milli E\u011fitim M\u00fcd\u00fcr\u00fc Din\u00e7er Ate\u015f ve milli e\u011fitim \u015fube m\u00fcd\u00fcrleri kat\u0131ld\u0131.<!--more--><\/p>\n<p style=\"text-align: justify;\">Pek, burada yapt\u0131\u011f\u0131 konu\u015fmada, \u015fehir ile k\u00f6yde k\u00fct\u00fcphanenin a\u00e7\u0131lmas\u0131n\u0131n aras\u0131nda b\u00fcy\u00fck farkl\u0131l\u0131klar oldu\u011funu s\u00f6yledi. K\u00f6y okullar\u0131nda k\u00fct\u00fcphanelerin olu\u015fturulmas\u0131n\u0131n e\u011fitim i\u00e7in ayr\u0131 bir \u00f6nem ta\u015f\u0131d\u0131\u011f\u0131n\u0131 belirten Pek, &#8220;Bundan ders \u00e7\u0131karmam\u0131z laz\u0131m. Bizler de bu konuda duyarl\u0131 olal\u0131m. \u00c7ocuklar\u0131m\u0131z bu kitaplardan faydalans\u0131n. \u00c7ocuklar\u0131m\u0131z bu kitaplardan faydalan\u0131rsa, bilin\u00e7li gen\u00e7lik yeti\u015fecektir. Marmara \u00dcniversitesi Marmara Gen\u00e7 Vizyon Kul\u00fcb\u00fc \u00f6\u011frencilerine te\u015fekk\u00fcr ediyorum&#8221; diye konu\u015ftu.<\/p>\n<p>Kaynak: http:\/\/www.haberler.com<\/p>\n","protected":false},"excerpt":{"rendered":"<p>Marmara \u00dcniversitesi Marmara Gen\u00e7 Vizyon Kul\u00fcb\u00fc \u00f6\u011frencileri taraf\u0131ndan haz\u0131rlanan &#8220;Bir Kitap Bin Umuttur&#8221; Projesi kapsam\u0131nda, I\u011fd\u0131r&#8217;\u0131n Karakuyu K\u00f6y\u00fc \u0130lk\u00f6\u011fretim Okuluna k\u00fct\u00fcphane a\u00e7\u0131ld\u0131. K\u00fct\u00fcphanenin a\u00e7\u0131l\u0131\u015f\u0131 nedeniyle k\u00f6yde d\u00fczenlenen t\u00f6rene, Vali Ahmet Pek, Jandarma Komutan\u0131 Jandarma Albay Erdem Y\u0131lmaz, Emniyet M\u00fcd\u00fcr\u00fc \u0130brahim Karada\u011f, \u0130l Milli E\u011fitim M\u00fcd\u00fcr\u00fc Din\u00e7er Ate\u015f ve milli e\u011fitim \u015fube m\u00fcd\u00fcrleri kat\u0131ld\u0131.<\/p>\n","protected":false},"author":1,"featured_media":0,"comment_status":"open","ping_status":"open","sticky":false,"template":"","format":"standard","meta":{"footnotes":""},"categories":[1,1498],"tags":[845],"class_list":["post-11221","post","type-post","status-publish","format-standard","hentry","category-genel","category-koy-kutuphaneleri","tag-okul-kutuphaneleri"],"_links":{"self":[{"href":"https:\/\/www.bbyhaber.com\/bby\/wp-json\/wp\/v2\/posts\/11221"}],"collection":[{"href":"https:\/\/www.bbyhaber.com\/bby\/wp-json\/wp\/v2\/posts"}],"about":[{"href":"https:\/\/www.bbyhaber.com\/bby\/wp-json\/wp\/v2\/types\/post"}],"author":[{"embeddable":true,"href":"https:\/\/www.bbyhaber.com\/bby\/wp-json\/wp\/v2\/users\/1"}],"replies":[{"embeddable":true,"href":"https:\/\/www.bbyhaber.com\/bby\/wp-json\/wp\/v2\/comments?post=11221"}],"version-history":[{"count":0,"href":"https:\/\/www.bbyhaber.com\/bby\/wp-json\/wp\/v2\/posts\/11221\/revisions"}],"wp:attachment":[{"href":"https:\/\/www.bbyhaber.com\/bby\/wp-json\/wp\/v2\/media?parent=11221"}],"wp:term":[{"taxonomy":"category","embeddable":true,"href":"https:\/\/www.bbyhaber.com\/bby\/wp-json\/wp\/v2\/categories?post=11221"},{"taxonomy":"post_tag","embeddable":true,"href":"https:\/\/www.bbyhaber.com\/bby\/wp-json\/wp\/v2\/tags?post=11221"}],"curies":[{"name":"wp","href":"https:\/\/api.w.org\/{rel}","templated":true}]}}