{"id":1121,"date":"2010-12-19T16:54:31","date_gmt":"2010-12-19T16:54:31","guid":{"rendered":"http:\/\/www.bbyhaber.com\/bby\/?p=1121"},"modified":"2012-03-19T11:06:47","modified_gmt":"2012-03-19T11:06:47","slug":"ilkogretim-okulu-ogretmeninden-ornek-uygulama","status":"publish","type":"post","link":"https:\/\/www.bbyhaber.com\/bby\/2010\/12\/19\/ilkogretim-okulu-ogretmeninden-ornek-uygulama","title":{"rendered":"\u0130lk\u00f6\u011fretim Okulu \u00d6\u011fretmeninden \u00d6rnek Uygulama"},"content":{"rendered":"<p style=\"text-align: justify;\" align=\"justify\">Sakarya&#8217;n\u0131n Adapazar\u0131 il\u00e7esinde ilk\u00f6\u011fretim okulu \u00f6\u011fretmeninin okuma al\u0131\u015fkanl\u0131\u011f\u0131 kazand\u0131rmak amac\u0131yla ba\u015flatt\u0131\u011f\u0131, \u00f6\u011frenci ve velilerle birlikte kitap okuma uygulamas\u0131 K\u00fclt\u00fcr ve Turizm Bakanl\u0131\u011f\u0131nca belgesele d\u00f6n\u00fc\u015ft\u00fcr\u00fclecek. Dr. Nuri Bayar \u0130lk\u00f6\u011fretim Okulu \u00d6\u011fretmeni M\u00fcrvet Ceylan&#8217;\u0131n Sakarya \u0130l Halk K\u00fct\u00fcphanesi&#8217;ne \u00fcye yapt\u0131\u011f\u0131 veliler ayda iki g\u00fcn k\u00fct\u00fcphaneye giderek iki saat boyunca \u00e7ocuklar\u0131yla birlikte kitap okuyor. K\u00fclt\u00fcr ve Turizm Bakanl\u0131\u011f\u0131n\u0131n &#8216;S\u0131rad\u0131\u015f\u0131 Okuma Al\u0131\u015fkanl\u0131\u011f\u0131 Projesi&#8217; kapsam\u0131na ald\u0131\u011f\u0131 belirtilen uygulaman\u0131n belgesele d\u00f6n\u00fc\u015ft\u00fcr\u00fclmesi i\u00e7in Sakarya, Eski\u015fehir, \u0130zmir, Kayseri ve Manisa&#8217;da \u00e7al\u0131\u015fmalara ba\u015fland\u0131\u011f\u0131 kaydedildi.<!--more--><\/p>\n<p style=\"text-align: justify;\" align=\"justify\">Filmin 2011 y\u0131l\u0131ndaki K\u00fct\u00fcphane Haftas\u0131&#8217;na kadar yeti\u015ftirilece\u011fi ve 28 Mart 2011&#8217;de Ankara&#8217;da yap\u0131lacak bir t\u00f6renle tan\u0131t\u0131laca\u011f\u0131 ifade edildi. 30 dakika uzunlu\u011funda \u00e7ekilecek olan film, toplumun kitap okuma al\u0131\u015fkanl\u0131\u011f\u0131n\u0131 kazanmas\u0131 i\u00e7in te\u015fvik edici program olarak ulusal televizyon kanallar\u0131nda yay\u0131na girecek. \u0130lk\u00f6\u011fretim okulu \u00f6\u011fretmeni Ceylan, konuyla ilgili yapt\u0131\u011f\u0131 a\u00e7\u0131klamada, halk aras\u0131nda havlu ve alt\u0131n g\u00fcn\u00fc gibi g\u00fcnler d\u00fczenlendi\u011fini belirterek, kendisinin de bundan ilham alarak kitap okumak i\u00e7in benzer bir etkinlik d\u00fczenlemeyi d\u00fc\u015f\u00fcnd\u00fc\u011f\u00fcn\u00fc s\u00f6yledi.<\/p>\n<p style=\"text-align: justify;\" align=\"justify\">Veliler ve \u00f6\u011frencilerle birlikte kitap okuma karar\u0131 ald\u0131klar\u0131n\u0131 belirten Ceylan, &#8216;\u0130l Halk K\u00fct\u00fcphanesi&#8217;nden kitap almak i\u00e7in ba\u015fvurduk. 15 g\u00fcnde bir kitap de\u011fi\u015fimi olaca\u011f\u0131 s\u00f6ylendi ve burada bulunan salonda kitap okumam\u0131z i\u00e7in imkan verildi. Biz de 15 g\u00fcnde bir ders \u00e7\u0131k\u0131\u015f\u0131 burada toplan\u0131p, 14.00 ve 16.00 saatleri aras\u0131nda kitap okuyoruz. \u00d6\u011frencilerde kitap okuma al\u0131\u015fkanl\u0131\u011f\u0131 vard\u0131. Biraz daha okumalar\u0131n\u0131 geli\u015ftirsinler istedik. Velileri de bu i\u015fin i\u00e7ine kat\u0131nca ba\u015far\u0131l\u0131 olaca\u011f\u0131m\u0131za inan\u0131yoruz&#8217; dedi.<\/p>\n<p style=\"text-align: justify;\" align=\"justify\">K\u00fct\u00fcphane m\u00fcd\u00fcr\u00fc Re\u015fat \u00d6z\u00e7ay\u0131r ise her y\u0131l mart ay\u0131n\u0131n son haftas\u0131nda kutlanan K\u00fct\u00fcphane Haftas\u0131 nedeniyle \u00e7e\u015fitli illerde s\u0131ra d\u0131\u015f\u0131 okullar tespit edildi\u011fini ve o okullarda \u00e7ekimler yap\u0131ld\u0131\u011f\u0131n\u0131 kaydederek, &#8216;Bu \u00e7ekimler ise belgesel olarak yay\u0131nlan\u0131yor. Sakarya&#8217;da \u00f6\u011frenci ve veliler d\u00fczenli \u015fekilde kitap okumaya geliyor. \u00fclkemizdeki kitap okuma al\u0131\u015fkanl\u0131\u011f\u0131na katk\u0131da bulunuyorlar. Kamuoyunda s\u00f6ylendi\u011fi gibi kitap okuma al\u0131\u015fkanl\u0131\u011f\u0131nda \u00fclkemiz geri de\u011fil. 10 y\u0131lda bir ki\u015fi kitap okuyor gibi yanl\u0131\u015f bilgiler var. T\u00fcrkiye&#8217;de ki\u015fi ba\u015f\u0131na 8.5 kitap d\u00fc\u015f\u00fcyor. \u00d6\u011fretmen, \u00f6\u011frenci ve velilerimizi bu g\u00fczel hareketlerinden dolay\u0131 kutlar\u0131z&#8217; \u015feklinde konu\u015ftu.<\/p>\n<p style=\"text-align: justify;\" align=\"justify\">Etkinli\u011fe kat\u0131lan \u00f6\u011frenci velisi Ayfer Pi\u015fkin de projenin \u00e7ocuklar ve veliler i\u00e7in ufku a\u00e7an bir uygulama oldu\u011funu belirterek, &#8216;E\u011fitim seviyesini artt\u0131ran ve ses getiren bir uygulama. \u00c7ocuklar i\u00e7in \u0131\u015f\u0131k de\u011fil, bu bir g\u00fcne\u015f olacak. Kitap okumalar\u0131, onlar\u0131n gelece\u011fine b\u00fcy\u00fck katk\u0131 sa\u011flayacak&#8217; diye konu\u015ftu. Dr. Nuri Bayar ilk\u00f6\u011fretim Okulu \u00f6\u011frencisi Melike \u0130layda Topalo\u011flu ise, giri\u015fiminden dolay\u0131 hocas\u0131n\u0131 kutlad\u0131\u011f\u0131n\u0131 dile getirerek, uygulama sayesinde e\u011flendiklerini ve kitap okuduklar\u0131n\u0131 s\u00f6yledi.\u00a0<strong><\/strong><\/p>\n<p style=\"text-align: justify;\" align=\"justify\">Kaynak: <a href=\"http:\/\/www.gazetesakarya.com\/\" target=\"_blank\">http:\/\/www.gazetesakarya.com\/<\/a><\/p>\n","protected":false},"excerpt":{"rendered":"<p>Sakarya&#8217;n\u0131n Adapazar\u0131 il\u00e7esinde ilk\u00f6\u011fretim okulu \u00f6\u011fretmeninin okuma al\u0131\u015fkanl\u0131\u011f\u0131 kazand\u0131rmak amac\u0131yla ba\u015flatt\u0131\u011f\u0131, \u00f6\u011frenci ve velilerle birlikte kitap okuma uygulamas\u0131 K\u00fclt\u00fcr ve Turizm Bakanl\u0131\u011f\u0131nca belgesele d\u00f6n\u00fc\u015ft\u00fcr\u00fclecek. Dr. Nuri Bayar \u0130lk\u00f6\u011fretim Okulu \u00d6\u011fretmeni M\u00fcrvet Ceylan&#8217;\u0131n Sakarya \u0130l Halk K\u00fct\u00fcphanesi&#8217;ne \u00fcye yapt\u0131\u011f\u0131 veliler ayda iki g\u00fcn k\u00fct\u00fcphaneye giderek iki saat boyunca \u00e7ocuklar\u0131yla birlikte kitap okuyor. K\u00fclt\u00fcr ve Turizm Bakanl\u0131\u011f\u0131n\u0131n [&hellip;]<\/p>\n","protected":false},"author":1,"featured_media":0,"comment_status":"open","ping_status":"open","sticky":false,"template":"","format":"standard","meta":{"footnotes":""},"categories":[1495],"tags":[845],"class_list":["post-1121","post","type-post","status-publish","format-standard","hentry","category-kitap-okuma-aliskanligi","tag-okul-kutuphaneleri"],"_links":{"self":[{"href":"https:\/\/www.bbyhaber.com\/bby\/wp-json\/wp\/v2\/posts\/1121"}],"collection":[{"href":"https:\/\/www.bbyhaber.com\/bby\/wp-json\/wp\/v2\/posts"}],"about":[{"href":"https:\/\/www.bbyhaber.com\/bby\/wp-json\/wp\/v2\/types\/post"}],"author":[{"embeddable":true,"href":"https:\/\/www.bbyhaber.com\/bby\/wp-json\/wp\/v2\/users\/1"}],"replies":[{"embeddable":true,"href":"https:\/\/www.bbyhaber.com\/bby\/wp-json\/wp\/v2\/comments?post=1121"}],"version-history":[{"count":0,"href":"https:\/\/www.bbyhaber.com\/bby\/wp-json\/wp\/v2\/posts\/1121\/revisions"}],"wp:attachment":[{"href":"https:\/\/www.bbyhaber.com\/bby\/wp-json\/wp\/v2\/media?parent=1121"}],"wp:term":[{"taxonomy":"category","embeddable":true,"href":"https:\/\/www.bbyhaber.com\/bby\/wp-json\/wp\/v2\/categories?post=1121"},{"taxonomy":"post_tag","embeddable":true,"href":"https:\/\/www.bbyhaber.com\/bby\/wp-json\/wp\/v2\/tags?post=1121"}],"curies":[{"name":"wp","href":"https:\/\/api.w.org\/{rel}","templated":true}]}}