{"id":11209,"date":"2013-06-11T10:14:03","date_gmt":"2013-06-11T07:14:03","guid":{"rendered":"http:\/\/www.bbyhaber.com\/bby\/?p=11209"},"modified":"2013-06-12T13:43:48","modified_gmt":"2013-06-12T10:43:48","slug":"hasan-kalyoncu-universitesi-koy-okuluna-kutuphane-destegi","status":"publish","type":"post","link":"https:\/\/www.bbyhaber.com\/bby\/2013\/06\/11\/hasan-kalyoncu-universitesi-koy-okuluna-kutuphane-destegi","title":{"rendered":"Hasan Kalyoncu \u00dcniversitesi K\u00f6y Okuluna K\u00fct\u00fcphane Deste\u011fi"},"content":{"rendered":"<p style=\"text-align: justify;\">Gaziantep Hasan Kalyoncu \u00dcniversitesi\u2019nin (HK\u00dc) duyarl\u0131 \u00f6\u011frencileri, \u015eahinbey \u0130l\u00e7esi\u2019ne ba\u011fl\u0131 Bayraml\u0131 K\u00f6y\u00fc \u0130lkokulu\u2019na k\u00fct\u00fcphane deste\u011finde bulundu. HK\u00dc \u0130ktisadi, \u0130dari ve Sosyal Bilimler Fak\u00fcltesi, Siyaset Bilimi ve Uluslararas\u0131 \u0130li\u015fkiler B\u00f6l\u00fcm\u00fc 1\u2019nci s\u0131n\u0131f \u00f6\u011frencilerinden Ceyhan Murad, Memduh \u00d6zer ve Alperen Burak Co\u015fkun, \u2018Toplumsal Duyarl\u0131l\u0131k\u2019 dersi ad\u0131 alt\u0131nda k\u00fct\u00fcphane ihtiyac\u0131 oldu\u011funu belirledikleri Bayraml\u0131 K\u00f6y\u00fc \u0130lkokulu i\u00e7in harekete ge\u00e7ti. \u0130lkokula k\u00fct\u00fcphane kurulmas\u0131 i\u00e7in kendi imkanlar\u0131yla kitap toplayan \u00f6\u011frenciler, k\u0131sa s\u00fcrede bir k\u00fct\u00fcphane dolusu kitap say\u0131s\u0131na ula\u015fmay\u0131 ba\u015fard\u0131.<!--more--><\/p>\n<p style=\"text-align: justify;\">Duyarl\u0131 \u00f6\u011frenciler daha sonra toplad\u0131klar\u0131 kitaplarla Bayraml\u0131 K\u00f6y\u00fc \u0130lkokulu\u2019na giderek k\u00fct\u00fcphane olu\u015fturdu. K\u00f6y okulunda \u00e7ocuklarla sohbet edip birlikte yemek yiyen \u00f6\u011frenciler, ayr\u0131ca kitap okuma yar\u0131\u015fmas\u0131, sohbet, futbol gibi \u00e7e\u015fitli aktivitelerde bulundu. \u00c7ocuklara evlerinde okumalar\u0131 i\u00e7in kitap da da\u011f\u0131tan \u00f6\u011frenciler, ihtiya\u00e7 sahibi \u00e7ocuklara kalem, defter ve silgi gibi k\u0131rtasiye malzemeleri da\u011f\u0131tarak \u00f6\u011frenme isteklerine katk\u0131da bulundu.<\/p>\n<p style=\"text-align: justify;\"><a href=\"http:\/\/img6.mynet.com\/yurthaber3\/2013\/week-24\/gaziantep\/hku-ogrencilerinden-koy-okuluna-kutuphane-destegi-c5h.jpg\"><img loading=\"lazy\" decoding=\"async\" class=\"alignnone\" src=\"http:\/\/img6.mynet.com\/yurthaber3\/2013\/week-24\/gaziantep\/hku-ogrencilerinden-koy-okuluna-kutuphane-destegi-c5h.jpg\" alt=\"\" width=\"343\" height=\"257\" \/><\/a><\/p>\n<p>Kaynak: http:\/\/yurthaber.mynet.com\/<\/p>\n","protected":false},"excerpt":{"rendered":"<p>Gaziantep Hasan Kalyoncu \u00dcniversitesi\u2019nin (HK\u00dc) duyarl\u0131 \u00f6\u011frencileri, \u015eahinbey \u0130l\u00e7esi\u2019ne ba\u011fl\u0131 Bayraml\u0131 K\u00f6y\u00fc \u0130lkokulu\u2019na k\u00fct\u00fcphane deste\u011finde bulundu. HK\u00dc \u0130ktisadi, \u0130dari ve Sosyal Bilimler Fak\u00fcltesi, Siyaset Bilimi ve Uluslararas\u0131 \u0130li\u015fkiler B\u00f6l\u00fcm\u00fc 1\u2019nci s\u0131n\u0131f \u00f6\u011frencilerinden Ceyhan Murad, Memduh \u00d6zer ve Alperen Burak Co\u015fkun, \u2018Toplumsal Duyarl\u0131l\u0131k\u2019 dersi ad\u0131 alt\u0131nda k\u00fct\u00fcphane ihtiyac\u0131 oldu\u011funu belirledikleri Bayraml\u0131 K\u00f6y\u00fc \u0130lkokulu i\u00e7in harekete ge\u00e7ti. [&hellip;]<\/p>\n","protected":false},"author":1,"featured_media":0,"comment_status":"open","ping_status":"open","sticky":false,"template":"","format":"standard","meta":{"footnotes":""},"categories":[1,1498],"tags":[],"class_list":["post-11209","post","type-post","status-publish","format-standard","hentry","category-genel","category-koy-kutuphaneleri"],"_links":{"self":[{"href":"https:\/\/www.bbyhaber.com\/bby\/wp-json\/wp\/v2\/posts\/11209"}],"collection":[{"href":"https:\/\/www.bbyhaber.com\/bby\/wp-json\/wp\/v2\/posts"}],"about":[{"href":"https:\/\/www.bbyhaber.com\/bby\/wp-json\/wp\/v2\/types\/post"}],"author":[{"embeddable":true,"href":"https:\/\/www.bbyhaber.com\/bby\/wp-json\/wp\/v2\/users\/1"}],"replies":[{"embeddable":true,"href":"https:\/\/www.bbyhaber.com\/bby\/wp-json\/wp\/v2\/comments?post=11209"}],"version-history":[{"count":0,"href":"https:\/\/www.bbyhaber.com\/bby\/wp-json\/wp\/v2\/posts\/11209\/revisions"}],"wp:attachment":[{"href":"https:\/\/www.bbyhaber.com\/bby\/wp-json\/wp\/v2\/media?parent=11209"}],"wp:term":[{"taxonomy":"category","embeddable":true,"href":"https:\/\/www.bbyhaber.com\/bby\/wp-json\/wp\/v2\/categories?post=11209"},{"taxonomy":"post_tag","embeddable":true,"href":"https:\/\/www.bbyhaber.com\/bby\/wp-json\/wp\/v2\/tags?post=11209"}],"curies":[{"name":"wp","href":"https:\/\/api.w.org\/{rel}","templated":true}]}}