{"id":1117,"date":"2010-12-22T16:51:35","date_gmt":"2010-12-22T16:51:35","guid":{"rendered":"http:\/\/www.bbyhaber.com\/bby\/?p=1117"},"modified":"2011-12-19T19:16:01","modified_gmt":"2011-12-19T19:16:01","slug":"okul-kutuphanecileri-dernegi","status":"publish","type":"post","link":"https:\/\/www.bbyhaber.com\/bby\/2010\/12\/22\/okul-kutuphanecileri-dernegi","title":{"rendered":"Okul K\u00fct\u00fcphanecileri Derne\u011fi"},"content":{"rendered":"<p style=\"text-align: justify;\" align=\"justify\">Bilgi ve Belge Y\u00f6netimi-K\u00fct\u00fcphanecilik alan\u0131nda \u015feffafl\u0131\u011f\u0131, payla\u015f\u0131mc\u0131l\u0131\u011f\u0131, kat\u0131l\u0131mc\u0131l\u0131\u011f\u0131, dayan\u0131\u015fmay\u0131, i\u015fbirli\u011fini ve ekip \u00e7al\u0131\u015fmas\u0131n\u0131 hedefleyen ve bireylerin d\u00fc\u015f\u00fcnceleri ve uygulamalar\u0131yla \u00f6zne oldu\u011fu bir meslek \u00f6rg\u00fct\u00fc olarak <a title=\"Okul K\u00fct\u00fcphanecileri Derne\u011fi\" href=\"http:\/\/www.okd.org.tr\/\" target=\"_blank\">Okul K\u00fct\u00fcphanecileri Derne\u011fi<\/a> \u0130stanbul&#8217;da kurulmu\u015ftur (17\/12\/2010). Derne\u011fin web sayfas\u0131 haz\u0131rlanmaktad\u0131r. Dernek ile ilgili ayr\u0131nt\u0131l\u0131 bilgiler en k\u0131sa zamanda liste \u00fczerinden ve web sayfas\u0131 arac\u0131l\u0131\u011f\u0131yla meslekta\u015f ve kamuoyu ile payla\u015f\u0131lacakt\u0131r.<\/p>\n","protected":false},"excerpt":{"rendered":"<p>Bilgi ve Belge Y\u00f6netimi-K\u00fct\u00fcphanecilik alan\u0131nda \u015feffafl\u0131\u011f\u0131, payla\u015f\u0131mc\u0131l\u0131\u011f\u0131, kat\u0131l\u0131mc\u0131l\u0131\u011f\u0131, dayan\u0131\u015fmay\u0131, i\u015fbirli\u011fini ve ekip \u00e7al\u0131\u015fmas\u0131n\u0131 hedefleyen ve bireylerin d\u00fc\u015f\u00fcnceleri ve uygulamalar\u0131yla \u00f6zne oldu\u011fu bir meslek \u00f6rg\u00fct\u00fc olarak Okul K\u00fct\u00fcphanecileri Derne\u011fi \u0130stanbul&#8217;da kurulmu\u015ftur (17\/12\/2010). Derne\u011fin web sayfas\u0131 haz\u0131rlanmaktad\u0131r. Dernek ile ilgili ayr\u0131nt\u0131l\u0131 bilgiler en k\u0131sa zamanda liste \u00fczerinden ve web sayfas\u0131 arac\u0131l\u0131\u011f\u0131yla meslekta\u015f ve kamuoyu ile payla\u015f\u0131lacakt\u0131r.<\/p>\n","protected":false},"author":1,"featured_media":0,"comment_status":"open","ping_status":"open","sticky":false,"template":"","format":"standard","meta":{"footnotes":""},"categories":[],"tags":[845],"class_list":["post-1117","post","type-post","status-publish","format-standard","hentry","tag-okul-kutuphaneleri"],"_links":{"self":[{"href":"https:\/\/www.bbyhaber.com\/bby\/wp-json\/wp\/v2\/posts\/1117"}],"collection":[{"href":"https:\/\/www.bbyhaber.com\/bby\/wp-json\/wp\/v2\/posts"}],"about":[{"href":"https:\/\/www.bbyhaber.com\/bby\/wp-json\/wp\/v2\/types\/post"}],"author":[{"embeddable":true,"href":"https:\/\/www.bbyhaber.com\/bby\/wp-json\/wp\/v2\/users\/1"}],"replies":[{"embeddable":true,"href":"https:\/\/www.bbyhaber.com\/bby\/wp-json\/wp\/v2\/comments?post=1117"}],"version-history":[{"count":0,"href":"https:\/\/www.bbyhaber.com\/bby\/wp-json\/wp\/v2\/posts\/1117\/revisions"}],"wp:attachment":[{"href":"https:\/\/www.bbyhaber.com\/bby\/wp-json\/wp\/v2\/media?parent=1117"}],"wp:term":[{"taxonomy":"category","embeddable":true,"href":"https:\/\/www.bbyhaber.com\/bby\/wp-json\/wp\/v2\/categories?post=1117"},{"taxonomy":"post_tag","embeddable":true,"href":"https:\/\/www.bbyhaber.com\/bby\/wp-json\/wp\/v2\/tags?post=1117"}],"curies":[{"name":"wp","href":"https:\/\/api.w.org\/{rel}","templated":true}]}}