{"id":11167,"date":"2013-06-05T00:03:12","date_gmt":"2013-06-04T21:03:12","guid":{"rendered":"http:\/\/www.bbyhaber.com\/bby\/?p=11167"},"modified":"2013-06-05T00:03:12","modified_gmt":"2013-06-04T21:03:12","slug":"gezi-parkinin-hizla-buyuyen-kutuphanesi-gezikutuphanesi","status":"publish","type":"post","link":"https:\/\/www.bbyhaber.com\/bby\/2013\/06\/05\/gezi-parkinin-hizla-buyuyen-kutuphanesi-gezikutuphanesi","title":{"rendered":"Gezi Park\u0131&#8217;n\u0131n h\u0131zla b\u00fcy\u00fcyen k\u00fct\u00fcphanesi #gezik\u00fct\u00fcphanesi"},"content":{"rendered":"<p style=\"text-align: justify;\">Taksim&#8217;de ba\u015flay\u0131p t\u00fcm yurda yay\u0131lan &#8220;Gezi Park\u0131&#8221; eylemlerinin 8&#8217;inci g\u00fcn\u00fcnde parkta bir k\u00fct\u00fcphane kurulmaya ba\u015fland\u0131. Yitik \u00dclke Yay\u0131nlar\u0131\u2019n\u0131n, Twitter \u00fczerinden ba\u015flatt\u0131\u011f\u0131 kampanyan\u0131n ard\u0131ndan parktaki eylemcilere kitap da\u011f\u0131tmaya ba\u015flad\u0131. \u0130ki saat i\u00e7erisinde b\u00fcy\u00fcyen kampanyaya di\u011fer yay\u0131nevleri, yazarlar ve sanat\u00e7\u0131lardan da destek geldi. <!--more--><\/p>\n<p style=\"text-align: justify;\">#gezik\u00fct\u00fcphanesi hashtag\u0131 ile k\u0131sa s\u00fcrede b\u00fcy\u00fcyen k\u00fct\u00fcphane kampanya sayesinde ta\u015flardan raf yap\u0131ld\u0131 ve parkta k\u00fct\u00fcphane kuruldu. Mesai bitiminin ard\u0131ndan parka gidenler, yanlar\u0131nda yiyecek ve i\u00e7ece\u011fin yan\u0131 s\u0131ra k\u00fct\u00fcphaneye ba\u011f\u0131\u015flamak i\u00e7in kitap da g\u00f6t\u00fcrmeye ba\u015flad\u0131. K\u0131sa bir s\u00fcrede b\u00fcy\u00fcyen Gezi Park\u0131 K\u00fct\u00fcphanesi&#8217;nin olu\u015fumu &#8220;Gezi Park\u0131, park olarak kals\u0131n, g\u00fczel bir k\u00fct\u00fcphane a\u00e7\u0131ls\u0131n. Yitik \u00dclke Yay\u0131nlar\u0131 olarak kitap deste\u011fi yapal\u0131m, karde\u015flik kazans\u0131n. Zor mu? \u0130\u015fte Gezi Park\u0131&#8217;na yap\u0131lmas\u0131n\u0131 istedi\u011fimiz \u00d6zg\u00fcr K\u00fct\u00fcphane&#8221; mesaj\u0131yla ba\u015flad\u0131.<\/p>\n<p style=\"text-align: justify;\"><a href=\"http:\/\/www.hurriyet.com.tr\/_np\/8940\/20378940.jpg\"><img loading=\"lazy\" decoding=\"async\" class=\"alignnone\" src=\"http:\/\/www.hurriyet.com.tr\/_np\/8940\/20378940.jpg\" alt=\"\" width=\"219\" height=\"150\" \/><\/a> <a href=\"http:\/\/www.hurriyet.com.tr\/_np\/8933\/20378933.jpg\"><img loading=\"lazy\" decoding=\"async\" class=\"alignnone\" src=\"http:\/\/www.hurriyet.com.tr\/_np\/8933\/20378933.jpg\" alt=\"\" width=\"250\" height=\"150\" \/><\/a><\/p>\n<p style=\"text-align: justify;\">Kaynak: http:\/\/www.hurriyet.com.tr\/<\/p>\n","protected":false},"excerpt":{"rendered":"<p>Taksim&#8217;de ba\u015flay\u0131p t\u00fcm yurda yay\u0131lan &#8220;Gezi Park\u0131&#8221; eylemlerinin 8&#8217;inci g\u00fcn\u00fcnde parkta bir k\u00fct\u00fcphane kurulmaya ba\u015fland\u0131. Yitik \u00dclke Yay\u0131nlar\u0131\u2019n\u0131n, Twitter \u00fczerinden ba\u015flatt\u0131\u011f\u0131 kampanyan\u0131n ard\u0131ndan parktaki eylemcilere kitap da\u011f\u0131tmaya ba\u015flad\u0131. \u0130ki saat i\u00e7erisinde b\u00fcy\u00fcyen kampanyaya di\u011fer yay\u0131nevleri, yazarlar ve sanat\u00e7\u0131lardan da destek geldi.<\/p>\n","protected":false},"author":1,"featured_media":0,"comment_status":"open","ping_status":"open","sticky":false,"template":"","format":"standard","meta":{"footnotes":""},"categories":[1],"tags":[494],"class_list":["post-11167","post","type-post","status-publish","format-standard","hentry","category-genel","tag-gezi-parki"],"_links":{"self":[{"href":"https:\/\/www.bbyhaber.com\/bby\/wp-json\/wp\/v2\/posts\/11167"}],"collection":[{"href":"https:\/\/www.bbyhaber.com\/bby\/wp-json\/wp\/v2\/posts"}],"about":[{"href":"https:\/\/www.bbyhaber.com\/bby\/wp-json\/wp\/v2\/types\/post"}],"author":[{"embeddable":true,"href":"https:\/\/www.bbyhaber.com\/bby\/wp-json\/wp\/v2\/users\/1"}],"replies":[{"embeddable":true,"href":"https:\/\/www.bbyhaber.com\/bby\/wp-json\/wp\/v2\/comments?post=11167"}],"version-history":[{"count":0,"href":"https:\/\/www.bbyhaber.com\/bby\/wp-json\/wp\/v2\/posts\/11167\/revisions"}],"wp:attachment":[{"href":"https:\/\/www.bbyhaber.com\/bby\/wp-json\/wp\/v2\/media?parent=11167"}],"wp:term":[{"taxonomy":"category","embeddable":true,"href":"https:\/\/www.bbyhaber.com\/bby\/wp-json\/wp\/v2\/categories?post=11167"},{"taxonomy":"post_tag","embeddable":true,"href":"https:\/\/www.bbyhaber.com\/bby\/wp-json\/wp\/v2\/tags?post=11167"}],"curies":[{"name":"wp","href":"https:\/\/api.w.org\/{rel}","templated":true}]}}