{"id":11165,"date":"2013-06-04T10:48:46","date_gmt":"2013-06-04T07:48:46","guid":{"rendered":"http:\/\/www.bbyhaber.com\/bby\/?p=11165"},"modified":"2013-06-04T10:48:46","modified_gmt":"2013-06-04T07:48:46","slug":"canakkalede-otobus-duragina-kitaplik-yapildi","status":"publish","type":"post","link":"https:\/\/www.bbyhaber.com\/bby\/2013\/06\/04\/canakkalede-otobus-duragina-kitaplik-yapildi","title":{"rendered":"\u00c7anakkale&#8217;de otob\u00fcs dura\u011f\u0131na kitapl\u0131k yap\u0131ld\u0131"},"content":{"rendered":"<p style=\"text-align: justify;\"><img loading=\"lazy\" decoding=\"async\" class=\"alignleft\" src=\"http:\/\/i.sabah.com.tr\/sbh\/2013\/05\/24\/Haber\/592626646226.png\" alt=\"\" width=\"157\" height=\"158\" \/>\u00c7anakkale&#8217;de ilgin\u00e7 bir proje hayata ge\u00e7irildi. Vatanda\u015flar\u0131n okuma al\u0131\u015fkanl\u0131klar\u0131n\u0131 art\u0131rmak i\u00e7in otob\u00fcs duraklar\u0131na kitap projesi ba\u015flat\u0131ld\u0131. Proje kapsam\u0131nda bir otob\u00fcs dura\u011f\u0131nda ilk kitapl\u0131k a\u00e7\u0131ld\u0131. \u0130ldeki okuma oran\u0131n\u0131 art\u0131rmak i\u00e7in ba\u015flat\u0131lan projenin ilk \u00f6rne\u011fi, Demircio\u011flu Caddesi&#8217;ndeki Anadolu \u00d6\u011fretmen Lisesi Dura\u011f\u0131&#8217;nda uyguland\u0131. \u00c7anakkale Belediye Ba\u015fkan\u0131 \u00dclg\u00fcr G\u00f6khan&#8217;\u0131n da kat\u0131l\u0131m\u0131yla kitapl\u0131k a\u00e7\u0131ld\u0131. <!--more--><\/p>\n<p style=\"text-align: justify;\">Ard\u0131ndan \u00e7e\u015fitli kitaplar, \u00c7anakkale&#8217;ye ait dergiler ve yerel gazeteler koyuldu. \u0130lgi g\u00f6rmesi durumunda merkezdeki 200 civar\u0131nda otob\u00fcs dura\u011f\u0131na ayn\u0131 \u015fekilde kitapl\u0131k kurulacak. Konu hakk\u0131nda a\u00e7\u0131klama yapan Ba\u015fkan G\u00f6khan, \u015fehirdeki okuma oran\u0131n\u0131 art\u0131rmak i\u00e7in b\u00f6yle bir projeyi uygulamaya koyduklar\u0131n\u0131 belirterek, kitaplar\u0131 halk\u0131n aya\u011f\u0131na kadar g\u00f6t\u00fcrd\u00fcklerini s\u00f6yledi. G\u00f6khan, &#8220;Amac\u0131m\u0131z, halk\u0131m\u0131z\u0131 bilin\u00e7lendirmek ve kitap okuma oran\u0131n\u0131 art\u0131rmakt\u0131r. \u0130n\u015fallah halk\u0131m\u0131z\u0131n da olumlu tepki verece\u011fini d\u00fc\u015f\u00fcn\u00fcyoruz ve projenin devam etmesini istiyoruz.&#8221; dedi.<\/p>\n<p>Kaynak: http:\/\/www.sabah.com.tr<\/p>\n","protected":false},"excerpt":{"rendered":"<p>\u00c7anakkale&#8217;de ilgin\u00e7 bir proje hayata ge\u00e7irildi. Vatanda\u015flar\u0131n okuma al\u0131\u015fkanl\u0131klar\u0131n\u0131 art\u0131rmak i\u00e7in otob\u00fcs duraklar\u0131na kitap projesi ba\u015flat\u0131ld\u0131. Proje kapsam\u0131nda bir otob\u00fcs dura\u011f\u0131nda ilk kitapl\u0131k a\u00e7\u0131ld\u0131. \u0130ldeki okuma oran\u0131n\u0131 art\u0131rmak i\u00e7in ba\u015flat\u0131lan projenin ilk \u00f6rne\u011fi, Demircio\u011flu Caddesi&#8217;ndeki Anadolu \u00d6\u011fretmen Lisesi Dura\u011f\u0131&#8217;nda uyguland\u0131. \u00c7anakkale Belediye Ba\u015fkan\u0131 \u00dclg\u00fcr G\u00f6khan&#8217;\u0131n da kat\u0131l\u0131m\u0131yla kitapl\u0131k a\u00e7\u0131ld\u0131.<\/p>\n","protected":false},"author":1,"featured_media":0,"comment_status":"open","ping_status":"open","sticky":false,"template":"","format":"standard","meta":{"footnotes":""},"categories":[1,1504],"tags":[],"class_list":["post-11165","post","type-post","status-publish","format-standard","hentry","category-genel","category-sokak-kutuphaneleri"],"_links":{"self":[{"href":"https:\/\/www.bbyhaber.com\/bby\/wp-json\/wp\/v2\/posts\/11165"}],"collection":[{"href":"https:\/\/www.bbyhaber.com\/bby\/wp-json\/wp\/v2\/posts"}],"about":[{"href":"https:\/\/www.bbyhaber.com\/bby\/wp-json\/wp\/v2\/types\/post"}],"author":[{"embeddable":true,"href":"https:\/\/www.bbyhaber.com\/bby\/wp-json\/wp\/v2\/users\/1"}],"replies":[{"embeddable":true,"href":"https:\/\/www.bbyhaber.com\/bby\/wp-json\/wp\/v2\/comments?post=11165"}],"version-history":[{"count":0,"href":"https:\/\/www.bbyhaber.com\/bby\/wp-json\/wp\/v2\/posts\/11165\/revisions"}],"wp:attachment":[{"href":"https:\/\/www.bbyhaber.com\/bby\/wp-json\/wp\/v2\/media?parent=11165"}],"wp:term":[{"taxonomy":"category","embeddable":true,"href":"https:\/\/www.bbyhaber.com\/bby\/wp-json\/wp\/v2\/categories?post=11165"},{"taxonomy":"post_tag","embeddable":true,"href":"https:\/\/www.bbyhaber.com\/bby\/wp-json\/wp\/v2\/tags?post=11165"}],"curies":[{"name":"wp","href":"https:\/\/api.w.org\/{rel}","templated":true}]}}