{"id":11161,"date":"2013-06-03T14:36:35","date_gmt":"2013-06-03T11:36:35","guid":{"rendered":"http:\/\/www.bbyhaber.com\/bby\/?p=11161"},"modified":"2013-07-06T15:21:26","modified_gmt":"2013-07-06T12:21:26","slug":"kamu-ihale-kurumu-buro-gorevlisi-alim-ilani-son-basvuru-tarihi-05-07-2013","status":"publish","type":"post","link":"https:\/\/www.bbyhaber.com\/bby\/2013\/06\/03\/kamu-ihale-kurumu-buro-gorevlisi-alim-ilani-son-basvuru-tarihi-05-07-2013","title":{"rendered":"Kamu \u0130hale Kurumu B\u00fcro G\u00f6revlisi Al\u0131m \u0130lan\u0131-Son Ba\u015fvuru Tarihi-05.07.2013"},"content":{"rendered":"<p style=\"text-align: justify;\"><a href=\"http:\/\/www.bbyhaber.com\/bby\/category\/bby-is-ilanlari\/\"><img loading=\"lazy\" decoding=\"async\" class=\"alignleft colorbox-9771\" src=\"http:\/\/www.bbyhaber.com\/bby\/wp-content\/uploads\/is-ilanlari-arsivi.jpg\" alt=\"\" width=\"250\" height=\"150\" \/><\/a>Kamu \u0130hale Kurumunda istihdam edilmek \u00fczere a\u015fa\u011f\u0131da unvan ve say\u0131lar\u0131 belirtilen kadrolar i\u00e7in personel al\u0131m\u0131 yap\u0131lacakt\u0131r.<\/p>\n<p style=\"text-align: justify;\"><strong>BA\u015eVURU \u015eEKL\u0130 VE YER\u0130:<\/strong><\/p>\n<p style=\"text-align: justify;\">Ba\u015fvurular <strong><span style=\"color: #ff0000;\">24 Haziran 2013<\/span><\/strong> tarihinde ba\u015flayacak olup, <span style=\"color: #ff0000;\"><strong>5 Temmuz 2013<\/strong><\/span> tarihi mesai bitiminde sona erecektir. Adaylar; s\u0131nava kat\u0131labilmek i\u00e7in Kurumun resmi internet sitesinde (www.ihale.gov.tr) yer alan &#8220;2013 Y\u0131l\u0131 A\u00e7\u0131ktan Atama S\u00f6zl\u00fc Giri\u015f S\u0131nav\u0131&#8221; mod\u00fcl\u00fc i\u00e7indeki <!--more-->&#8220;S\u0131nav Ba\u015fvuru Formunu&#8221; elektronik ortamda eksiksiz olarak doldurduktan sonra ba\u015fvuru i\u00e7in istenen belgeleri taray\u0131c\u0131da (scanner) taratmak suretiyle s\u00f6z konusu mod\u00fcle ekleyerek, elektronik ortamda s\u0131nav ba\u015fvurusunu tamamlam\u0131\u015f olacakt\u0131r. Ba\u015fvuru formu ve ekleri aday taraf\u0131ndan \u015fahsen veya posta yoluyla g\u00f6nderilmeyecek olup, belirtilen g\u00fcn ve saate kadar Kuruma elektronik ortamda ula\u015fmayan ba\u015fvurular ile ba\u015fvuru i\u00e7in gerekli belgeleri bulunmayan veya eksik olan ba\u015fvurular dikkate al\u0131nmayacak ve belgelerin sonradan tamamlanmas\u0131 da m\u00fcmk\u00fcn olmayacakt\u0131r.<\/p>\n<table style=\"width: 500px;\" border=\"1\" cellspacing=\"1\" cellpadding=\"1\">\n<tbody>\n<tr>\n<td><strong>UNVAN<\/strong><\/td>\n<td><strong>KADRO<\/strong><br \/>\n<strong>SAYISI<\/strong><\/td>\n<td><strong>S\u00d6ZL\u00dc SINAVA<\/strong><br \/>\n<strong>\u00c7A\u011eIRILACAK<\/strong><br \/>\n<strong>ADAY SAYISI<\/strong><\/td>\n<td><strong>KPSS<\/strong><br \/>\n<strong>PUAN T\u00dcR\u00dc<\/strong><\/td>\n<td><strong>GEREKL\u0130<\/strong><br \/>\n<strong>\u015eARTLAR<\/strong><\/td>\n<\/tr>\n<tr>\n<td><strong><span style=\"color: #ff0000;\">B\u00fcro G\u00f6revlisi<\/span><\/strong><\/td>\n<td><strong><span style=\"color: #ff0000;\">5<\/span><\/strong><\/td>\n<td><strong>25<\/strong><\/td>\n<td><strong>KPSS P3<\/strong><\/td>\n<td>En az d\u00f6rt y\u0131ll\u0131k e\u011fitim veren; Hukuk, \u0130ktisat, Siyasal Bilgiler, \u0130\u015fletme, \u0130ktisadi ve \u0130dari Bilimler, \u0130leti\u015fim Fak\u00fclteleri ile fak\u00fcltelerin Matematik, \u0130statistik,T\u00fcrk Dili ve Edebiyat\u0131, <strong><span style=\"color: #ff0000;\">Bilgi ve Belge Y\u00f6netimi<\/span><\/strong>,\u00a0 <strong><span style=\"color: #ff0000;\">Ar\u015fivcilik, K\u00fct\u00fcphanecilik <\/span><\/strong><span style=\"color: #ff0000;\"><span style=\"color: #000000;\">lisans<\/span><\/span> programlar\u0131ndan mezun olmak.<\/td>\n<\/tr>\n<\/tbody>\n<\/table>\n<p><a href=\"http:\/\/ilan.memurlar.net\/ilan\/23850\/\" target=\"_blank\"><span style=\"color: #0000ff;\"><strong>Daha fazla bilgi ve belge i\u00e7in t\u0131klay\u0131n\u0131z<\/strong><\/span><\/a><\/p>\n","protected":false},"excerpt":{"rendered":"<p>Kamu \u0130hale Kurumunda istihdam edilmek \u00fczere a\u015fa\u011f\u0131da unvan ve say\u0131lar\u0131 belirtilen kadrolar i\u00e7in personel al\u0131m\u0131 yap\u0131lacakt\u0131r. BA\u015eVURU \u015eEKL\u0130 VE YER\u0130: Ba\u015fvurular 24 Haziran 2013 tarihinde ba\u015flayacak olup, 5 Temmuz 2013 tarihi mesai bitiminde sona erecektir. Adaylar; s\u0131nava kat\u0131labilmek i\u00e7in Kurumun resmi internet sitesinde (www.ihale.gov.tr) yer alan &#8220;2013 Y\u0131l\u0131 A\u00e7\u0131ktan Atama S\u00f6zl\u00fc Giri\u015f S\u0131nav\u0131&#8221; mod\u00fcl\u00fc i\u00e7indeki<\/p>\n","protected":false},"author":1,"featured_media":0,"comment_status":"open","ping_status":"open","sticky":false,"template":"","format":"standard","meta":{"footnotes":""},"categories":[],"tags":[1393],"class_list":["post-11161","post","type-post","status-publish","format-standard","hentry","tag-bby-is-ilanlari-arsivi"],"_links":{"self":[{"href":"https:\/\/www.bbyhaber.com\/bby\/wp-json\/wp\/v2\/posts\/11161"}],"collection":[{"href":"https:\/\/www.bbyhaber.com\/bby\/wp-json\/wp\/v2\/posts"}],"about":[{"href":"https:\/\/www.bbyhaber.com\/bby\/wp-json\/wp\/v2\/types\/post"}],"author":[{"embeddable":true,"href":"https:\/\/www.bbyhaber.com\/bby\/wp-json\/wp\/v2\/users\/1"}],"replies":[{"embeddable":true,"href":"https:\/\/www.bbyhaber.com\/bby\/wp-json\/wp\/v2\/comments?post=11161"}],"version-history":[{"count":0,"href":"https:\/\/www.bbyhaber.com\/bby\/wp-json\/wp\/v2\/posts\/11161\/revisions"}],"wp:attachment":[{"href":"https:\/\/www.bbyhaber.com\/bby\/wp-json\/wp\/v2\/media?parent=11161"}],"wp:term":[{"taxonomy":"category","embeddable":true,"href":"https:\/\/www.bbyhaber.com\/bby\/wp-json\/wp\/v2\/categories?post=11161"},{"taxonomy":"post_tag","embeddable":true,"href":"https:\/\/www.bbyhaber.com\/bby\/wp-json\/wp\/v2\/tags?post=11161"}],"curies":[{"name":"wp","href":"https:\/\/api.w.org\/{rel}","templated":true}]}}