{"id":11158,"date":"2013-06-02T23:08:03","date_gmt":"2013-06-02T20:08:03","guid":{"rendered":"http:\/\/www.bbyhaber.com\/bby\/?p=11158"},"modified":"2015-02-17T13:56:37","modified_gmt":"2015-02-17T11:56:37","slug":"ankos-kits-calistayi","status":"publish","type":"post","link":"https:\/\/www.bbyhaber.com\/bby\/2013\/06\/02\/ankos-kits-calistayi","title":{"rendered":"ANKOS III. Ulusal Akademik  Kaynak Payla\u015f\u0131m \u00c7al\u0131\u015ftay\u0131-13-14 Eyl\u00fcl 2013"},"content":{"rendered":"<p style=\"text-align: justify;\"><img loading=\"lazy\" decoding=\"async\" class=\"alignleft\" src=\"http:\/\/www.bbyhaber.com\/bby\/wp-content\/uploads\/bby-dernek-logolar\/kits_logo.png\" alt=\"\" width=\"164\" height=\"86\" \/><img loading=\"lazy\" decoding=\"async\" class=\"alignleft\" src=\"http:\/\/www.bbyhaber.com\/bby\/wp-content\/uploads\/bby-dernek-logolar\/ankos-logo.gif\" alt=\"\" width=\"164\" height=\"86\" \/>ANKOS Ulusal Akademik Kaynak Payla\u015f\u0131m \u00c7al\u0131\u015ftaylar\u0131n\u0131n ilki; 16 Nisan 2010 tarihinde Kadir Has \u00dcniversitesi ev sahipli\u011finde, ikincisi 25-26 Kas\u0131m 2011 tarihinde Fatih Sultan Mehmet Vak\u0131f \u00dcniversitesi ev sahipli\u011finde geni\u015f kat\u0131l\u0131mlarla ger\u00e7ekle\u015ftirilmi\u015ftir. Akademik kurumlardan, kaynak payla\u015f\u0131m hizmetlerini y\u00fcr\u00fcten\u00a0 k\u00fct\u00fcphanecilerin kat\u0131ld\u0131\u011f\u0131 \u00e7al\u0131\u015ftaylar, hem meslekta\u015flar\u0131n tan\u0131\u015fmalar\u0131n\u0131 sa\u011fl\u0131yor hem de g\u00fcncel konular\u0131n tart\u0131\u015f\u0131larak ortak kararlar al\u0131nmas\u0131na ve politikalar olu\u015fturulmas\u0131na imkan sa\u011fl\u0131yor.<!--more--><\/p>\n<p><span style=\"color: #0000ff;\"><strong>ANKOS III. Ulusal Akademik Kaynak Payla\u015f\u0131m \u00c7al\u0131\u015ftay\u0131\u2019n\u0131n \u201cElektronik Kaynaklar\u0131n Payla\u015f\u0131m\u0131:Haklar ve K\u0131s\u0131tlar\u201d temas\u0131 ile 13-14 Eyl\u00fcl 2013 tarihlerinde ANKOS \u0130\u015fbirli\u011fi Grubu\u2019nun organizasyonu ve Hitit \u00dcniversitesi<\/strong><\/span>\u00a0 ev sahipli\u011finde ger\u00e7ekle\u015ftirilmesi planlanmaktad\u0131r.<\/p>\n<p><span style=\"color: #ff0000;\"><strong>Konular:<\/strong><\/span><\/p>\n<p>\u201cElektronik Kaynaklar\u0131n Payla\u015f\u0131m\u0131 :Haklar ve K\u0131s\u0131tlar\u201d temal\u0131 \u00e7al\u0131\u015ftay kapsam\u0131nda yer almas\u0131 planlanan alt konular\u00a0 a\u015fa\u011f\u0131da listelenmi\u015ftir.<\/p>\n<p>E-kitap ve e-dergi gibi elektronik kaynaklar\u0131n payla\u015f\u0131m\u0131 i\u00e7in k\u0131s\u0131tlar ve \u00e7\u00f6z\u00fcmler: Lisans anla\u015fmalar\u0131 ne diyor ?<\/p>\n<p>E-Kaynak Payla\u015f\u0131m\u0131n\u0131n Hukuki boyutu<\/p>\n<p>Yay\u0131nc\u0131 cephesinden E-Kaynak payla\u015f\u0131m\u0131<\/p>\n<p>E-Kaynaklar ve K\u0130TS Uygulamas\u0131: G\u00fcvenli aktar\u0131m ortam\u0131 ile payla\u015f\u0131m.<\/p>\n<p>K\u0130TS geli\u015fim, yenilikler, istatistikler<\/p>\n<p>ANKOS Personel De\u011fi\u015fim Program\u0131<\/p>\n<p style=\"text-align: justify;\"><a href=\"http:\/\/kits.ankos.gen.tr\/calistay\/2013\/index.php\" target=\"_blank\"><span style=\"color: #0000ff;\"><strong>\u00c7al\u0131\u015ftay web sayfas\u0131 i\u00e7in l\u00fctfen t\u0131klay\u0131n\u0131z<\/strong><\/span><\/a><\/p>\n","protected":false},"excerpt":{"rendered":"<p>ANKOS Ulusal Akademik Kaynak Payla\u015f\u0131m \u00c7al\u0131\u015ftaylar\u0131n\u0131n ilki; 16 Nisan 2010 tarihinde Kadir Has \u00dcniversitesi ev sahipli\u011finde, ikincisi 25-26 Kas\u0131m 2011 tarihinde Fatih Sultan Mehmet Vak\u0131f \u00dcniversitesi ev sahipli\u011finde geni\u015f kat\u0131l\u0131mlarla ger\u00e7ekle\u015ftirilmi\u015ftir. Akademik kurumlardan, kaynak payla\u015f\u0131m hizmetlerini y\u00fcr\u00fcten\u00a0 k\u00fct\u00fcphanecilerin kat\u0131ld\u0131\u011f\u0131 \u00e7al\u0131\u015ftaylar, hem meslekta\u015flar\u0131n tan\u0131\u015fmalar\u0131n\u0131 sa\u011fl\u0131yor hem de g\u00fcncel konular\u0131n tart\u0131\u015f\u0131larak ortak kararlar al\u0131nmas\u0131na ve politikalar olu\u015fturulmas\u0131na [&hellip;]<\/p>\n","protected":false},"author":1,"featured_media":0,"comment_status":"open","ping_status":"open","sticky":false,"template":"","format":"standard","meta":{"footnotes":""},"categories":[],"tags":[1015,1395],"class_list":["post-11158","post","type-post","status-publish","format-standard","hentry","tag-ankos","tag-bby-mesleki-etkinlikler-arsivi"],"_links":{"self":[{"href":"https:\/\/www.bbyhaber.com\/bby\/wp-json\/wp\/v2\/posts\/11158"}],"collection":[{"href":"https:\/\/www.bbyhaber.com\/bby\/wp-json\/wp\/v2\/posts"}],"about":[{"href":"https:\/\/www.bbyhaber.com\/bby\/wp-json\/wp\/v2\/types\/post"}],"author":[{"embeddable":true,"href":"https:\/\/www.bbyhaber.com\/bby\/wp-json\/wp\/v2\/users\/1"}],"replies":[{"embeddable":true,"href":"https:\/\/www.bbyhaber.com\/bby\/wp-json\/wp\/v2\/comments?post=11158"}],"version-history":[{"count":0,"href":"https:\/\/www.bbyhaber.com\/bby\/wp-json\/wp\/v2\/posts\/11158\/revisions"}],"wp:attachment":[{"href":"https:\/\/www.bbyhaber.com\/bby\/wp-json\/wp\/v2\/media?parent=11158"}],"wp:term":[{"taxonomy":"category","embeddable":true,"href":"https:\/\/www.bbyhaber.com\/bby\/wp-json\/wp\/v2\/categories?post=11158"},{"taxonomy":"post_tag","embeddable":true,"href":"https:\/\/www.bbyhaber.com\/bby\/wp-json\/wp\/v2\/tags?post=11158"}],"curies":[{"name":"wp","href":"https:\/\/api.w.org\/{rel}","templated":true}]}}